{"id":10464,"date":"2022-05-09T16:00:00","date_gmt":"2022-05-09T16:00:00","guid":{"rendered":"http:\/\/cuernavaca.gob.mx\/?p=10464"},"modified":"2025-05-06T11:18:23","modified_gmt":"2025-05-06T17:18:23","slug":"panteones-municipales-de-cuernavaca-listos-para-recibir-a-visitantes-este-10-de-mayo","status":"publish","type":"post","link":"https:\/\/cuernavaca.gob.mx\/?p=10464","title":{"rendered":"Panteones municipales de Cuernavaca listos para recibir a visitantes este 10 de mayo"},"content":{"rendered":"\n<p><strong>Estar\u00e1n abiertos de 08:00 a 18:00 horas respetando los protocolos sanitarios como el uso del cubrebocas y acortar los tiempos de permanencia<\/strong><\/p>\n\n\n\n<p>Tras casi dos a\u00f1os de permanecer cerrados por la pandemia de Covid-19, el Ayuntamiento de Cuernavaca informa que con motivo del D\u00eda de las Madres los panteones municipales estar\u00e1n abiertos en horario regular, de 8:00 a 18:00 horas, pidiendo a la poblaci\u00f3n cumplir con el uso del cubrebocas en todo momento y acortar el tiempo de permanencia.<\/p>\n\n\n\n<p>El secretario de Desarrollo Sustentable y Servicios P\u00fablicos, Pablo Aguilar Ochoa, inform\u00f3 que, en base a las recomendaciones emitidas por las autoridades de salud, los panteones municipales de Cuernavaca est\u00e1n listos para recibir a los usuarios este 10 de mayo, cumpliendo con las medidas sanitarias, pero tambi\u00e9n con la limpieza, al prever una gran afluencia de visitantes.<\/p>\n\n\n\n<p>Se\u00f1al\u00f3 que durante los \u00faltimos 30 d\u00edas la dependencia a su cargo se ha dedicado a darles mayor mantenimiento del que se ha estado efectuando desde el primer d\u00eda de la administraci\u00f3n municipal, ordenando y recogiendo el desecho vegetal y org\u00e1nico acumulado que les fue heredado en estos espacios.<\/p>\n\n\n\n<p>Aguilar Ochoa hizo un llamado a la ciudadan\u00eda a no permanecer por m\u00e1s de dos horas en cualquiera de los 7 cementerios para evitar aglomeraciones, posibles contagios y poner en riesgos a los adultos mayores, as\u00ed como no dejar de lado los protocolos sanitarios ya conocidos, como el uso del cubrebocas en todo momento.<\/p>\n\n\n\n<figure class=\"wp-container-2 wp-block-gallery-1 wp-block-gallery has-nested-images columns-default is-cropped\">\n<figure class=\"wp-block-image size-large\"><img loading=\"lazy\" width=\"1024\" height=\"768\" data-id=\"10467\"  src=\"https:\/\/cuernavaca.gob.mx\/wp-content\/uploads\/2022\/05\/Panteones-municipales-01.jpg\" alt=\"\" class=\"wp-image-10467\" srcset=\"https:\/\/cuernavaca.gob.mx\/wp-content\/uploads\/2022\/05\/Panteones-municipales-01.jpg 1024w, https:\/\/cuernavaca.gob.mx\/wp-content\/uploads\/2022\/05\/Panteones-municipales-01-300x225.jpg 300w, https:\/\/cuernavaca.gob.mx\/wp-content\/uploads\/2022\/05\/Panteones-municipales-01-768x576.jpg 768w, https:\/\/cuernavaca.gob.mx\/wp-content\/uploads\/2022\/05\/Panteones-municipales-01-600x450.jpg 600w, https:\/\/cuernavaca.gob.mx\/wp-content\/uploads\/2022\/05\/Panteones-municipales-01-560x420.jpg 560w\" sizes=\"(max-width: 1024px) 100vw, 1024px\" \/><\/figure>\n\n\n\n<figure class=\"wp-block-image size-large\"><img loading=\"lazy\" width=\"1024\" height=\"768\" data-id=\"10466\"  src=\"https:\/\/cuernavaca.gob.mx\/wp-content\/uploads\/2022\/05\/Panteones-municipales-02.jpg\" alt=\"\" class=\"wp-image-10466\" srcset=\"https:\/\/cuernavaca.gob.mx\/wp-content\/uploads\/2022\/05\/Panteones-municipales-02.jpg 1024w, https:\/\/cuernavaca.gob.mx\/wp-content\/uploads\/2022\/05\/Panteones-municipales-02-300x225.jpg 300w, https:\/\/cuernavaca.gob.mx\/wp-content\/uploads\/2022\/05\/Panteones-municipales-02-768x576.jpg 768w, https:\/\/cuernavaca.gob.mx\/wp-content\/uploads\/2022\/05\/Panteones-municipales-02-600x450.jpg 600w, https:\/\/cuernavaca.gob.mx\/wp-content\/uploads\/2022\/05\/Panteones-municipales-02-560x420.jpg 560w\" sizes=\"(max-width: 1024px) 100vw, 1024px\" \/><\/figure>\n\n\n\n<figure class=\"wp-block-image size-large\"><img loading=\"lazy\" width=\"768\" height=\"1024\" data-id=\"10465\"  src=\"https:\/\/cuernavaca.gob.mx\/wp-content\/uploads\/2022\/05\/Panteones-municipales-03.jpg\" alt=\"\" class=\"wp-image-10465\" srcset=\"https:\/\/cuernavaca.gob.mx\/wp-content\/uploads\/2022\/05\/Panteones-municipales-03.jpg 768w, https:\/\/cuernavaca.gob.mx\/wp-content\/uploads\/2022\/05\/Panteones-municipales-03-225x300.jpg 225w, https:\/\/cuernavaca.gob.mx\/wp-content\/uploads\/2022\/05\/Panteones-municipales-03-450x600.jpg 450w, https:\/\/cuernavaca.gob.mx\/wp-content\/uploads\/2022\/05\/Panteones-municipales-03-420x560.jpg 420w\" sizes=\"(max-width: 768px) 100vw, 768px\" \/><\/figure>\n<\/figure>\n","protected":false},"excerpt":{"rendered":"<p>Estar\u00e1n abiertos de 08:00 a 18:00 horas respetando los protocolos sanitarios como el uso del cubrebocas y acortar los tiempos de permanencia Tras casi dos a\u00f1os de permanecer cerrados por la pandemia de Covid-19, el Ayuntamiento de Cuernavaca informa que con motivo del D\u00eda de las Madres los panteones municipales estar\u00e1n abiertos en horario regular, [&hellip;]<\/p>\n","protected":false},"author":1,"featured_media":10466,"comment_status":"closed","ping_status":"closed","sticky":false,"template":"","format":"standard","meta":[],"categories":[20,208],"tags":[654,655,354,121,120,218,219,653],"aioseo_notices":[],"_links":{"self":[{"href":"https:\/\/cuernavaca.gob.mx\/index.php?rest_route=\/wp\/v2\/posts\/10464"}],"collection":[{"href":"https:\/\/cuernavaca.gob.mx\/index.php?rest_route=\/wp\/v2\/posts"}],"about":[{"href":"https:\/\/cuernavaca.gob.mx\/index.php?rest_route=\/wp\/v2\/types\/post"}],"author":[{"embeddable":true,"href":"https:\/\/cuernavaca.gob.mx\/index.php?rest_route=\/wp\/v2\/users\/1"}],"replies":[{"embeddable":true,"href":"https:\/\/cuernavaca.gob.mx\/index.php?rest_route=%2Fwp%2Fv2%2Fcomments&post=10464"}],"version-history":[{"count":2,"href":"https:\/\/cuernavaca.gob.mx\/index.php?rest_route=\/wp\/v2\/posts\/10464\/revisions"}],"predecessor-version":[{"id":10469,"href":"https:\/\/cuernavaca.gob.mx\/index.php?rest_route=\/wp\/v2\/posts\/10464\/revisions\/10469"}],"wp:featuredmedia":[{"embeddable":true,"href":"https:\/\/cuernavaca.gob.mx\/index.php?rest_route=\/wp\/v2\/media\/10466"}],"wp:attachment":[{"href":"https:\/\/cuernavaca.gob.mx\/index.php?rest_route=%2Fwp%2Fv2%2Fmedia&parent=10464"}],"wp:term":[{"taxonomy":"category","embeddable":true,"href":"https:\/\/cuernavaca.gob.mx\/index.php?rest_route=%2Fwp%2Fv2%2Fcategories&post=10464"},{"taxonomy":"post_tag","embeddable":true,"href":"https:\/\/cuernavaca.gob.mx\/index.php?rest_route=%2Fwp%2Fv2%2Ftags&post=10464"}],"curies":[{"name":"wp","href":"https:\/\/api.w.org\/{rel}","templated":true}]}}