{"id":10523,"date":"2022-05-10T12:00:00","date_gmt":"2022-05-10T12:00:00","guid":{"rendered":"http:\/\/cuernavaca.gob.mx\/?p=10523"},"modified":"2025-05-06T11:18:23","modified_gmt":"2025-05-06T17:18:23","slug":"respaldo-del-ayuntamiento-al-comercio-establecido-para-reactivar-la-economia-local-de-cuernavaca","status":"publish","type":"post","link":"https:\/\/cuernavaca.gob.mx\/?p=10523","title":{"rendered":"Respaldo del Ayuntamiento al comercio establecido para reactivar la econom\u00eda local de Cuernavaca"},"content":{"rendered":"\n<p><strong>El presidente municipal particip\u00f3 en reuni\u00f3n de integrantes del Consejo Directivo de la CANACO Servytur<\/strong><\/p>\n\n\n\n<p><strong>Se les solicit\u00f3 aprovechar los descuentos y condonaciones para regularizar licencias de funcionamiento<\/strong><\/p>\n\n\n\n<p>El ordenamiento del comercio informal que representa una competencia desleal para el comercio establecido, es un tema que tendr\u00e1 resultados en esta administraci\u00f3n mediante el di\u00e1logo y los acuerdos que se asuman en lo individual o a trav\u00e9s de los liderazgos que estos grupos, porque es por el bien de Cuernavaca, sostuvo el presidente municipal Jos\u00e9 Luis Uri\u00f3stegui Salgado.<\/p>\n\n\n\n<p>Al participar como invitado en reuni\u00f3n de trabajo con el Consejo Directivo de la C\u00e1mara Nacional de Comercio y Servicios Tur\u00edsticos (CANACO Servytur) Cuernavaca, el alcalde capitalino se\u00f1al\u00f3 que es importante la recuperaci\u00f3n de los espacios p\u00fablicos de la ciudad, que va de la mano con el mejoramiento y rescate de la imagen urbana, que al lograrlo significar\u00e1 un atractivo para la detonaci\u00f3n econ\u00f3mica que se requiere.<\/p>\n\n\n\n<p>Tras escuchar a los responsables de las diferentes carteras del Consejo Directivo de CANACO Cuernavaca, que preside Rodrigo L\u00f3pez Laguardia, en temas relacionados a servicios p\u00fablicos, mejora regulatoria, seguridad, obras p\u00fablicas y protecci\u00f3n civil, Jos\u00e9 Luis Uri\u00f3stegui reconoci\u00f3 que el inicio de la administraci\u00f3n municipal ha sido contracorriente dado los rezagos que fueron heredados por anteriores administraciones y que han significado obst\u00e1culos para avanzar como se quisiera.<\/p>\n\n\n\n<p>A\u00fan y con estos desaf\u00edos dijo, se han comenzado a desarrollar una serie de acciones para ordenar a Cuernavaca, como es el caso del comercio informal y tolerado en el centro y otros puntos de la ciudad, con quienes se est\u00e1 buscando la reubicaci\u00f3n a plazas comerciales que est\u00e1n desaprovechadas, sitios en los que se busca que cuenten con las condiciones para ser retirados de la v\u00eda p\u00fablica donde permanecen escud\u00e1ndose en permisos otorgados por la pasada administraci\u00f3n, sin medir las repercusiones que hoy d\u00eda est\u00e1 enfrentando el comercio establecido.<\/p>\n\n\n\n<p>Por otra parte, Uri\u00f3stegui Salgado llam\u00f3 a los agremiados de CANACO Servytur Cuernavaca aprovechar los beneficios que el Ayuntamiento est\u00e1 otorgando de descuentos y condonaciones para regularizar licencias de funcionamiento, ordenar el uso de suelo de acuerdo a la norma, estar al corriente de servicios como es el predial o el consumo de agua ante el SAPAC, y de esta manera ser parte de la etapa de renovaci\u00f3n que se busca del municipio.<\/p>\n\n\n\n<p>Teniendo en regla estos conceptos y con un Ayuntamiento funcionando de manera eficiente, es como se podr\u00e1 reactivar la econom\u00eda de Cuernavaca, precis\u00f3 el presidente municipal, acordando diferentes puntos con los representantes de la CANACO .<\/p>\n\n\n\n<p>Se trabajar\u00e1 en el impulso de Ferias Comerciales en espacios p\u00fablicos del municipio para tener otros escaparates de venta, evitando as\u00ed la llegada de for\u00e1neos en Expos que traen productos y mercanc\u00edas que son consideradas competencia desleal para el comercio local; se revisaran convenios para que trabajadores del Ayuntamiento accedan a tarjetas de descuento en negocios afiliados de CANACO para incentivar el consumo local.<\/p>\n\n\n\n<p>Tambi\u00e9n se trabajar\u00e1 de manera conjunta con protecci\u00f3n civil y normatividad para regularizar y actualizar el funcionamiento de establecimientos en sus diferentes giros, y valorar sumarse a programas como adopci\u00f3n y rescate de espacios p\u00fablicos que promueve la Secretar\u00eda de Desarrollo Sustentable y Servicios P\u00fablicos, dependencia con la que se trabajar\u00e1 para atender asuntos como alumbrado p\u00fablico y el aseo urbano.<\/p>\n\n\n\n<figure class=\"wp-container-2 wp-block-gallery-1 wp-block-gallery has-nested-images columns-default is-cropped\">\n<figure class=\"wp-block-image size-large\"><img loading=\"lazy\" width=\"1024\" height=\"684\" data-id=\"10526\"  src=\"https:\/\/cuernavaca.gob.mx\/wp-content\/uploads\/2022\/05\/Reactivar-economi\u0301a-local-01-1024x684.jpg\" alt=\"\" class=\"wp-image-10526\" srcset=\"https:\/\/cuernavaca.gob.mx\/wp-content\/uploads\/2022\/05\/Reactivar-economi\u0301a-local-01-1024x684.jpg 1024w, https:\/\/cuernavaca.gob.mx\/wp-content\/uploads\/2022\/05\/Reactivar-economi\u0301a-local-01-300x200.jpg 300w, https:\/\/cuernavaca.gob.mx\/wp-content\/uploads\/2022\/05\/Reactivar-economi\u0301a-local-01-768x513.jpg 768w, https:\/\/cuernavaca.gob.mx\/wp-content\/uploads\/2022\/05\/Reactivar-economi\u0301a-local-01-1536x1025.jpg 1536w, https:\/\/cuernavaca.gob.mx\/wp-content\/uploads\/2022\/05\/Reactivar-economi\u0301a-local-01-600x401.jpg 600w, https:\/\/cuernavaca.gob.mx\/wp-content\/uploads\/2022\/05\/Reactivar-economi\u0301a-local-01-560x374.jpg 560w, https:\/\/cuernavaca.gob.mx\/wp-content\/uploads\/2022\/05\/Reactivar-economi\u0301a-local-01.jpg 1600w\" sizes=\"(max-width: 1024px) 100vw, 1024px\" \/><\/figure>\n\n\n\n<figure class=\"wp-block-image size-large\"><img loading=\"lazy\" width=\"1024\" height=\"684\" data-id=\"10528\"  src=\"https:\/\/cuernavaca.gob.mx\/wp-content\/uploads\/2022\/05\/Reactivar-economi\u0301a-local-02-1024x684.jpg\" alt=\"\" class=\"wp-image-10528\" srcset=\"https:\/\/cuernavaca.gob.mx\/wp-content\/uploads\/2022\/05\/Reactivar-economi\u0301a-local-02-1024x684.jpg 1024w, https:\/\/cuernavaca.gob.mx\/wp-content\/uploads\/2022\/05\/Reactivar-economi\u0301a-local-02-300x200.jpg 300w, https:\/\/cuernavaca.gob.mx\/wp-content\/uploads\/2022\/05\/Reactivar-economi\u0301a-local-02-768x513.jpg 768w, https:\/\/cuernavaca.gob.mx\/wp-content\/uploads\/2022\/05\/Reactivar-economi\u0301a-local-02-1536x1025.jpg 1536w, https:\/\/cuernavaca.gob.mx\/wp-content\/uploads\/2022\/05\/Reactivar-economi\u0301a-local-02-600x401.jpg 600w, https:\/\/cuernavaca.gob.mx\/wp-content\/uploads\/2022\/05\/Reactivar-economi\u0301a-local-02-560x374.jpg 560w, https:\/\/cuernavaca.gob.mx\/wp-content\/uploads\/2022\/05\/Reactivar-economi\u0301a-local-02.jpg 1600w\" sizes=\"(max-width: 1024px) 100vw, 1024px\" \/><\/figure>\n\n\n\n<figure class=\"wp-block-image size-large\"><img loading=\"lazy\" width=\"1024\" height=\"684\" data-id=\"10529\"  src=\"https:\/\/cuernavaca.gob.mx\/wp-content\/uploads\/2022\/05\/Reactivar-economi\u0301a-local-03-1024x684.jpg\" alt=\"\" class=\"wp-image-10529\" srcset=\"https:\/\/cuernavaca.gob.mx\/wp-content\/uploads\/2022\/05\/Reactivar-economi\u0301a-local-03-1024x684.jpg 1024w, https:\/\/cuernavaca.gob.mx\/wp-content\/uploads\/2022\/05\/Reactivar-economi\u0301a-local-03-300x200.jpg 300w, https:\/\/cuernavaca.gob.mx\/wp-content\/uploads\/2022\/05\/Reactivar-economi\u0301a-local-03-768x513.jpg 768w, https:\/\/cuernavaca.gob.mx\/wp-content\/uploads\/2022\/05\/Reactivar-economi\u0301a-local-03-1536x1025.jpg 1536w, https:\/\/cuernavaca.gob.mx\/wp-content\/uploads\/2022\/05\/Reactivar-economi\u0301a-local-03-600x401.jpg 600w, https:\/\/cuernavaca.gob.mx\/wp-content\/uploads\/2022\/05\/Reactivar-economi\u0301a-local-03-560x374.jpg 560w, https:\/\/cuernavaca.gob.mx\/wp-content\/uploads\/2022\/05\/Reactivar-economi\u0301a-local-03.jpg 1600w\" sizes=\"(max-width: 1024px) 100vw, 1024px\" \/><\/figure>\n\n\n\n<figure class=\"wp-block-image size-large\"><img loading=\"lazy\" width=\"1024\" height=\"682\" data-id=\"10531\"  src=\"https:\/\/cuernavaca.gob.mx\/wp-content\/uploads\/2022\/05\/Reactivar-economi\u0301a-local-04-1024x682.jpg\" alt=\"\" class=\"wp-image-10531\" srcset=\"https:\/\/cuernavaca.gob.mx\/wp-content\/uploads\/2022\/05\/Reactivar-economi\u0301a-local-04-1024x682.jpg 1024w, https:\/\/cuernavaca.gob.mx\/wp-content\/uploads\/2022\/05\/Reactivar-economi\u0301a-local-04-300x200.jpg 300w, https:\/\/cuernavaca.gob.mx\/wp-content\/uploads\/2022\/05\/Reactivar-economi\u0301a-local-04-768x512.jpg 768w, https:\/\/cuernavaca.gob.mx\/wp-content\/uploads\/2022\/05\/Reactivar-economi\u0301a-local-04-1536x1023.jpg 1536w, https:\/\/cuernavaca.gob.mx\/wp-content\/uploads\/2022\/05\/Reactivar-economi\u0301a-local-04-600x400.jpg 600w, https:\/\/cuernavaca.gob.mx\/wp-content\/uploads\/2022\/05\/Reactivar-economi\u0301a-local-04-560x373.jpg 560w, https:\/\/cuernavaca.gob.mx\/wp-content\/uploads\/2022\/05\/Reactivar-economi\u0301a-local-04.jpg 1600w\" sizes=\"(max-width: 1024px) 100vw, 1024px\" \/><\/figure>\n\n\n\n<figure class=\"wp-block-image size-large\"><img loading=\"lazy\" width=\"1024\" height=\"682\" data-id=\"10530\"  src=\"https:\/\/cuernavaca.gob.mx\/wp-content\/uploads\/2022\/05\/Reactivar-economi\u0301a-local-05-1024x682.jpg\" alt=\"\" class=\"wp-image-10530\" srcset=\"https:\/\/cuernavaca.gob.mx\/wp-content\/uploads\/2022\/05\/Reactivar-economi\u0301a-local-05-1024x682.jpg 1024w, https:\/\/cuernavaca.gob.mx\/wp-content\/uploads\/2022\/05\/Reactivar-economi\u0301a-local-05-300x200.jpg 300w, https:\/\/cuernavaca.gob.mx\/wp-content\/uploads\/2022\/05\/Reactivar-economi\u0301a-local-05-768x512.jpg 768w, https:\/\/cuernavaca.gob.mx\/wp-content\/uploads\/2022\/05\/Reactivar-economi\u0301a-local-05-1536x1023.jpg 1536w, https:\/\/cuernavaca.gob.mx\/wp-content\/uploads\/2022\/05\/Reactivar-economi\u0301a-local-05-600x400.jpg 600w, https:\/\/cuernavaca.gob.mx\/wp-content\/uploads\/2022\/05\/Reactivar-economi\u0301a-local-05-560x373.jpg 560w, https:\/\/cuernavaca.gob.mx\/wp-content\/uploads\/2022\/05\/Reactivar-economi\u0301a-local-05.jpg 1600w\" sizes=\"(max-width: 1024px) 100vw, 1024px\" \/><\/figure>\n\n\n\n<figure class=\"wp-block-image size-large\"><img loading=\"lazy\" width=\"1024\" height=\"684\" data-id=\"10527\"  src=\"https:\/\/cuernavaca.gob.mx\/wp-content\/uploads\/2022\/05\/Reactivar-economi\u0301a-local-06-1024x684.jpg\" alt=\"\" class=\"wp-image-10527\" srcset=\"https:\/\/cuernavaca.gob.mx\/wp-content\/uploads\/2022\/05\/Reactivar-economi\u0301a-local-06-1024x684.jpg 1024w, https:\/\/cuernavaca.gob.mx\/wp-content\/uploads\/2022\/05\/Reactivar-economi\u0301a-local-06-300x200.jpg 300w, https:\/\/cuernavaca.gob.mx\/wp-content\/uploads\/2022\/05\/Reactivar-economi\u0301a-local-06-768x513.jpg 768w, https:\/\/cuernavaca.gob.mx\/wp-content\/uploads\/2022\/05\/Reactivar-economi\u0301a-local-06-1536x1025.jpg 1536w, https:\/\/cuernavaca.gob.mx\/wp-content\/uploads\/2022\/05\/Reactivar-economi\u0301a-local-06-600x401.jpg 600w, https:\/\/cuernavaca.gob.mx\/wp-content\/uploads\/2022\/05\/Reactivar-economi\u0301a-local-06-560x374.jpg 560w, https:\/\/cuernavaca.gob.mx\/wp-content\/uploads\/2022\/05\/Reactivar-economi\u0301a-local-06.jpg 1600w\" sizes=\"(max-width: 1024px) 100vw, 1024px\" \/><\/figure>\n\n\n\n<figure class=\"wp-block-image size-large\"><img loading=\"lazy\" width=\"1024\" height=\"682\" data-id=\"10532\"  src=\"https:\/\/cuernavaca.gob.mx\/wp-content\/uploads\/2022\/05\/Reactivar-economi\u0301a-local-07-1024x682.jpg\" alt=\"\" class=\"wp-image-10532\" srcset=\"https:\/\/cuernavaca.gob.mx\/wp-content\/uploads\/2022\/05\/Reactivar-economi\u0301a-local-07-1024x682.jpg 1024w, https:\/\/cuernavaca.gob.mx\/wp-content\/uploads\/2022\/05\/Reactivar-economi\u0301a-local-07-300x200.jpg 300w, https:\/\/cuernavaca.gob.mx\/wp-content\/uploads\/2022\/05\/Reactivar-economi\u0301a-local-07-768x512.jpg 768w, https:\/\/cuernavaca.gob.mx\/wp-content\/uploads\/2022\/05\/Reactivar-economi\u0301a-local-07-1536x1023.jpg 1536w, https:\/\/cuernavaca.gob.mx\/wp-content\/uploads\/2022\/05\/Reactivar-economi\u0301a-local-07-600x400.jpg 600w, https:\/\/cuernavaca.gob.mx\/wp-content\/uploads\/2022\/05\/Reactivar-economi\u0301a-local-07-560x373.jpg 560w, https:\/\/cuernavaca.gob.mx\/wp-content\/uploads\/2022\/05\/Reactivar-economi\u0301a-local-07.jpg 1600w\" sizes=\"(max-width: 1024px) 100vw, 1024px\" \/><\/figure>\n<\/figure>\n","protected":false},"excerpt":{"rendered":"<p>El presidente municipal particip\u00f3 en reuni\u00f3n de integrantes del Consejo Directivo de la CANACO Servytur Se les solicit\u00f3 aprovechar los descuentos y condonaciones para regularizar licencias de funcionamiento El ordenamiento del comercio informal que representa una competencia desleal para el comercio establecido, es un tema que tendr\u00e1 resultados en esta administraci\u00f3n mediante el di\u00e1logo y [&hellip;]<\/p>\n","protected":false},"author":1,"featured_media":10532,"comment_status":"closed","ping_status":"closed","sticky":false,"template":"","format":"standard","meta":[],"categories":[20,21],"tags":[264,121,120,677,125,676,194],"aioseo_notices":[],"_links":{"self":[{"href":"https:\/\/cuernavaca.gob.mx\/index.php?rest_route=\/wp\/v2\/posts\/10523"}],"collection":[{"href":"https:\/\/cuernavaca.gob.mx\/index.php?rest_route=\/wp\/v2\/posts"}],"about":[{"href":"https:\/\/cuernavaca.gob.mx\/index.php?rest_route=\/wp\/v2\/types\/post"}],"author":[{"embeddable":true,"href":"https:\/\/cuernavaca.gob.mx\/index.php?rest_route=\/wp\/v2\/users\/1"}],"replies":[{"embeddable":true,"href":"https:\/\/cuernavaca.gob.mx\/index.php?rest_route=%2Fwp%2Fv2%2Fcomments&post=10523"}],"version-history":[{"count":2,"href":"https:\/\/cuernavaca.gob.mx\/index.php?rest_route=\/wp\/v2\/posts\/10523\/revisions"}],"predecessor-version":[{"id":10534,"href":"https:\/\/cuernavaca.gob.mx\/index.php?rest_route=\/wp\/v2\/posts\/10523\/revisions\/10534"}],"wp:featuredmedia":[{"embeddable":true,"href":"https:\/\/cuernavaca.gob.mx\/index.php?rest_route=\/wp\/v2\/media\/10532"}],"wp:attachment":[{"href":"https:\/\/cuernavaca.gob.mx\/index.php?rest_route=%2Fwp%2Fv2%2Fmedia&parent=10523"}],"wp:term":[{"taxonomy":"category","embeddable":true,"href":"https:\/\/cuernavaca.gob.mx\/index.php?rest_route=%2Fwp%2Fv2%2Fcategories&post=10523"},{"taxonomy":"post_tag","embeddable":true,"href":"https:\/\/cuernavaca.gob.mx\/index.php?rest_route=%2Fwp%2Fv2%2Ftags&post=10523"}],"curies":[{"name":"wp","href":"https:\/\/api.w.org\/{rel}","templated":true}]}}