{"id":10535,"date":"2022-05-11T10:00:00","date_gmt":"2022-05-11T10:00:00","guid":{"rendered":"http:\/\/cuernavaca.gob.mx\/?p=10535"},"modified":"2025-05-06T11:18:22","modified_gmt":"2025-05-06T17:18:22","slug":"gobierno-municipal-capacita-a-policias-sobre-protocolo-de-actuacion-hacia-la-diversidad-sexual","status":"publish","type":"post","link":"https:\/\/cuernavaca.gob.mx\/?p=10535","title":{"rendered":"Gobierno municipal capacita a polic\u00edas sobre protocolo de actuaci\u00f3n hacia la diversidad sexual"},"content":{"rendered":"\n<p><strong>Polic\u00edas preventivos, viales y de g\u00e9nero son capacitados por la Jefatura de Departamento de Diversidad Sexual<\/strong><\/p>\n\n\n\n<p><strong>El prop\u00f3sito es garantizar a la ciudadan\u00eda una atenci\u00f3n libre de discriminaci\u00f3n, basada en el respeto de los derechos humanos<\/strong><\/p>\n\n\n\n<p>Con la finalidad de establecer una atenci\u00f3n adecuada a la ciudadan\u00eda, basada en el respeto y conocimiento de los derechos humanos de todas las personas, el Gobierno Municipal a trav\u00e9s de la Jefatura de Departamento de Diversidad Sexual de Cuernavaca capacita a polic\u00edas municipales en materia de actuaci\u00f3n hacia este sector de la poblaci\u00f3n.<\/p>\n\n\n\n<p>Desde el mes de abril, polic\u00edas preventivos, viales y de la polic\u00eda de g\u00e9nero adscritos a la Secretar\u00eda de Protecci\u00f3n y Auxilio Ciudadano (SEPRAC) han recibido capacitaci\u00f3n de lunes a s\u00e1bado en grupos de 10 personas sobre el protocolo de actuaci\u00f3n para elementos policiales en casos que involucren a personas de la diversidad sexual, con el prop\u00f3sito de ense\u00f1arles como debe ser el trato respetuoso y en apego a los derechos humanos al momento en que interact\u00faan con personas de la comunidad LGBTTTIQ+.<\/p>\n\n\n\n<p>Isidro A\u00f1orve S\u00e1nchez, jefe del Departamento de Diversidad Sexual, explic\u00f3 que la capacitaci\u00f3n parte, en un primer punto, del marco conceptual de lo que es la diversidad sexual para dar paso al marco jur\u00eddico y normativo que tienen los polic\u00edas en su actuar, los pasos a seguir a la hora de interactuar con una persona de la diversidad sexual, como deben llamar a una persona trans, a una mujer trans o a un hombre trans y cu\u00e1les son aquellas acciones consideradas discriminatorias o que violentan los derechos de las personas de la diversidad sexual.<\/p>\n\n\n\n<p>Se\u00f1al\u00f3 que el protocolo de actuaci\u00f3n expuesto fue publicado en el peri\u00f3dico oficial \u201cTierra y Libertad\u201d desde el a\u00f1o 2016; sin embargo, no se le hab\u00eda dado la difusi\u00f3n necesaria al interior de los elementos de la polic\u00eda municipal, siendo \u00e9sta la primera capacitaci\u00f3n dirigida espec\u00edficamente a la flotilla policial de Cuernavaca que dar\u00e1 como resultado polic\u00edas capacitados que sepan c\u00f3mo tratar a las personas de la diversidad sexual y que en ese trato no se discrimine o revictimice, garantizando una atenci\u00f3n libre de discriminaci\u00f3n.<\/p>\n\n\n\n<p>A fin de verificar su eficacia, mencion\u00f3 que las capacitaciones ser\u00e1n evaluadas y vigiladas por personas externas al Ayuntamiento de Cuernavaca, midiendo el impacto a trav\u00e9s de entrevistas aleatorias y algunos cuestionarios, aunque la prueba principal ser\u00e1 por las denuncias ciudadanas; hasta este momento en Cuernavaca no se ha tenido registro de ninguno acto de discriminaci\u00f3n por parte de los elementos policiacos a la diversidad sexual.<\/p>\n\n\n\n<p>La capacitaci\u00f3n que est\u00e1 llevando a cabo la Jefatura de Departamento de Diversidad Sexual de Cuernavaca es la primera de todo un calendario que ya tiene pactado con la SEPRAC y que continuar\u00e1 con el personal administrativo y otras \u00e1reas de la administraci\u00f3n p\u00fablica municipal, con base en la pol\u00edtica de respeto a los derechos humanos sin importar su g\u00e9nero, identidad de g\u00e9nero u orientaci\u00f3n sexual que encabeza el gobierno capitalino.<\/p>\n\n\n\n<figure class=\"wp-container-2 wp-block-gallery-1 wp-block-gallery has-nested-images columns-default is-cropped\">\n<figure class=\"wp-block-image size-large\"><img loading=\"lazy\" width=\"1024\" height=\"682\" data-id=\"10536\"  src=\"https:\/\/cuernavaca.gob.mx\/wp-content\/uploads\/2022\/05\/Policias-y-Diversidad-sexual-01.jpg\" alt=\"\" class=\"wp-image-10536\" srcset=\"https:\/\/cuernavaca.gob.mx\/wp-content\/uploads\/2022\/05\/Policias-y-Diversidad-sexual-01.jpg 1024w, https:\/\/cuernavaca.gob.mx\/wp-content\/uploads\/2022\/05\/Policias-y-Diversidad-sexual-01-300x200.jpg 300w, https:\/\/cuernavaca.gob.mx\/wp-content\/uploads\/2022\/05\/Policias-y-Diversidad-sexual-01-768x512.jpg 768w, https:\/\/cuernavaca.gob.mx\/wp-content\/uploads\/2022\/05\/Policias-y-Diversidad-sexual-01-600x400.jpg 600w, https:\/\/cuernavaca.gob.mx\/wp-content\/uploads\/2022\/05\/Policias-y-Diversidad-sexual-01-560x373.jpg 560w\" sizes=\"(max-width: 1024px) 100vw, 1024px\" \/><\/figure>\n\n\n\n<figure class=\"wp-block-image size-large\"><img loading=\"lazy\" width=\"1024\" height=\"682\" data-id=\"10537\"  src=\"https:\/\/cuernavaca.gob.mx\/wp-content\/uploads\/2022\/05\/Policias-y-Diversidad-sexual-02.jpg\" alt=\"\" class=\"wp-image-10537\" srcset=\"https:\/\/cuernavaca.gob.mx\/wp-content\/uploads\/2022\/05\/Policias-y-Diversidad-sexual-02.jpg 1024w, https:\/\/cuernavaca.gob.mx\/wp-content\/uploads\/2022\/05\/Policias-y-Diversidad-sexual-02-300x200.jpg 300w, https:\/\/cuernavaca.gob.mx\/wp-content\/uploads\/2022\/05\/Policias-y-Diversidad-sexual-02-768x512.jpg 768w, https:\/\/cuernavaca.gob.mx\/wp-content\/uploads\/2022\/05\/Policias-y-Diversidad-sexual-02-600x400.jpg 600w, https:\/\/cuernavaca.gob.mx\/wp-content\/uploads\/2022\/05\/Policias-y-Diversidad-sexual-02-560x373.jpg 560w\" sizes=\"(max-width: 1024px) 100vw, 1024px\" \/><\/figure>\n\n\n\n<figure class=\"wp-block-image size-large\"><img loading=\"lazy\" width=\"1024\" height=\"576\" data-id=\"10541\"  src=\"https:\/\/cuernavaca.gob.mx\/wp-content\/uploads\/2022\/05\/Policias-y-Diversidad-sexual-03.jpg\" alt=\"\" class=\"wp-image-10541\" srcset=\"https:\/\/cuernavaca.gob.mx\/wp-content\/uploads\/2022\/05\/Policias-y-Diversidad-sexual-03.jpg 1024w, https:\/\/cuernavaca.gob.mx\/wp-content\/uploads\/2022\/05\/Policias-y-Diversidad-sexual-03-300x169.jpg 300w, https:\/\/cuernavaca.gob.mx\/wp-content\/uploads\/2022\/05\/Policias-y-Diversidad-sexual-03-768x432.jpg 768w, https:\/\/cuernavaca.gob.mx\/wp-content\/uploads\/2022\/05\/Policias-y-Diversidad-sexual-03-600x338.jpg 600w, https:\/\/cuernavaca.gob.mx\/wp-content\/uploads\/2022\/05\/Policias-y-Diversidad-sexual-03-560x315.jpg 560w\" sizes=\"(max-width: 1024px) 100vw, 1024px\" \/><\/figure>\n\n\n\n<figure class=\"wp-block-image size-large\"><img loading=\"lazy\" width=\"1024\" height=\"682\" data-id=\"10538\"  src=\"https:\/\/cuernavaca.gob.mx\/wp-content\/uploads\/2022\/05\/Policias-y-Diversidad-sexual-04.jpg\" alt=\"\" class=\"wp-image-10538\" srcset=\"https:\/\/cuernavaca.gob.mx\/wp-content\/uploads\/2022\/05\/Policias-y-Diversidad-sexual-04.jpg 1024w, https:\/\/cuernavaca.gob.mx\/wp-content\/uploads\/2022\/05\/Policias-y-Diversidad-sexual-04-300x200.jpg 300w, https:\/\/cuernavaca.gob.mx\/wp-content\/uploads\/2022\/05\/Policias-y-Diversidad-sexual-04-768x512.jpg 768w, https:\/\/cuernavaca.gob.mx\/wp-content\/uploads\/2022\/05\/Policias-y-Diversidad-sexual-04-600x400.jpg 600w, https:\/\/cuernavaca.gob.mx\/wp-content\/uploads\/2022\/05\/Policias-y-Diversidad-sexual-04-560x373.jpg 560w\" sizes=\"(max-width: 1024px) 100vw, 1024px\" \/><\/figure>\n\n\n\n<figure class=\"wp-block-image size-large\"><img loading=\"lazy\" width=\"1024\" height=\"682\" data-id=\"10539\"  src=\"https:\/\/cuernavaca.gob.mx\/wp-content\/uploads\/2022\/05\/Policias-y-Diversidad-sexual-05.jpg\" alt=\"\" class=\"wp-image-10539\" srcset=\"https:\/\/cuernavaca.gob.mx\/wp-content\/uploads\/2022\/05\/Policias-y-Diversidad-sexual-05.jpg 1024w, https:\/\/cuernavaca.gob.mx\/wp-content\/uploads\/2022\/05\/Policias-y-Diversidad-sexual-05-300x200.jpg 300w, https:\/\/cuernavaca.gob.mx\/wp-content\/uploads\/2022\/05\/Policias-y-Diversidad-sexual-05-768x512.jpg 768w, https:\/\/cuernavaca.gob.mx\/wp-content\/uploads\/2022\/05\/Policias-y-Diversidad-sexual-05-600x400.jpg 600w, https:\/\/cuernavaca.gob.mx\/wp-content\/uploads\/2022\/05\/Policias-y-Diversidad-sexual-05-560x373.jpg 560w\" sizes=\"(max-width: 1024px) 100vw, 1024px\" \/><\/figure>\n\n\n\n<figure class=\"wp-block-image size-large\"><img loading=\"lazy\" width=\"1024\" height=\"576\" data-id=\"10540\"  src=\"https:\/\/cuernavaca.gob.mx\/wp-content\/uploads\/2022\/05\/Policias-y-Diversidad-sexual-06.jpg\" alt=\"\" class=\"wp-image-10540\" srcset=\"https:\/\/cuernavaca.gob.mx\/wp-content\/uploads\/2022\/05\/Policias-y-Diversidad-sexual-06.jpg 1024w, https:\/\/cuernavaca.gob.mx\/wp-content\/uploads\/2022\/05\/Policias-y-Diversidad-sexual-06-300x169.jpg 300w, https:\/\/cuernavaca.gob.mx\/wp-content\/uploads\/2022\/05\/Policias-y-Diversidad-sexual-06-768x432.jpg 768w, https:\/\/cuernavaca.gob.mx\/wp-content\/uploads\/2022\/05\/Policias-y-Diversidad-sexual-06-600x338.jpg 600w, https:\/\/cuernavaca.gob.mx\/wp-content\/uploads\/2022\/05\/Policias-y-Diversidad-sexual-06-560x315.jpg 560w\" sizes=\"(max-width: 1024px) 100vw, 1024px\" \/><\/figure>\n<\/figure>\n","protected":false},"excerpt":{"rendered":"<p>Polic\u00edas preventivos, viales y de g\u00e9nero son capacitados por la Jefatura de Departamento de Diversidad Sexual El prop\u00f3sito es garantizar a la ciudadan\u00eda una atenci\u00f3n libre de discriminaci\u00f3n, basada en el respeto de los derechos humanos Con la finalidad de establecer una atenci\u00f3n adecuada a la ciudadan\u00eda, basada en el respeto y conocimiento de los [&hellip;]<\/p>\n","protected":false},"author":1,"featured_media":10538,"comment_status":"closed","ping_status":"closed","sticky":false,"template":"","format":"standard","meta":[],"categories":[20,17],"tags":[679,681,121,678,682,120,201,680,125,143],"aioseo_notices":[],"_links":{"self":[{"href":"https:\/\/cuernavaca.gob.mx\/index.php?rest_route=\/wp\/v2\/posts\/10535"}],"collection":[{"href":"https:\/\/cuernavaca.gob.mx\/index.php?rest_route=\/wp\/v2\/posts"}],"about":[{"href":"https:\/\/cuernavaca.gob.mx\/index.php?rest_route=\/wp\/v2\/types\/post"}],"author":[{"embeddable":true,"href":"https:\/\/cuernavaca.gob.mx\/index.php?rest_route=\/wp\/v2\/users\/1"}],"replies":[{"embeddable":true,"href":"https:\/\/cuernavaca.gob.mx\/index.php?rest_route=%2Fwp%2Fv2%2Fcomments&post=10535"}],"version-history":[{"count":2,"href":"https:\/\/cuernavaca.gob.mx\/index.php?rest_route=\/wp\/v2\/posts\/10535\/revisions"}],"predecessor-version":[{"id":10543,"href":"https:\/\/cuernavaca.gob.mx\/index.php?rest_route=\/wp\/v2\/posts\/10535\/revisions\/10543"}],"wp:featuredmedia":[{"embeddable":true,"href":"https:\/\/cuernavaca.gob.mx\/index.php?rest_route=\/wp\/v2\/media\/10538"}],"wp:attachment":[{"href":"https:\/\/cuernavaca.gob.mx\/index.php?rest_route=%2Fwp%2Fv2%2Fmedia&parent=10535"}],"wp:term":[{"taxonomy":"category","embeddable":true,"href":"https:\/\/cuernavaca.gob.mx\/index.php?rest_route=%2Fwp%2Fv2%2Fcategories&post=10535"},{"taxonomy":"post_tag","embeddable":true,"href":"https:\/\/cuernavaca.gob.mx\/index.php?rest_route=%2Fwp%2Fv2%2Ftags&post=10535"}],"curies":[{"name":"wp","href":"https:\/\/api.w.org\/{rel}","templated":true}]}}