{"id":10609,"date":"2022-05-12T10:00:00","date_gmt":"2022-05-12T10:00:00","guid":{"rendered":"http:\/\/cuernavaca.gob.mx\/?p=10609"},"modified":"2025-05-06T11:18:22","modified_gmt":"2025-05-06T17:18:22","slug":"cuernavaca-rescata-espacios-publicos-con-apoyo-de-la-sociedad","status":"publish","type":"post","link":"https:\/\/cuernavaca.gob.mx\/?p=10609","title":{"rendered":"Cuernavaca rescata espacios p\u00fablicos con apoyo de la sociedad"},"content":{"rendered":"\n<p><strong>El presidente municipal Jos\u00e9 Luis Uri\u00f3stegui, se suma a iniciativa de la compa\u00f1\u00eda KW Vista Hermosa<\/strong><\/p>\n\n\n\n<p>Como parte del proyecto que impulsa el Gobierno Municipal de Cuernavaca para el rescate de espacios p\u00fablicos, iniciativas ciudadanas se suman por voluntad propia a las labores de recuperaci\u00f3n y embellecimiento de camellones, con el objetivo de que la capital del estado renazca.<\/p>\n\n\n\n<p>A invitaci\u00f3n de la compa\u00f1\u00eda de Bienes Raices Keller Williams (KW) Vista Hermosa, el presidente municipal, Jos\u00e9 Luis Uri\u00f3stegui Salgado, particip\u00f3 en la jornada de limpieza de los camellones y glorieta ubicados en avenida Teopanzolco como parte del \u201cRed Day\u201d, un d\u00eda internacional donde los agentes inmobiliarios y la poblaci\u00f3n en general, que as\u00ed lo desee, retribuye a la comunidad que tanto les da con actividades de asistencia social.<\/p>\n\n\n\n<p>Al reconocer la importante labor que ha emprendido el Ayuntamiento de Cuernavaca para que el municipio recupere estos espacios, Guillermo Salgado Casta\u00f1eda, operador principal de KW Vista Hermosa, expres\u00f3 que coincidiendo con las acciones que han emprendido las autoridades municipales, decidieron sumarse este a\u00f1o al rescate y mantenimiento de \u00e1reas verdes, ya que el mejoramiento de la ciudad es una corresponsabilidad entre todos.<\/p>\n\n\n\n<p>\u201cDebemos sumarnos porque el presidente solo no va a poder, todos queremos ver bien a Cuernavaca y ser\u00eda mucho r\u00e1pido y f\u00e1cil que todos nos sum\u00e1ramos. No podemos solo estar viendo, no podemos ser pasivos, tenemos que ser activos en las mejoras y el renacimiento de Cuernavaca\u201d, afirm\u00f3.<\/p>\n\n\n\n<p>Este importante grupo de personas, se hicieron presentes este jueves desde muy temprana hora en avenida Teopanzolco para limpiar estos espacios p\u00fablicos que estaban totalmente descuidos, recogiendo desecho vegetal y podando los jardines; Estefani Valdez, integrante del Comit\u00e9 de Cultura de KW Bienes Ra\u00edces, explic\u00f3 que el \u201cRed Day\u201d, se celebra el segundo jueves del mes de mayo, cada a\u00f1o, un d\u00eda donde todos los asociados de la compa\u00f1\u00eda donan sus horas de trabajo para ayudar a sus comunidades, uni\u00e9ndose en esta ocasi\u00f3n el presidente municipal de Cuernavaca.<\/p>\n\n\n\n<p>Los agentes inmobiliarios hicieron un llamado a la ciudadan\u00eda a tomar acci\u00f3n, sum\u00e1ndose a este tipo de actividades que embellecen y generar un bienestar para la ciudad, pero sobre todo que dejan una satisfacci\u00f3n al ver los resultados.<\/p>\n\n\n\n<figure class=\"wp-container-2 wp-block-gallery-1 wp-block-gallery has-nested-images columns-default is-cropped\">\n<figure class=\"wp-block-image size-large\"><img loading=\"lazy\" width=\"1024\" height=\"683\" data-id=\"10615\"  src=\"https:\/\/cuernavaca.gob.mx\/wp-content\/uploads\/2022\/05\/Rescate-espacios-pu\u0301blicos-01.jpg\" alt=\"\" class=\"wp-image-10615\" srcset=\"https:\/\/cuernavaca.gob.mx\/wp-content\/uploads\/2022\/05\/Rescate-espacios-pu\u0301blicos-01.jpg 1024w, https:\/\/cuernavaca.gob.mx\/wp-content\/uploads\/2022\/05\/Rescate-espacios-pu\u0301blicos-01-300x200.jpg 300w, https:\/\/cuernavaca.gob.mx\/wp-content\/uploads\/2022\/05\/Rescate-espacios-pu\u0301blicos-01-768x512.jpg 768w, https:\/\/cuernavaca.gob.mx\/wp-content\/uploads\/2022\/05\/Rescate-espacios-pu\u0301blicos-01-600x400.jpg 600w, https:\/\/cuernavaca.gob.mx\/wp-content\/uploads\/2022\/05\/Rescate-espacios-pu\u0301blicos-01-560x374.jpg 560w\" sizes=\"(max-width: 1024px) 100vw, 1024px\" \/><\/figure>\n\n\n\n<figure class=\"wp-block-image size-large\"><img loading=\"lazy\" width=\"1024\" height=\"683\" data-id=\"10611\"  src=\"https:\/\/cuernavaca.gob.mx\/wp-content\/uploads\/2022\/05\/Rescate-espacios-pu\u0301blicos-02.jpg\" alt=\"\" class=\"wp-image-10611\" srcset=\"https:\/\/cuernavaca.gob.mx\/wp-content\/uploads\/2022\/05\/Rescate-espacios-pu\u0301blicos-02.jpg 1024w, https:\/\/cuernavaca.gob.mx\/wp-content\/uploads\/2022\/05\/Rescate-espacios-pu\u0301blicos-02-300x200.jpg 300w, https:\/\/cuernavaca.gob.mx\/wp-content\/uploads\/2022\/05\/Rescate-espacios-pu\u0301blicos-02-768x512.jpg 768w, https:\/\/cuernavaca.gob.mx\/wp-content\/uploads\/2022\/05\/Rescate-espacios-pu\u0301blicos-02-600x400.jpg 600w, https:\/\/cuernavaca.gob.mx\/wp-content\/uploads\/2022\/05\/Rescate-espacios-pu\u0301blicos-02-560x374.jpg 560w\" sizes=\"(max-width: 1024px) 100vw, 1024px\" \/><\/figure>\n\n\n\n<figure class=\"wp-block-image size-large\"><img loading=\"lazy\" width=\"1024\" height=\"683\" data-id=\"10614\"  src=\"https:\/\/cuernavaca.gob.mx\/wp-content\/uploads\/2022\/05\/Rescate-espacios-pu\u0301blicos-03.jpg\" alt=\"\" class=\"wp-image-10614\" srcset=\"https:\/\/cuernavaca.gob.mx\/wp-content\/uploads\/2022\/05\/Rescate-espacios-pu\u0301blicos-03.jpg 1024w, https:\/\/cuernavaca.gob.mx\/wp-content\/uploads\/2022\/05\/Rescate-espacios-pu\u0301blicos-03-300x200.jpg 300w, https:\/\/cuernavaca.gob.mx\/wp-content\/uploads\/2022\/05\/Rescate-espacios-pu\u0301blicos-03-768x512.jpg 768w, https:\/\/cuernavaca.gob.mx\/wp-content\/uploads\/2022\/05\/Rescate-espacios-pu\u0301blicos-03-600x400.jpg 600w, https:\/\/cuernavaca.gob.mx\/wp-content\/uploads\/2022\/05\/Rescate-espacios-pu\u0301blicos-03-560x374.jpg 560w\" sizes=\"(max-width: 1024px) 100vw, 1024px\" \/><\/figure>\n\n\n\n<figure class=\"wp-block-image size-large\"><img loading=\"lazy\" width=\"1024\" height=\"683\" data-id=\"10613\"  src=\"https:\/\/cuernavaca.gob.mx\/wp-content\/uploads\/2022\/05\/Rescate-espacios-pu\u0301blicos-04.jpg\" alt=\"\" class=\"wp-image-10613\" srcset=\"https:\/\/cuernavaca.gob.mx\/wp-content\/uploads\/2022\/05\/Rescate-espacios-pu\u0301blicos-04.jpg 1024w, https:\/\/cuernavaca.gob.mx\/wp-content\/uploads\/2022\/05\/Rescate-espacios-pu\u0301blicos-04-300x200.jpg 300w, https:\/\/cuernavaca.gob.mx\/wp-content\/uploads\/2022\/05\/Rescate-espacios-pu\u0301blicos-04-768x512.jpg 768w, https:\/\/cuernavaca.gob.mx\/wp-content\/uploads\/2022\/05\/Rescate-espacios-pu\u0301blicos-04-600x400.jpg 600w, https:\/\/cuernavaca.gob.mx\/wp-content\/uploads\/2022\/05\/Rescate-espacios-pu\u0301blicos-04-560x374.jpg 560w\" sizes=\"(max-width: 1024px) 100vw, 1024px\" \/><\/figure>\n\n\n\n<figure class=\"wp-block-image size-large\"><img loading=\"lazy\" width=\"1024\" height=\"683\" data-id=\"10610\"  src=\"https:\/\/cuernavaca.gob.mx\/wp-content\/uploads\/2022\/05\/Rescate-espacios-pu\u0301blicos-05.jpg\" alt=\"\" class=\"wp-image-10610\" srcset=\"https:\/\/cuernavaca.gob.mx\/wp-content\/uploads\/2022\/05\/Rescate-espacios-pu\u0301blicos-05.jpg 1024w, https:\/\/cuernavaca.gob.mx\/wp-content\/uploads\/2022\/05\/Rescate-espacios-pu\u0301blicos-05-300x200.jpg 300w, https:\/\/cuernavaca.gob.mx\/wp-content\/uploads\/2022\/05\/Rescate-espacios-pu\u0301blicos-05-768x512.jpg 768w, https:\/\/cuernavaca.gob.mx\/wp-content\/uploads\/2022\/05\/Rescate-espacios-pu\u0301blicos-05-600x400.jpg 600w, https:\/\/cuernavaca.gob.mx\/wp-content\/uploads\/2022\/05\/Rescate-espacios-pu\u0301blicos-05-560x374.jpg 560w\" sizes=\"(max-width: 1024px) 100vw, 1024px\" \/><\/figure>\n\n\n\n<figure class=\"wp-block-image size-large\"><img loading=\"lazy\" width=\"1024\" height=\"683\" data-id=\"10612\"  src=\"https:\/\/cuernavaca.gob.mx\/wp-content\/uploads\/2022\/05\/Rescate-espacios-pu\u0301blicos-06.jpg\" alt=\"\" class=\"wp-image-10612\" srcset=\"https:\/\/cuernavaca.gob.mx\/wp-content\/uploads\/2022\/05\/Rescate-espacios-pu\u0301blicos-06.jpg 1024w, https:\/\/cuernavaca.gob.mx\/wp-content\/uploads\/2022\/05\/Rescate-espacios-pu\u0301blicos-06-300x200.jpg 300w, https:\/\/cuernavaca.gob.mx\/wp-content\/uploads\/2022\/05\/Rescate-espacios-pu\u0301blicos-06-768x512.jpg 768w, https:\/\/cuernavaca.gob.mx\/wp-content\/uploads\/2022\/05\/Rescate-espacios-pu\u0301blicos-06-600x400.jpg 600w, https:\/\/cuernavaca.gob.mx\/wp-content\/uploads\/2022\/05\/Rescate-espacios-pu\u0301blicos-06-560x374.jpg 560w\" sizes=\"(max-width: 1024px) 100vw, 1024px\" \/><\/figure>\n\n\n\n<figure class=\"wp-block-image size-large\"><img loading=\"lazy\" width=\"1024\" height=\"683\" data-id=\"10616\"  src=\"https:\/\/cuernavaca.gob.mx\/wp-content\/uploads\/2022\/05\/Rescate-espacios-pu\u0301blicos-07.jpg\" alt=\"\" class=\"wp-image-10616\" srcset=\"https:\/\/cuernavaca.gob.mx\/wp-content\/uploads\/2022\/05\/Rescate-espacios-pu\u0301blicos-07.jpg 1024w, https:\/\/cuernavaca.gob.mx\/wp-content\/uploads\/2022\/05\/Rescate-espacios-pu\u0301blicos-07-300x200.jpg 300w, https:\/\/cuernavaca.gob.mx\/wp-content\/uploads\/2022\/05\/Rescate-espacios-pu\u0301blicos-07-768x512.jpg 768w, https:\/\/cuernavaca.gob.mx\/wp-content\/uploads\/2022\/05\/Rescate-espacios-pu\u0301blicos-07-600x400.jpg 600w, https:\/\/cuernavaca.gob.mx\/wp-content\/uploads\/2022\/05\/Rescate-espacios-pu\u0301blicos-07-560x374.jpg 560w\" sizes=\"(max-width: 1024px) 100vw, 1024px\" \/><\/figure>\n\n\n\n<figure class=\"wp-block-image size-large\"><img loading=\"lazy\" width=\"1024\" height=\"683\" data-id=\"10617\"  src=\"https:\/\/cuernavaca.gob.mx\/wp-content\/uploads\/2022\/05\/Rescate-espacios-pu\u0301blicos-08.jpg\" alt=\"\" class=\"wp-image-10617\" srcset=\"https:\/\/cuernavaca.gob.mx\/wp-content\/uploads\/2022\/05\/Rescate-espacios-pu\u0301blicos-08.jpg 1024w, https:\/\/cuernavaca.gob.mx\/wp-content\/uploads\/2022\/05\/Rescate-espacios-pu\u0301blicos-08-300x200.jpg 300w, https:\/\/cuernavaca.gob.mx\/wp-content\/uploads\/2022\/05\/Rescate-espacios-pu\u0301blicos-08-768x512.jpg 768w, https:\/\/cuernavaca.gob.mx\/wp-content\/uploads\/2022\/05\/Rescate-espacios-pu\u0301blicos-08-600x400.jpg 600w, https:\/\/cuernavaca.gob.mx\/wp-content\/uploads\/2022\/05\/Rescate-espacios-pu\u0301blicos-08-560x374.jpg 560w\" sizes=\"(max-width: 1024px) 100vw, 1024px\" \/><\/figure>\n\n\n\n<figure class=\"wp-block-image size-large\"><img loading=\"lazy\" width=\"1024\" height=\"683\" data-id=\"10619\"  src=\"https:\/\/cuernavaca.gob.mx\/wp-content\/uploads\/2022\/05\/Rescate-espacios-pu\u0301blicos-09.jpg\" alt=\"\" class=\"wp-image-10619\" srcset=\"https:\/\/cuernavaca.gob.mx\/wp-content\/uploads\/2022\/05\/Rescate-espacios-pu\u0301blicos-09.jpg 1024w, https:\/\/cuernavaca.gob.mx\/wp-content\/uploads\/2022\/05\/Rescate-espacios-pu\u0301blicos-09-300x200.jpg 300w, https:\/\/cuernavaca.gob.mx\/wp-content\/uploads\/2022\/05\/Rescate-espacios-pu\u0301blicos-09-768x512.jpg 768w, https:\/\/cuernavaca.gob.mx\/wp-content\/uploads\/2022\/05\/Rescate-espacios-pu\u0301blicos-09-600x400.jpg 600w, https:\/\/cuernavaca.gob.mx\/wp-content\/uploads\/2022\/05\/Rescate-espacios-pu\u0301blicos-09-560x374.jpg 560w\" sizes=\"(max-width: 1024px) 100vw, 1024px\" \/><\/figure>\n\n\n\n<figure class=\"wp-block-image size-large\"><img loading=\"lazy\" width=\"1024\" height=\"683\" data-id=\"10620\"  src=\"https:\/\/cuernavaca.gob.mx\/wp-content\/uploads\/2022\/05\/Rescate-espacios-pu\u0301blicos-10.jpg\" alt=\"\" class=\"wp-image-10620\" srcset=\"https:\/\/cuernavaca.gob.mx\/wp-content\/uploads\/2022\/05\/Rescate-espacios-pu\u0301blicos-10.jpg 1024w, https:\/\/cuernavaca.gob.mx\/wp-content\/uploads\/2022\/05\/Rescate-espacios-pu\u0301blicos-10-300x200.jpg 300w, https:\/\/cuernavaca.gob.mx\/wp-content\/uploads\/2022\/05\/Rescate-espacios-pu\u0301blicos-10-768x512.jpg 768w, https:\/\/cuernavaca.gob.mx\/wp-content\/uploads\/2022\/05\/Rescate-espacios-pu\u0301blicos-10-600x400.jpg 600w, https:\/\/cuernavaca.gob.mx\/wp-content\/uploads\/2022\/05\/Rescate-espacios-pu\u0301blicos-10-560x374.jpg 560w\" sizes=\"(max-width: 1024px) 100vw, 1024px\" \/><\/figure>\n\n\n\n<figure class=\"wp-block-image size-large\"><img loading=\"lazy\" width=\"1024\" height=\"683\" data-id=\"10618\"  src=\"https:\/\/cuernavaca.gob.mx\/wp-content\/uploads\/2022\/05\/Rescate-espacios-pu\u0301blicos-11.jpg\" alt=\"\" class=\"wp-image-10618\" srcset=\"https:\/\/cuernavaca.gob.mx\/wp-content\/uploads\/2022\/05\/Rescate-espacios-pu\u0301blicos-11.jpg 1024w, https:\/\/cuernavaca.gob.mx\/wp-content\/uploads\/2022\/05\/Rescate-espacios-pu\u0301blicos-11-300x200.jpg 300w, https:\/\/cuernavaca.gob.mx\/wp-content\/uploads\/2022\/05\/Rescate-espacios-pu\u0301blicos-11-768x512.jpg 768w, https:\/\/cuernavaca.gob.mx\/wp-content\/uploads\/2022\/05\/Rescate-espacios-pu\u0301blicos-11-600x400.jpg 600w, https:\/\/cuernavaca.gob.mx\/wp-content\/uploads\/2022\/05\/Rescate-espacios-pu\u0301blicos-11-560x374.jpg 560w\" sizes=\"(max-width: 1024px) 100vw, 1024px\" \/><\/figure>\n<\/figure>\n","protected":false},"excerpt":{"rendered":"<p>El presidente municipal Jos\u00e9 Luis Uri\u00f3stegui, se suma a iniciativa de la compa\u00f1\u00eda KW Vista Hermosa Como parte del proyecto que impulsa el Gobierno Municipal de Cuernavaca para el rescate de espacios p\u00fablicos, iniciativas ciudadanas se suman por voluntad propia a las labores de recuperaci\u00f3n y embellecimiento de camellones, con el objetivo de que la [&hellip;]<\/p>\n","protected":false},"author":1,"featured_media":10610,"comment_status":"closed","ping_status":"closed","sticky":false,"template":"","format":"standard","meta":[],"categories":[20,208],"tags":[121,220,120,702,703,644],"aioseo_notices":[],"_links":{"self":[{"href":"https:\/\/cuernavaca.gob.mx\/index.php?rest_route=\/wp\/v2\/posts\/10609"}],"collection":[{"href":"https:\/\/cuernavaca.gob.mx\/index.php?rest_route=\/wp\/v2\/posts"}],"about":[{"href":"https:\/\/cuernavaca.gob.mx\/index.php?rest_route=\/wp\/v2\/types\/post"}],"author":[{"embeddable":true,"href":"https:\/\/cuernavaca.gob.mx\/index.php?rest_route=\/wp\/v2\/users\/1"}],"replies":[{"embeddable":true,"href":"https:\/\/cuernavaca.gob.mx\/index.php?rest_route=%2Fwp%2Fv2%2Fcomments&post=10609"}],"version-history":[{"count":2,"href":"https:\/\/cuernavaca.gob.mx\/index.php?rest_route=\/wp\/v2\/posts\/10609\/revisions"}],"predecessor-version":[{"id":10622,"href":"https:\/\/cuernavaca.gob.mx\/index.php?rest_route=\/wp\/v2\/posts\/10609\/revisions\/10622"}],"wp:featuredmedia":[{"embeddable":true,"href":"https:\/\/cuernavaca.gob.mx\/index.php?rest_route=\/wp\/v2\/media\/10610"}],"wp:attachment":[{"href":"https:\/\/cuernavaca.gob.mx\/index.php?rest_route=%2Fwp%2Fv2%2Fmedia&parent=10609"}],"wp:term":[{"taxonomy":"category","embeddable":true,"href":"https:\/\/cuernavaca.gob.mx\/index.php?rest_route=%2Fwp%2Fv2%2Fcategories&post=10609"},{"taxonomy":"post_tag","embeddable":true,"href":"https:\/\/cuernavaca.gob.mx\/index.php?rest_route=%2Fwp%2Fv2%2Ftags&post=10609"}],"curies":[{"name":"wp","href":"https:\/\/api.w.org\/{rel}","templated":true}]}}