{"id":10626,"date":"2022-05-12T12:00:00","date_gmt":"2022-05-12T12:00:00","guid":{"rendered":"http:\/\/cuernavaca.gob.mx\/?p=10626"},"modified":"2025-05-06T11:18:22","modified_gmt":"2025-05-06T17:18:22","slug":"gobierno-municipal-le-apuesta-a-la-conciliacion-y-al-dialogo-con-autoridades-de-ocotepec","status":"publish","type":"post","link":"https:\/\/cuernavaca.gob.mx\/?p=10626","title":{"rendered":"Gobierno Municipal le apuesta a la conciliaci\u00f3n y al di\u00e1logo con autoridades de Ocotepec"},"content":{"rendered":"\n<p><strong>El presidente municipal de Cuernavaca, Jos\u00e9 Luis Uri\u00f3stegui aclar\u00f3 que los usos y costumbres no est\u00e1n por encima de la ley<\/strong><\/p>\n\n\n\n<p><strong>Autoridades municipales puntualizaron que las autoridades auxiliares y comisariados de bienes comunales y ejidales no tienen facultades para expedir licencias de construcci\u00f3n ni de funcionamiento<\/strong><\/p>\n\n\n\n<p>Tras los hechos violentos registrados el pasado mi\u00e9rcoles 11 de mayo por integrantes de la ronda de Ocotepec contra polic\u00edas municipales por la suspensi\u00f3n de una construcci\u00f3n que no cuenta con los documentos oficiales, el presidente municipal de Cuernavaca, Jos\u00e9 Luis Uri\u00f3stegui Salgado, aclar\u00f3 que si bien en todo momento el ayuntamiento ha sido respetuoso de las autoridades elegidas por la comunidad como son los ayudantes municipales, los usos y costumbres no est\u00e1n por encima de la ley.<\/p>\n\n\n\n<p>En conferencia de prensa acompa\u00f1ado por el secretario del Ayuntamiento, Carlos de la Rosa Segura y la titular de la Secretar\u00eda de Protecci\u00f3n y Auxilio Ciudadano (SEPRAC), Alicia V\u00e1zquez Luna, afirm\u00f3 que la acci\u00f3n realizada el mi\u00e9rcoles por parte del municipio fue un acto de autoridad con todos los fundamentos legales y lo que se tuvo en respuesta por parte del Ayudante de Ocotepec e integrantes de la ronda fue una transgresi\u00f3n a la ley.<\/p>\n\n\n\n<p>Precis\u00f3 que la Ley Agraria no concede a los comisariados de bienes comunales o ejidales facultades para el desarrollo urbano, por lo cual la regulaci\u00f3n de los asentamientos que se encuentran al interior del poblado le corresponden al municipio de acuerdo al art\u00edculo 115 de la referida norma, que tiene la facultad de poner orden en todo lo que sucede desde el punto de vista de desarrollo urbano, uso de suelo, prestaci\u00f3n de servicios p\u00fablicos, e incluso, de vigilancia.<\/p>\n\n\n\n<p>Explic\u00f3 que las atribuciones de las autoridades auxiliares, como son los ayudantes municipales, est\u00e1n debidamente planteadas en el art\u00edculo 18 del reglamento tanto para la elecci\u00f3n de las autoridades auxiliares municipales como la Ley Org\u00e1nica Municipal, se\u00f1alando que no tienen facultades para expedir licencias de construcci\u00f3n y de funcionamiento, siendo funcionarios que representan a la comunidad ante la autoridad y son el v\u00ednculo de la autoridad para la poblaci\u00f3n.<\/p>\n\n\n\n<p>En este sentido, el alcalde puntualiz\u00f3 que las construcciones que se hagan bajo esos permisos ap\u00f3crifos carecen del reconocimiento oficial por parte del Ayuntamiento de Cuernavaca, pretendiendo en este caso la autoridad de Ocotepec segregar un territorio del municipio y tratar de ordenarlo como les parezca conveniente, lo que no es correcto.<\/p>\n\n\n\n<p>A pesar de esta situaci\u00f3n, Jos\u00e9 Luis Uri\u00f3stegui dej\u00f3 en claro que lo antes mencionado no significa un rompimiento con el poblado de Ocotepec, al contrario, es un llamado al respeto a la ley y quede claro las funciones de autoridades auxiliares tanto de Ocotepec como de los otros pueblos de Cuernavaca, quienes est\u00e1n llamados a ser part\u00edcipes en la toma de decisiones, pero dentro del margen legal.<\/p>\n\n\n\n<p>\u201cHoy enfrentamos una circunstancia que va a obligarnos tanto a las autoridades de Ocotepec como del Ayuntamiento a establecer una mesa de di\u00e1logo para comprender mutuamente que sucede al interior de los bienes comunales y que sucede con la autoridad municipal para que las decisiones que tomemos favorezcan a toda la poblaci\u00f3n del municipio de Cuernavaca y particularmente por los que no viven ah\u00ed, pero se ven obligados a transitar diariamente por el poblado de Ocotepec\u201d, destac\u00f3.<\/p>\n\n\n\n<p>Explic\u00f3 que la retenci\u00f3n del elemento de polic\u00eda vial y la necesidad de hacer una sustituci\u00f3n por la persona que fue encontrada en la comisi\u00f3n de un delito flagrante de portaci\u00f3n de arma obedece tambi\u00e9n a la toma de decisiones que impiden da\u00f1os de mayores consecuencias y a pesar de que est\u00e1n ciertos que esto no deber\u00eda suceder, la integridad del elemento policiaco reclamaba la atenci\u00f3n y la toma de decisiones inmediatas.<\/p>\n\n\n\n<p>Finalmente, inform\u00f3 que el Gobierno Municipal ha presentado ya dos denuncias contra quien resulte responsable y ser\u00e1 el Ministerio P\u00fablico quien les d\u00e9 seguimiento y finque responsabilidades contra quien corresponda.<\/p>\n\n\n\n<figure class=\"wp-container-2 wp-block-gallery-1 wp-block-gallery has-nested-images columns-default is-cropped\">\n<figure class=\"wp-block-image size-large\"><img loading=\"lazy\" width=\"1024\" height=\"682\" data-id=\"10628\"  src=\"https:\/\/cuernavaca.gob.mx\/wp-content\/uploads\/2022\/05\/Conciliacio\u0301n-Ocotepec-01.jpg\" alt=\"\" class=\"wp-image-10628\" srcset=\"https:\/\/cuernavaca.gob.mx\/wp-content\/uploads\/2022\/05\/Conciliacio\u0301n-Ocotepec-01.jpg 1024w, https:\/\/cuernavaca.gob.mx\/wp-content\/uploads\/2022\/05\/Conciliacio\u0301n-Ocotepec-01-300x200.jpg 300w, https:\/\/cuernavaca.gob.mx\/wp-content\/uploads\/2022\/05\/Conciliacio\u0301n-Ocotepec-01-768x512.jpg 768w, https:\/\/cuernavaca.gob.mx\/wp-content\/uploads\/2022\/05\/Conciliacio\u0301n-Ocotepec-01-600x400.jpg 600w, https:\/\/cuernavaca.gob.mx\/wp-content\/uploads\/2022\/05\/Conciliacio\u0301n-Ocotepec-01-560x373.jpg 560w\" sizes=\"(max-width: 1024px) 100vw, 1024px\" \/><\/figure>\n\n\n\n<figure class=\"wp-block-image size-large\"><img loading=\"lazy\" width=\"1024\" height=\"682\" data-id=\"10629\"  src=\"https:\/\/cuernavaca.gob.mx\/wp-content\/uploads\/2022\/05\/Conciliacio\u0301n-Ocotepec-02.jpg\" alt=\"\" class=\"wp-image-10629\" srcset=\"https:\/\/cuernavaca.gob.mx\/wp-content\/uploads\/2022\/05\/Conciliacio\u0301n-Ocotepec-02.jpg 1024w, https:\/\/cuernavaca.gob.mx\/wp-content\/uploads\/2022\/05\/Conciliacio\u0301n-Ocotepec-02-300x200.jpg 300w, https:\/\/cuernavaca.gob.mx\/wp-content\/uploads\/2022\/05\/Conciliacio\u0301n-Ocotepec-02-768x512.jpg 768w, https:\/\/cuernavaca.gob.mx\/wp-content\/uploads\/2022\/05\/Conciliacio\u0301n-Ocotepec-02-600x400.jpg 600w, https:\/\/cuernavaca.gob.mx\/wp-content\/uploads\/2022\/05\/Conciliacio\u0301n-Ocotepec-02-560x373.jpg 560w\" sizes=\"(max-width: 1024px) 100vw, 1024px\" \/><\/figure>\n\n\n\n<figure class=\"wp-block-image size-large\"><img loading=\"lazy\" width=\"1024\" height=\"683\" data-id=\"10631\"  src=\"https:\/\/cuernavaca.gob.mx\/wp-content\/uploads\/2022\/05\/Conciliacio\u0301n-Ocotepec-03.jpg\" alt=\"\" class=\"wp-image-10631\" srcset=\"https:\/\/cuernavaca.gob.mx\/wp-content\/uploads\/2022\/05\/Conciliacio\u0301n-Ocotepec-03.jpg 1024w, https:\/\/cuernavaca.gob.mx\/wp-content\/uploads\/2022\/05\/Conciliacio\u0301n-Ocotepec-03-300x200.jpg 300w, https:\/\/cuernavaca.gob.mx\/wp-content\/uploads\/2022\/05\/Conciliacio\u0301n-Ocotepec-03-768x512.jpg 768w, https:\/\/cuernavaca.gob.mx\/wp-content\/uploads\/2022\/05\/Conciliacio\u0301n-Ocotepec-03-600x400.jpg 600w, https:\/\/cuernavaca.gob.mx\/wp-content\/uploads\/2022\/05\/Conciliacio\u0301n-Ocotepec-03-560x374.jpg 560w\" sizes=\"(max-width: 1024px) 100vw, 1024px\" \/><\/figure>\n\n\n\n<figure class=\"wp-block-image size-large\"><img loading=\"lazy\" width=\"1024\" height=\"609\" data-id=\"10630\"  src=\"https:\/\/cuernavaca.gob.mx\/wp-content\/uploads\/2022\/05\/Conciliacio\u0301n-Ocotepec-04.jpg\" alt=\"\" class=\"wp-image-10630\" srcset=\"https:\/\/cuernavaca.gob.mx\/wp-content\/uploads\/2022\/05\/Conciliacio\u0301n-Ocotepec-04.jpg 1024w, https:\/\/cuernavaca.gob.mx\/wp-content\/uploads\/2022\/05\/Conciliacio\u0301n-Ocotepec-04-300x178.jpg 300w, https:\/\/cuernavaca.gob.mx\/wp-content\/uploads\/2022\/05\/Conciliacio\u0301n-Ocotepec-04-768x457.jpg 768w, https:\/\/cuernavaca.gob.mx\/wp-content\/uploads\/2022\/05\/Conciliacio\u0301n-Ocotepec-04-600x357.jpg 600w, https:\/\/cuernavaca.gob.mx\/wp-content\/uploads\/2022\/05\/Conciliacio\u0301n-Ocotepec-04-560x333.jpg 560w\" sizes=\"(max-width: 1024px) 100vw, 1024px\" \/><\/figure>\n\n\n\n<figure class=\"wp-block-image size-large\"><img loading=\"lazy\" width=\"1024\" height=\"682\" data-id=\"10627\"  src=\"https:\/\/cuernavaca.gob.mx\/wp-content\/uploads\/2022\/05\/Conciliacio\u0301n-Ocotepec-05-1024x682.jpg\" alt=\"\" class=\"wp-image-10627\" srcset=\"https:\/\/cuernavaca.gob.mx\/wp-content\/uploads\/2022\/05\/Conciliacio\u0301n-Ocotepec-05-1024x682.jpg 1024w, https:\/\/cuernavaca.gob.mx\/wp-content\/uploads\/2022\/05\/Conciliacio\u0301n-Ocotepec-05-300x200.jpg 300w, https:\/\/cuernavaca.gob.mx\/wp-content\/uploads\/2022\/05\/Conciliacio\u0301n-Ocotepec-05-768x512.jpg 768w, https:\/\/cuernavaca.gob.mx\/wp-content\/uploads\/2022\/05\/Conciliacio\u0301n-Ocotepec-05-600x400.jpg 600w, https:\/\/cuernavaca.gob.mx\/wp-content\/uploads\/2022\/05\/Conciliacio\u0301n-Ocotepec-05-560x373.jpg 560w, https:\/\/cuernavaca.gob.mx\/wp-content\/uploads\/2022\/05\/Conciliacio\u0301n-Ocotepec-05.jpg 1280w\" sizes=\"(max-width: 1024px) 100vw, 1024px\" \/><\/figure>\n<\/figure>\n","protected":false},"excerpt":{"rendered":"<p>El presidente municipal de Cuernavaca, Jos\u00e9 Luis Uri\u00f3stegui aclar\u00f3 que los usos y costumbres no est\u00e1n por encima de la ley Autoridades municipales puntualizaron que las autoridades auxiliares y comisariados de bienes comunales y ejidales no tienen facultades para expedir licencias de construcci\u00f3n ni de funcionamiento Tras los hechos violentos registrados el pasado mi\u00e9rcoles 11 [&hellip;]<\/p>\n","protected":false},"author":1,"featured_media":10627,"comment_status":"closed","ping_status":"closed","sticky":false,"template":"","format":"standard","meta":[],"categories":[20,17],"tags":[142,405,121,288,120,545,252],"aioseo_notices":[],"_links":{"self":[{"href":"https:\/\/cuernavaca.gob.mx\/index.php?rest_route=\/wp\/v2\/posts\/10626"}],"collection":[{"href":"https:\/\/cuernavaca.gob.mx\/index.php?rest_route=\/wp\/v2\/posts"}],"about":[{"href":"https:\/\/cuernavaca.gob.mx\/index.php?rest_route=\/wp\/v2\/types\/post"}],"author":[{"embeddable":true,"href":"https:\/\/cuernavaca.gob.mx\/index.php?rest_route=\/wp\/v2\/users\/1"}],"replies":[{"embeddable":true,"href":"https:\/\/cuernavaca.gob.mx\/index.php?rest_route=%2Fwp%2Fv2%2Fcomments&post=10626"}],"version-history":[{"count":2,"href":"https:\/\/cuernavaca.gob.mx\/index.php?rest_route=\/wp\/v2\/posts\/10626\/revisions"}],"predecessor-version":[{"id":10633,"href":"https:\/\/cuernavaca.gob.mx\/index.php?rest_route=\/wp\/v2\/posts\/10626\/revisions\/10633"}],"wp:featuredmedia":[{"embeddable":true,"href":"https:\/\/cuernavaca.gob.mx\/index.php?rest_route=\/wp\/v2\/media\/10627"}],"wp:attachment":[{"href":"https:\/\/cuernavaca.gob.mx\/index.php?rest_route=%2Fwp%2Fv2%2Fmedia&parent=10626"}],"wp:term":[{"taxonomy":"category","embeddable":true,"href":"https:\/\/cuernavaca.gob.mx\/index.php?rest_route=%2Fwp%2Fv2%2Fcategories&post=10626"},{"taxonomy":"post_tag","embeddable":true,"href":"https:\/\/cuernavaca.gob.mx\/index.php?rest_route=%2Fwp%2Fv2%2Ftags&post=10626"}],"curies":[{"name":"wp","href":"https:\/\/api.w.org\/{rel}","templated":true}]}}