{"id":10852,"date":"2022-03-18T16:00:00","date_gmt":"2022-03-18T22:00:00","guid":{"rendered":"http:\/\/cuernavaca.gob.mx\/?p=10852"},"modified":"2025-05-06T11:00:18","modified_gmt":"2025-05-06T17:00:18","slug":"exhorta-comite-de-emergencias-sanitarias-a-no-bajar-la-guardia-por-fin-de-semana-largo","status":"publish","type":"post","link":"https:\/\/cuernavaca.gob.mx\/?p=10852","title":{"rendered":"Exhorta Comit\u00e9 de Emergencias Sanitarias a no bajar la guardia por fin de semana largo"},"content":{"rendered":"\n<p><strong>Se convoca a los cuernavacenses y visitantes a respetar los protocolos vigentes, como es el uso correcto del cubrebocas<\/strong><\/p>\n\n\n\n<p>Con el arranque del fin de semana largo, el Comit\u00e9 de Emergencias Sanitarias de Cuernavaca (CMES) llama a la poblaci\u00f3n, visitantes y comerciantes de bienes y servicios a no bajar la guardia y seguir respetando cada uno de los protocolos sanitarios vigentes, sobre todo el uso correcto del cubrebocas, ya que la pandemia por el virus del SARS-CoV-2 permanece activa, particularmente en Cuernavaca.<\/p>\n\n\n\n<p>Pese al descenso en el n\u00famero de contagios y al estar Morelos en color verde del sem\u00e1foro epidemiol\u00f3gico federal, el Comit\u00e9 de Emergencias Sanitarias de Cuernavaca destac\u00f3 que las recomendaciones se reducen al uso del cubrebocas, que ha mostrado mayor eficiencia para la contenci\u00f3n y delimitaci\u00f3n de contagios, aunado al lavado constante de manos o uso de gel antibacterial, que son fundamentales.<\/p>\n\n\n\n<p>\u201cQu\u00e9 bueno que se presta este fin de semana largo para que vengan y nos visiten, pero bajo condiciones, sugerencias y recomendaciones para nuestros visitantes y tambi\u00e9n para quienes habitamos aqu\u00ed en Cuernavaca; esas tres medidas ayudan much\u00edsimo\u201d, aclar\u00f3 el Director de Salud y Educaci\u00f3n del Ayuntamiento de Cuernavaca y secretario t\u00e9cnico del CMES, Josu\u00e9 Larios Morales.<\/p>\n\n\n\n<p>Precis\u00f3 que los esfuerzos deben centrarse en la vigilancia del uso correcto del cubrebocas en todos los espacios, puesto que, si bien en la entrada de los negocios de bienes y servicios pueden contar con filtros sanitarios para tomar temperatura y tapetes sanitizantes, se ha demostrado que no son de todo eficaces.<\/p>\n\n\n\n<p>En este contexto, puntualiz\u00f3 que toda la poblaci\u00f3n, sin importar distinciones de edad, debe usar el cubrebocas, particularmente porque todas aquellas personas que no han sido vacunadas son vulnerables no solo a contagiarse, sino tambi\u00e9n a tener complicaciones.<\/p>\n\n\n\n<p>En cuanto a la reanudaci\u00f3n de una serie de actividades con mayor aforo con el cambio a verde del sem\u00e1foro epidemiol\u00f3gico, como son las actividades que se estar\u00e1n llevando a cabo este fin de semana largo a cargo del Gobierno Municipal a trav\u00e9s del evento \u201cEl Puente de la Primavera, V\u00edvelo en Cuernavaca\u201d, el Comit\u00e9 de Emergencias Sanitarias de Cuernavaca (CMES) vigilar\u00e1 que sean aplicados los protocolos sanitarios establecidos para la realizaci\u00f3n de eventos culturales, art\u00edsticos y econ\u00f3micos.<\/p>\n\n\n\n<figure class=\"wp-container-2 wp-block-gallery-1 wp-block-gallery has-nested-images columns-default is-cropped\">\n<figure class=\"wp-block-image size-large\"><img loading=\"lazy\" width=\"1024\" height=\"682\" data-id=\"10853\"  src=\"https:\/\/cuernavaca.gob.mx\/wp-content\/uploads\/2022\/05\/Josue\u0301-Larios-Morales-01-1024x682.jpg\" alt=\"\" class=\"wp-image-10853\" srcset=\"https:\/\/cuernavaca.gob.mx\/wp-content\/uploads\/2022\/05\/Josue\u0301-Larios-Morales-01-1024x682.jpg 1024w, https:\/\/cuernavaca.gob.mx\/wp-content\/uploads\/2022\/05\/Josue\u0301-Larios-Morales-01-300x200.jpg 300w, https:\/\/cuernavaca.gob.mx\/wp-content\/uploads\/2022\/05\/Josue\u0301-Larios-Morales-01-768x512.jpg 768w, https:\/\/cuernavaca.gob.mx\/wp-content\/uploads\/2022\/05\/Josue\u0301-Larios-Morales-01-600x400.jpg 600w, https:\/\/cuernavaca.gob.mx\/wp-content\/uploads\/2022\/05\/Josue\u0301-Larios-Morales-01-560x373.jpg 560w, https:\/\/cuernavaca.gob.mx\/wp-content\/uploads\/2022\/05\/Josue\u0301-Larios-Morales-01.jpg 1280w\" sizes=\"(max-width: 1024px) 100vw, 1024px\" \/><\/figure>\n\n\n\n<figure class=\"wp-block-image size-large\"><img loading=\"lazy\" width=\"1024\" height=\"682\" data-id=\"10854\"  src=\"https:\/\/cuernavaca.gob.mx\/wp-content\/uploads\/2022\/05\/Josue\u0301-Larios-Morales-02-1024x682.jpg\" alt=\"\" class=\"wp-image-10854\" srcset=\"https:\/\/cuernavaca.gob.mx\/wp-content\/uploads\/2022\/05\/Josue\u0301-Larios-Morales-02-1024x682.jpg 1024w, https:\/\/cuernavaca.gob.mx\/wp-content\/uploads\/2022\/05\/Josue\u0301-Larios-Morales-02-300x200.jpg 300w, https:\/\/cuernavaca.gob.mx\/wp-content\/uploads\/2022\/05\/Josue\u0301-Larios-Morales-02-768x512.jpg 768w, https:\/\/cuernavaca.gob.mx\/wp-content\/uploads\/2022\/05\/Josue\u0301-Larios-Morales-02-600x400.jpg 600w, https:\/\/cuernavaca.gob.mx\/wp-content\/uploads\/2022\/05\/Josue\u0301-Larios-Morales-02-560x373.jpg 560w, https:\/\/cuernavaca.gob.mx\/wp-content\/uploads\/2022\/05\/Josue\u0301-Larios-Morales-02.jpg 1280w\" sizes=\"(max-width: 1024px) 100vw, 1024px\" \/><\/figure>\n<\/figure>\n","protected":false},"excerpt":{"rendered":"<p>Se convoca a los cuernavacenses y visitantes a respetar los protocolos vigentes, como es el uso correcto del cubrebocas Con el arranque del fin de semana largo, el Comit\u00e9 de Emergencias Sanitarias de Cuernavaca (CMES) llama a la poblaci\u00f3n, visitantes y comerciantes de bienes y servicios a no bajar la guardia y seguir respetando cada [&hellip;]<\/p>\n","protected":false},"author":1,"featured_media":10853,"comment_status":"closed","ping_status":"closed","sticky":false,"template":"","format":"standard","meta":[],"categories":[118,20],"tags":[779,167,121,780,352,247,120,472,125],"aioseo_notices":[],"_links":{"self":[{"href":"https:\/\/cuernavaca.gob.mx\/index.php?rest_route=\/wp\/v2\/posts\/10852"}],"collection":[{"href":"https:\/\/cuernavaca.gob.mx\/index.php?rest_route=\/wp\/v2\/posts"}],"about":[{"href":"https:\/\/cuernavaca.gob.mx\/index.php?rest_route=\/wp\/v2\/types\/post"}],"author":[{"embeddable":true,"href":"https:\/\/cuernavaca.gob.mx\/index.php?rest_route=\/wp\/v2\/users\/1"}],"replies":[{"embeddable":true,"href":"https:\/\/cuernavaca.gob.mx\/index.php?rest_route=%2Fwp%2Fv2%2Fcomments&post=10852"}],"version-history":[{"count":2,"href":"https:\/\/cuernavaca.gob.mx\/index.php?rest_route=\/wp\/v2\/posts\/10852\/revisions"}],"predecessor-version":[{"id":10857,"href":"https:\/\/cuernavaca.gob.mx\/index.php?rest_route=\/wp\/v2\/posts\/10852\/revisions\/10857"}],"wp:featuredmedia":[{"embeddable":true,"href":"https:\/\/cuernavaca.gob.mx\/index.php?rest_route=\/wp\/v2\/media\/10853"}],"wp:attachment":[{"href":"https:\/\/cuernavaca.gob.mx\/index.php?rest_route=%2Fwp%2Fv2%2Fmedia&parent=10852"}],"wp:term":[{"taxonomy":"category","embeddable":true,"href":"https:\/\/cuernavaca.gob.mx\/index.php?rest_route=%2Fwp%2Fv2%2Fcategories&post=10852"},{"taxonomy":"post_tag","embeddable":true,"href":"https:\/\/cuernavaca.gob.mx\/index.php?rest_route=%2Fwp%2Fv2%2Ftags&post=10852"}],"curies":[{"name":"wp","href":"https:\/\/api.w.org\/{rel}","templated":true}]}}