{"id":10950,"date":"2022-03-22T14:00:00","date_gmt":"2022-03-22T20:00:00","guid":{"rendered":"http:\/\/cuernavaca.gob.mx\/?p=10950"},"modified":"2025-05-06T11:00:16","modified_gmt":"2025-05-06T17:00:16","slug":"realizan-jornadas-de-limpieza-de-barrancas-y-puntos-criticos-de-inundaciones-en-cuernavaca","status":"publish","type":"post","link":"https:\/\/cuernavaca.gob.mx\/?p=10950","title":{"rendered":"Realizan jornadas de limpieza de barrancas y puntos cr\u00edticos de inundaciones en Cuernavaca"},"content":{"rendered":"\n<p><strong>Se tienen identificados 37 puntos cr\u00edticos y cada seis meses se realizan limpieza profunda<\/strong><\/p>\n\n\n\n<p><strong>El Ayuntamiento multar\u00e1 a quienes contin\u00faan provocando contaminaci\u00f3n de las barrancas<\/strong><\/p>\n\n\n\n<p>Personal de la Direcci\u00f3n de Desarrollo Sustentable de Cuernavaca de la Secretar\u00eda de Desarrollo Sustentable y Servicios P\u00fablicos, realiza jornadas de limpieza de barrancas y puntos cr\u00edticos susceptibles a desbordamientos los cuales pueden causar inundaciones en el municipio durante el temporal de lluvias.<\/p>\n\n\n\n<p>La titular del Departamento de Conservaci\u00f3n de Barrancas y \u00c1reas Naturales Protegidas, inform\u00f3 que se tienen identificados 37 puntos cr\u00edticos, por lo que cada seis meses se realizan limpiezas de barrancas con brigadas del ayuntamiento de Cuernavaca a fin de retirar los residuos s\u00f3lidos y evitar as\u00ed taponamientos.<\/p>\n\n\n\n<p>Destac\u00f3 que se tienen ubicados los puntos cr\u00edticos en donde con anterioridad se ha desbordado barrancas y cauces cuando existe un taponamiento por los residuos s\u00f3lidos, causando inundaciones en casas aleda\u00f1as.<\/p>\n\n\n\n<p>El principal llamado a la poblaci\u00f3n, es pedirles que eviten arrojar basura, desechos s\u00f3lidos y hasta muebles y electrodom\u00e9sticos como refrigeradores, colchones, sillones, llantas de todo tipo y tama\u00f1o e incluso hasta material m\u00e9dico, que se han encontrado en las barrancas.<\/p>\n\n\n\n<p>La funcionaria municipal record\u00f3 que dentro de la Ley de Equilibrio Ecol\u00f3gico est\u00e1 se\u00f1alado que toda persona o personas que contaminen los cuerpos de agua de Cuernavaca puede ser sujeta a una sanci\u00f3n y hoy en d\u00eda se est\u00e1 trabajando en el municipio con la Fiscal\u00eda Ambiental, quienes ser\u00e1n los encargados de aplicar los procedimientos administrativos correspondientes.<\/p>\n\n\n\n<figure class=\"wp-container-2 wp-block-gallery-1 wp-block-gallery has-nested-images columns-default is-cropped\">\n<figure class=\"wp-block-image size-large\"><img loading=\"lazy\" width=\"1024\" height=\"461\" data-id=\"10954\"  src=\"https:\/\/cuernavaca.gob.mx\/wp-content\/uploads\/2022\/05\/Jornada-de-limpieza-01-1024x461.jpg\" alt=\"\" class=\"wp-image-10954\" srcset=\"https:\/\/cuernavaca.gob.mx\/wp-content\/uploads\/2022\/05\/Jornada-de-limpieza-01-1024x461.jpg 1024w, https:\/\/cuernavaca.gob.mx\/wp-content\/uploads\/2022\/05\/Jornada-de-limpieza-01-300x135.jpg 300w, https:\/\/cuernavaca.gob.mx\/wp-content\/uploads\/2022\/05\/Jornada-de-limpieza-01-768x346.jpg 768w, https:\/\/cuernavaca.gob.mx\/wp-content\/uploads\/2022\/05\/Jornada-de-limpieza-01-1536x691.jpg 1536w, https:\/\/cuernavaca.gob.mx\/wp-content\/uploads\/2022\/05\/Jornada-de-limpieza-01-600x270.jpg 600w, https:\/\/cuernavaca.gob.mx\/wp-content\/uploads\/2022\/05\/Jornada-de-limpieza-01-560x252.jpg 560w, https:\/\/cuernavaca.gob.mx\/wp-content\/uploads\/2022\/05\/Jornada-de-limpieza-01.jpg 1600w\" sizes=\"(max-width: 1024px) 100vw, 1024px\" \/><\/figure>\n\n\n\n<figure class=\"wp-block-image size-large\"><img loading=\"lazy\" width=\"1024\" height=\"461\" data-id=\"10952\"  src=\"https:\/\/cuernavaca.gob.mx\/wp-content\/uploads\/2022\/05\/Jornada-de-limpieza-02-1024x461.jpg\" alt=\"\" class=\"wp-image-10952\" srcset=\"https:\/\/cuernavaca.gob.mx\/wp-content\/uploads\/2022\/05\/Jornada-de-limpieza-02-1024x461.jpg 1024w, https:\/\/cuernavaca.gob.mx\/wp-content\/uploads\/2022\/05\/Jornada-de-limpieza-02-300x135.jpg 300w, https:\/\/cuernavaca.gob.mx\/wp-content\/uploads\/2022\/05\/Jornada-de-limpieza-02-768x346.jpg 768w, https:\/\/cuernavaca.gob.mx\/wp-content\/uploads\/2022\/05\/Jornada-de-limpieza-02-1536x691.jpg 1536w, https:\/\/cuernavaca.gob.mx\/wp-content\/uploads\/2022\/05\/Jornada-de-limpieza-02-600x270.jpg 600w, https:\/\/cuernavaca.gob.mx\/wp-content\/uploads\/2022\/05\/Jornada-de-limpieza-02-560x252.jpg 560w, https:\/\/cuernavaca.gob.mx\/wp-content\/uploads\/2022\/05\/Jornada-de-limpieza-02.jpg 1600w\" sizes=\"(max-width: 1024px) 100vw, 1024px\" \/><\/figure>\n\n\n\n<figure class=\"wp-block-image size-large\"><img loading=\"lazy\" width=\"1024\" height=\"461\" data-id=\"10951\"  src=\"https:\/\/cuernavaca.gob.mx\/wp-content\/uploads\/2022\/05\/Jornada-de-limpieza-03-1024x461.jpg\" alt=\"\" class=\"wp-image-10951\" srcset=\"https:\/\/cuernavaca.gob.mx\/wp-content\/uploads\/2022\/05\/Jornada-de-limpieza-03-1024x461.jpg 1024w, https:\/\/cuernavaca.gob.mx\/wp-content\/uploads\/2022\/05\/Jornada-de-limpieza-03-300x135.jpg 300w, https:\/\/cuernavaca.gob.mx\/wp-content\/uploads\/2022\/05\/Jornada-de-limpieza-03-768x346.jpg 768w, https:\/\/cuernavaca.gob.mx\/wp-content\/uploads\/2022\/05\/Jornada-de-limpieza-03-1536x691.jpg 1536w, https:\/\/cuernavaca.gob.mx\/wp-content\/uploads\/2022\/05\/Jornada-de-limpieza-03-600x270.jpg 600w, https:\/\/cuernavaca.gob.mx\/wp-content\/uploads\/2022\/05\/Jornada-de-limpieza-03-560x252.jpg 560w, https:\/\/cuernavaca.gob.mx\/wp-content\/uploads\/2022\/05\/Jornada-de-limpieza-03.jpg 1600w\" sizes=\"(max-width: 1024px) 100vw, 1024px\" \/><\/figure>\n\n\n\n<figure class=\"wp-block-image size-large\"><img loading=\"lazy\" width=\"1024\" height=\"461\" data-id=\"10953\"  src=\"https:\/\/cuernavaca.gob.mx\/wp-content\/uploads\/2022\/05\/Jornada-de-limpieza-04-1024x461.jpg\" alt=\"\" class=\"wp-image-10953\" srcset=\"https:\/\/cuernavaca.gob.mx\/wp-content\/uploads\/2022\/05\/Jornada-de-limpieza-04-1024x461.jpg 1024w, https:\/\/cuernavaca.gob.mx\/wp-content\/uploads\/2022\/05\/Jornada-de-limpieza-04-300x135.jpg 300w, https:\/\/cuernavaca.gob.mx\/wp-content\/uploads\/2022\/05\/Jornada-de-limpieza-04-768x346.jpg 768w, https:\/\/cuernavaca.gob.mx\/wp-content\/uploads\/2022\/05\/Jornada-de-limpieza-04-1536x691.jpg 1536w, https:\/\/cuernavaca.gob.mx\/wp-content\/uploads\/2022\/05\/Jornada-de-limpieza-04-600x270.jpg 600w, https:\/\/cuernavaca.gob.mx\/wp-content\/uploads\/2022\/05\/Jornada-de-limpieza-04-560x252.jpg 560w, https:\/\/cuernavaca.gob.mx\/wp-content\/uploads\/2022\/05\/Jornada-de-limpieza-04.jpg 1600w\" sizes=\"(max-width: 1024px) 100vw, 1024px\" \/><\/figure>\n\n\n\n<figure class=\"wp-block-image size-large\"><img loading=\"lazy\" width=\"1024\" height=\"461\" data-id=\"10955\"  src=\"https:\/\/cuernavaca.gob.mx\/wp-content\/uploads\/2022\/05\/Jornada-de-limpieza-05-1024x461.jpg\" alt=\"\" class=\"wp-image-10955\" srcset=\"https:\/\/cuernavaca.gob.mx\/wp-content\/uploads\/2022\/05\/Jornada-de-limpieza-05-1024x461.jpg 1024w, https:\/\/cuernavaca.gob.mx\/wp-content\/uploads\/2022\/05\/Jornada-de-limpieza-05-300x135.jpg 300w, https:\/\/cuernavaca.gob.mx\/wp-content\/uploads\/2022\/05\/Jornada-de-limpieza-05-768x346.jpg 768w, https:\/\/cuernavaca.gob.mx\/wp-content\/uploads\/2022\/05\/Jornada-de-limpieza-05-1536x691.jpg 1536w, https:\/\/cuernavaca.gob.mx\/wp-content\/uploads\/2022\/05\/Jornada-de-limpieza-05-600x270.jpg 600w, https:\/\/cuernavaca.gob.mx\/wp-content\/uploads\/2022\/05\/Jornada-de-limpieza-05-560x252.jpg 560w, https:\/\/cuernavaca.gob.mx\/wp-content\/uploads\/2022\/05\/Jornada-de-limpieza-05.jpg 1600w\" sizes=\"(max-width: 1024px) 100vw, 1024px\" \/><\/figure>\n<\/figure>\n","protected":false},"excerpt":{"rendered":"<p>Se tienen identificados 37 puntos cr\u00edticos y cada seis meses se realizan limpieza profunda El Ayuntamiento multar\u00e1 a quienes contin\u00faan provocando contaminaci\u00f3n de las barrancas Personal de la Direcci\u00f3n de Desarrollo Sustentable de Cuernavaca de la Secretar\u00eda de Desarrollo Sustentable y Servicios P\u00fablicos, realiza jornadas de limpieza de barrancas y puntos cr\u00edticos susceptibles a desbordamientos [&hellip;]<\/p>\n","protected":false},"author":1,"featured_media":10953,"comment_status":"closed","ping_status":"open","sticky":false,"template":"","format":"standard","meta":[],"categories":[20,208],"tags":[501,121,811,453,810,120],"aioseo_notices":[],"_links":{"self":[{"href":"https:\/\/cuernavaca.gob.mx\/index.php?rest_route=\/wp\/v2\/posts\/10950"}],"collection":[{"href":"https:\/\/cuernavaca.gob.mx\/index.php?rest_route=\/wp\/v2\/posts"}],"about":[{"href":"https:\/\/cuernavaca.gob.mx\/index.php?rest_route=\/wp\/v2\/types\/post"}],"author":[{"embeddable":true,"href":"https:\/\/cuernavaca.gob.mx\/index.php?rest_route=\/wp\/v2\/users\/1"}],"replies":[{"embeddable":true,"href":"https:\/\/cuernavaca.gob.mx\/index.php?rest_route=%2Fwp%2Fv2%2Fcomments&post=10950"}],"version-history":[{"count":2,"href":"https:\/\/cuernavaca.gob.mx\/index.php?rest_route=\/wp\/v2\/posts\/10950\/revisions"}],"predecessor-version":[{"id":10989,"href":"https:\/\/cuernavaca.gob.mx\/index.php?rest_route=\/wp\/v2\/posts\/10950\/revisions\/10989"}],"wp:featuredmedia":[{"embeddable":true,"href":"https:\/\/cuernavaca.gob.mx\/index.php?rest_route=\/wp\/v2\/media\/10953"}],"wp:attachment":[{"href":"https:\/\/cuernavaca.gob.mx\/index.php?rest_route=%2Fwp%2Fv2%2Fmedia&parent=10950"}],"wp:term":[{"taxonomy":"category","embeddable":true,"href":"https:\/\/cuernavaca.gob.mx\/index.php?rest_route=%2Fwp%2Fv2%2Fcategories&post=10950"},{"taxonomy":"post_tag","embeddable":true,"href":"https:\/\/cuernavaca.gob.mx\/index.php?rest_route=%2Fwp%2Fv2%2Ftags&post=10950"}],"curies":[{"name":"wp","href":"https:\/\/api.w.org\/{rel}","templated":true}]}}