{"id":10957,"date":"2022-03-22T16:00:00","date_gmt":"2022-03-22T22:00:00","guid":{"rendered":"http:\/\/cuernavaca.gob.mx\/?p=10957"},"modified":"2025-05-06T11:00:15","modified_gmt":"2025-05-06T17:00:15","slug":"conmemora-sapac-el-dia-mundial-del-agua-2022","status":"publish","type":"post","link":"https:\/\/cuernavaca.gob.mx\/?p=10957","title":{"rendered":"Conmemora SAPAC el D\u00eda Mundial del Agua 2022"},"content":{"rendered":"\n<p><strong>Los promotores del agua difunden mensajes de concientizaci\u00f3n de manera permanente, para lograr una participaci\u00f3n activa y responsable de la sociedad.<\/strong><\/p>\n\n\n\n<p>El Sistema de Agua Potable y Alcantarillado de Cuernavaca (SAPAC), llev\u00f3 a cabo la conmemoraci\u00f3n del D\u00eda Mundial del Agua, esto a\u00f1o bajo el lema \u201cAgua Subterr\u00e1nea, Haciendo Visible lo Invisible\u201d, donde personal del Espacio de Cultura del Agua (ECA) realiz\u00f3 un recorrido virtual por el manantial \u201cEl T\u00fanel\u201d, adem\u00e1s de participar en la conferencia virtual organizada por la Comisi\u00f3n Estatal del Agua (Ceagua).<\/p>\n\n\n\n<p>Estas acciones se realizan con el firme objetivo de concientizar a la poblaci\u00f3n sobre la importancia de las aguas subterr\u00e1neas, debido a que lo que hacemos en la superficie repercute bajo la tierra, por lo que le debemos de utilizar el vital l\u00edquido con la mayor eficiencia posible. Por ello personal del ECA, llev\u00f3 a cabo un recorrido por el manantial el T\u00fanel, para dar a conocer que es el agua subterr\u00e1nea, resaltando la importancia de los mantos acu\u00edferos.<\/p>\n\n\n\n<p>La Directora General del SAPAC refiri\u00f3 que de manera permanente los promotores del agua del SAPAC, mantienen un programa de concientizaci\u00f3n para fomentar el cuidado del agua y medio ambiente, a trav\u00e9s de su noticiero NotiH2O, transmitido a trav\u00e9s de Facebook \u201cCultura del Agua Cuernavaca\u201d, donde se presentan entrevistas y reportajes sobre estos temas.<\/p>\n\n\n\n<p>Agreg\u00f3 que con la llegada del temporal de estiaje donde se presenta una reducci\u00f3n en los niveles de nuestros caudales naturales del agua, la principal misi\u00f3n de los promotores del agua es lograr una participaci\u00f3n activa y responsable de la ciudadan\u00eda, debido a que en esta \u00e9poca se presenta una disminuci\u00f3n en la disposici\u00f3n del recurso al mismo tiempo que aumenta su demanda.<\/p>\n\n\n\n<p>Por lo anterior, se difunden diversas campa\u00f1as de concientizaci\u00f3n, donde se promueven diversos cambios de h\u00e1bitos que pueden llevar a cabo desde sus hogares, escuelas y centros de trabajo, como reportar fugas de agua que vean en las calles, reparar fugas internas en sus domicilios, regar las \u00e1reas verdes con agua de re\u00faso y por las noches lavar el autom\u00f3vil con una cubeta, entre otras.<\/p>\n\n\n\n<p>Finalmente la titular del SAPAC explic\u00f3 que como consecuencia del temporal de estiaje, es necesario tandear el agua en diversas colonias de Cuernavaca, por lo que es importante que la ciudadan\u00eda contribuya realizando un consumo responsable del l\u00edquido as\u00ed como adoptando la cultura de almacenamiento en sus hogares para evitar desabasto por diferentes imprevistos que pudieran surgir.<\/p>\n","protected":false},"excerpt":{"rendered":"<p>Los promotores del agua difunden mensajes de concientizaci\u00f3n de manera permanente, para lograr una participaci\u00f3n activa y responsable de la sociedad. El Sistema de Agua Potable y Alcantarillado de Cuernavaca (SAPAC), llev\u00f3 a cabo la conmemoraci\u00f3n del D\u00eda Mundial del Agua, esto a\u00f1o bajo el lema \u201cAgua Subterr\u00e1nea, Haciendo Visible lo Invisible\u201d, donde personal del [&hellip;]<\/p>\n","protected":false},"author":1,"featured_media":10958,"comment_status":"closed","ping_status":"closed","sticky":false,"template":"","format":"standard","meta":[],"categories":[20,145],"tags":[395,121,812,745,120,124],"aioseo_notices":[],"_links":{"self":[{"href":"https:\/\/cuernavaca.gob.mx\/index.php?rest_route=\/wp\/v2\/posts\/10957"}],"collection":[{"href":"https:\/\/cuernavaca.gob.mx\/index.php?rest_route=\/wp\/v2\/posts"}],"about":[{"href":"https:\/\/cuernavaca.gob.mx\/index.php?rest_route=\/wp\/v2\/types\/post"}],"author":[{"embeddable":true,"href":"https:\/\/cuernavaca.gob.mx\/index.php?rest_route=\/wp\/v2\/users\/1"}],"replies":[{"embeddable":true,"href":"https:\/\/cuernavaca.gob.mx\/index.php?rest_route=%2Fwp%2Fv2%2Fcomments&post=10957"}],"version-history":[{"count":2,"href":"https:\/\/cuernavaca.gob.mx\/index.php?rest_route=\/wp\/v2\/posts\/10957\/revisions"}],"predecessor-version":[{"id":10988,"href":"https:\/\/cuernavaca.gob.mx\/index.php?rest_route=\/wp\/v2\/posts\/10957\/revisions\/10988"}],"wp:featuredmedia":[{"embeddable":true,"href":"https:\/\/cuernavaca.gob.mx\/index.php?rest_route=\/wp\/v2\/media\/10958"}],"wp:attachment":[{"href":"https:\/\/cuernavaca.gob.mx\/index.php?rest_route=%2Fwp%2Fv2%2Fmedia&parent=10957"}],"wp:term":[{"taxonomy":"category","embeddable":true,"href":"https:\/\/cuernavaca.gob.mx\/index.php?rest_route=%2Fwp%2Fv2%2Fcategories&post=10957"},{"taxonomy":"post_tag","embeddable":true,"href":"https:\/\/cuernavaca.gob.mx\/index.php?rest_route=%2Fwp%2Fv2%2Ftags&post=10957"}],"curies":[{"name":"wp","href":"https:\/\/api.w.org\/{rel}","templated":true}]}}