{"id":11144,"date":"2022-05-20T16:00:00","date_gmt":"2022-05-20T21:00:00","guid":{"rendered":"http:\/\/cuernavaca.gob.mx\/?p=11144"},"modified":"2025-05-06T11:24:50","modified_gmt":"2025-05-06T17:24:50","slug":"ayuntamiento-y-gobierno-del-estado-suman-voluntades-a-favor-de-las-familias-de-cuernavaca","status":"publish","type":"post","link":"https:\/\/cuernavaca.gob.mx\/?p=11144","title":{"rendered":"Ayuntamiento y Gobierno del estado suman voluntades a favor de las familias de Cuernavaca"},"content":{"rendered":"\n<p><strong>El presidente municipal Jos\u00e9 Luis Uri\u00f3stegui acompa\u00f1\u00f3 al gobernador Cuauht\u00e9moc Blanco en la inauguraci\u00f3n de la Remodelaci\u00f3n de la Unidad Deportiva de La Lagunilla<\/strong><\/p>\n\n\n\n<p><strong>La obra representa la oportunidad de potencializar las actividades deportivas de ni\u00f1as, ni\u00f1os y j\u00f3venes y alejarlos de adicciones y conductas inadecuadas<\/strong><\/p>\n\n\n\n<p>Con un agradecimiento por considerar una inversi\u00f3n p\u00fablica de m\u00e1s de 31.5 millones de pesos para obras de impacto social en la ciudad, el presidente municipal Jos\u00e9 Luis Uri\u00f3stegui Salgado particip\u00f3 acompa\u00f1ando al gobernador Cuauht\u00e9moc Banco Bravo en la inauguraci\u00f3n de la Remodelaci\u00f3n de la Unidad Deportiva \u201cLa Lagunilla\u201d al poniente de Cuernavaca.<\/p>\n\n\n\n<p>Acompa\u00f1ado de integrantes del Cabildo, Jos\u00e9 Luis Uri\u00f3stegui resalt\u00f3 la voluntad del gobernador del estado de tener la voluntad de apoyar a la capital del estado con proyectos como es la rehabilitaci\u00f3n de esta unidad, que representa la oportunidad de potencializar las actividades deportivas en ni\u00f1as, ni\u00f1os y j\u00f3venes y alejarlos de adicciones y conductas inadecuadas.<\/p>\n\n\n\n<p>\u201cEs un d\u00eda de celebraci\u00f3n, cuando hemos llegado a este espacio que tradicionalmente estaba abandonado, vemos un cambio total\u201d, se\u00f1al\u00f3 el alcalde capitalino, al referir la transformaci\u00f3n de lo que ahora es una unidad deportiva, que cuenta con pasto sint\u00e9tico, aparatos para activaci\u00f3n f\u00edsica, pista para corredores que invitan a la convivencia comunitaria.<\/p>\n\n\n\n<p>Record\u00f3 que esta cancha era de tierra y piedras, de alto riesgo para los jugadores, por lo que parafraseando el lema del equipo de F\u00fatbol Zacatepec \u201cHacer deporte es hacer Patria\u201d, en el campo de la colonia La Lagunilla hacer deporte era un acto de hero\u00edsmo por lo que representaba para los deportistas exponerse a alguna lesi\u00f3n en tan complicada cancha.<\/p>\n\n\n\n<p>El gobernador Cuauht\u00e9moc Blanco, hizo un llamado a las familias de La Lagunilla para que cuiden y den buen uso a esta nueva unidad deportiva, ya que depende del trabajo comunitario impulsar los sue\u00f1os de las juventudes, recuperar el tejido social, una tarea que resalt\u00f3 es de todos y cada acci\u00f3n es importante para lograrlo.<\/p>\n\n\n\n<p>Esta remodelaci\u00f3n de la Unidad Deportiva \u201cLa Lagunilla\u201d, requiri\u00f3 con una inversi\u00f3n del Gobierno del Estado de m\u00e1s de 31 millones 578 mil pesos, inform\u00f3 Leticia Nolasco Ortigoza, encargada de despacho de la Secretar\u00eda de Obras P\u00fablicas de Morelos, en trabajo que integran la cancha de futbol con pasto artificial, cancha de usos m\u00faltiples, remodelaci\u00f3n de grader\u00edas, trotapista, una zona de convivencia para ni\u00f1os, juegos infantiles, andadores peatonales, alumbrado, as\u00ed como la reconstrucci\u00f3n de un edificio de usos m\u00faltiples en dos niveles.<\/p>\n\n\n\n<figure class=\"wp-container-2 wp-block-gallery-1 wp-block-gallery has-nested-images columns-default is-cropped\">\n<figure class=\"wp-block-image size-large\"><img loading=\"lazy\" width=\"1024\" height=\"682\" data-id=\"11146\"  src=\"https:\/\/cuernavaca.gob.mx\/wp-content\/uploads\/2022\/05\/Cancha-La-Lagunilla-01.jpg\" alt=\"\" class=\"wp-image-11146\" srcset=\"https:\/\/cuernavaca.gob.mx\/wp-content\/uploads\/2022\/05\/Cancha-La-Lagunilla-01.jpg 1024w, https:\/\/cuernavaca.gob.mx\/wp-content\/uploads\/2022\/05\/Cancha-La-Lagunilla-01-300x200.jpg 300w, https:\/\/cuernavaca.gob.mx\/wp-content\/uploads\/2022\/05\/Cancha-La-Lagunilla-01-768x512.jpg 768w, https:\/\/cuernavaca.gob.mx\/wp-content\/uploads\/2022\/05\/Cancha-La-Lagunilla-01-600x400.jpg 600w, https:\/\/cuernavaca.gob.mx\/wp-content\/uploads\/2022\/05\/Cancha-La-Lagunilla-01-560x373.jpg 560w\" sizes=\"(max-width: 1024px) 100vw, 1024px\" \/><\/figure>\n\n\n\n<figure class=\"wp-block-image size-large\"><img loading=\"lazy\" width=\"1024\" height=\"682\" data-id=\"11145\"  src=\"https:\/\/cuernavaca.gob.mx\/wp-content\/uploads\/2022\/05\/Cancha-La-Lagunilla-02.jpg\" alt=\"\" class=\"wp-image-11145\" srcset=\"https:\/\/cuernavaca.gob.mx\/wp-content\/uploads\/2022\/05\/Cancha-La-Lagunilla-02.jpg 1024w, https:\/\/cuernavaca.gob.mx\/wp-content\/uploads\/2022\/05\/Cancha-La-Lagunilla-02-300x200.jpg 300w, https:\/\/cuernavaca.gob.mx\/wp-content\/uploads\/2022\/05\/Cancha-La-Lagunilla-02-768x512.jpg 768w, https:\/\/cuernavaca.gob.mx\/wp-content\/uploads\/2022\/05\/Cancha-La-Lagunilla-02-600x400.jpg 600w, https:\/\/cuernavaca.gob.mx\/wp-content\/uploads\/2022\/05\/Cancha-La-Lagunilla-02-560x373.jpg 560w\" sizes=\"(max-width: 1024px) 100vw, 1024px\" \/><\/figure>\n\n\n\n<figure class=\"wp-block-image size-large\"><img loading=\"lazy\" width=\"1024\" height=\"682\" data-id=\"11150\"  src=\"https:\/\/cuernavaca.gob.mx\/wp-content\/uploads\/2022\/05\/Cancha-La-Lagunilla-03.jpg\" alt=\"\" class=\"wp-image-11150\" srcset=\"https:\/\/cuernavaca.gob.mx\/wp-content\/uploads\/2022\/05\/Cancha-La-Lagunilla-03.jpg 1024w, https:\/\/cuernavaca.gob.mx\/wp-content\/uploads\/2022\/05\/Cancha-La-Lagunilla-03-300x200.jpg 300w, https:\/\/cuernavaca.gob.mx\/wp-content\/uploads\/2022\/05\/Cancha-La-Lagunilla-03-768x512.jpg 768w, https:\/\/cuernavaca.gob.mx\/wp-content\/uploads\/2022\/05\/Cancha-La-Lagunilla-03-600x400.jpg 600w, https:\/\/cuernavaca.gob.mx\/wp-content\/uploads\/2022\/05\/Cancha-La-Lagunilla-03-560x373.jpg 560w\" sizes=\"(max-width: 1024px) 100vw, 1024px\" \/><\/figure>\n\n\n\n<figure class=\"wp-block-image size-large\"><img loading=\"lazy\" width=\"1024\" height=\"682\" data-id=\"11147\"  src=\"https:\/\/cuernavaca.gob.mx\/wp-content\/uploads\/2022\/05\/Cancha-La-Lagunilla-04.jpg\" alt=\"\" class=\"wp-image-11147\" srcset=\"https:\/\/cuernavaca.gob.mx\/wp-content\/uploads\/2022\/05\/Cancha-La-Lagunilla-04.jpg 1024w, https:\/\/cuernavaca.gob.mx\/wp-content\/uploads\/2022\/05\/Cancha-La-Lagunilla-04-300x200.jpg 300w, https:\/\/cuernavaca.gob.mx\/wp-content\/uploads\/2022\/05\/Cancha-La-Lagunilla-04-768x512.jpg 768w, https:\/\/cuernavaca.gob.mx\/wp-content\/uploads\/2022\/05\/Cancha-La-Lagunilla-04-600x400.jpg 600w, https:\/\/cuernavaca.gob.mx\/wp-content\/uploads\/2022\/05\/Cancha-La-Lagunilla-04-560x373.jpg 560w\" sizes=\"(max-width: 1024px) 100vw, 1024px\" \/><\/figure>\n\n\n\n<figure class=\"wp-block-image size-large\"><img loading=\"lazy\" width=\"1024\" height=\"682\" data-id=\"11148\"  src=\"https:\/\/cuernavaca.gob.mx\/wp-content\/uploads\/2022\/05\/Cancha-La-Lagunilla-05.jpg\" alt=\"\" class=\"wp-image-11148\" srcset=\"https:\/\/cuernavaca.gob.mx\/wp-content\/uploads\/2022\/05\/Cancha-La-Lagunilla-05.jpg 1024w, https:\/\/cuernavaca.gob.mx\/wp-content\/uploads\/2022\/05\/Cancha-La-Lagunilla-05-300x200.jpg 300w, https:\/\/cuernavaca.gob.mx\/wp-content\/uploads\/2022\/05\/Cancha-La-Lagunilla-05-768x512.jpg 768w, https:\/\/cuernavaca.gob.mx\/wp-content\/uploads\/2022\/05\/Cancha-La-Lagunilla-05-600x400.jpg 600w, https:\/\/cuernavaca.gob.mx\/wp-content\/uploads\/2022\/05\/Cancha-La-Lagunilla-05-560x373.jpg 560w\" sizes=\"(max-width: 1024px) 100vw, 1024px\" \/><\/figure>\n\n\n\n<figure class=\"wp-block-image size-large\"><img loading=\"lazy\" width=\"1024\" height=\"682\" data-id=\"11149\"  src=\"https:\/\/cuernavaca.gob.mx\/wp-content\/uploads\/2022\/05\/Cancha-La-Lagunilla-06.jpg\" alt=\"\" class=\"wp-image-11149\" srcset=\"https:\/\/cuernavaca.gob.mx\/wp-content\/uploads\/2022\/05\/Cancha-La-Lagunilla-06.jpg 1024w, https:\/\/cuernavaca.gob.mx\/wp-content\/uploads\/2022\/05\/Cancha-La-Lagunilla-06-300x200.jpg 300w, https:\/\/cuernavaca.gob.mx\/wp-content\/uploads\/2022\/05\/Cancha-La-Lagunilla-06-768x512.jpg 768w, https:\/\/cuernavaca.gob.mx\/wp-content\/uploads\/2022\/05\/Cancha-La-Lagunilla-06-600x400.jpg 600w, https:\/\/cuernavaca.gob.mx\/wp-content\/uploads\/2022\/05\/Cancha-La-Lagunilla-06-560x373.jpg 560w\" sizes=\"(max-width: 1024px) 100vw, 1024px\" \/><\/figure>\n\n\n\n<figure class=\"wp-block-image size-large\"><img loading=\"lazy\" width=\"1024\" height=\"682\" data-id=\"11151\"  src=\"https:\/\/cuernavaca.gob.mx\/wp-content\/uploads\/2022\/05\/Cancha-La-Lagunilla-07.jpg\" alt=\"\" class=\"wp-image-11151\" srcset=\"https:\/\/cuernavaca.gob.mx\/wp-content\/uploads\/2022\/05\/Cancha-La-Lagunilla-07.jpg 1024w, https:\/\/cuernavaca.gob.mx\/wp-content\/uploads\/2022\/05\/Cancha-La-Lagunilla-07-300x200.jpg 300w, https:\/\/cuernavaca.gob.mx\/wp-content\/uploads\/2022\/05\/Cancha-La-Lagunilla-07-768x512.jpg 768w, https:\/\/cuernavaca.gob.mx\/wp-content\/uploads\/2022\/05\/Cancha-La-Lagunilla-07-600x400.jpg 600w, https:\/\/cuernavaca.gob.mx\/wp-content\/uploads\/2022\/05\/Cancha-La-Lagunilla-07-560x373.jpg 560w\" sizes=\"(max-width: 1024px) 100vw, 1024px\" \/><\/figure>\n\n\n\n<figure class=\"wp-block-image size-large\"><img loading=\"lazy\" width=\"1024\" height=\"682\" data-id=\"11152\"  src=\"https:\/\/cuernavaca.gob.mx\/wp-content\/uploads\/2022\/05\/Cancha-La-Lagunilla-08.jpg\" alt=\"\" class=\"wp-image-11152\" srcset=\"https:\/\/cuernavaca.gob.mx\/wp-content\/uploads\/2022\/05\/Cancha-La-Lagunilla-08.jpg 1024w, https:\/\/cuernavaca.gob.mx\/wp-content\/uploads\/2022\/05\/Cancha-La-Lagunilla-08-300x200.jpg 300w, https:\/\/cuernavaca.gob.mx\/wp-content\/uploads\/2022\/05\/Cancha-La-Lagunilla-08-768x512.jpg 768w, https:\/\/cuernavaca.gob.mx\/wp-content\/uploads\/2022\/05\/Cancha-La-Lagunilla-08-600x400.jpg 600w, https:\/\/cuernavaca.gob.mx\/wp-content\/uploads\/2022\/05\/Cancha-La-Lagunilla-08-560x373.jpg 560w\" sizes=\"(max-width: 1024px) 100vw, 1024px\" \/><\/figure>\n\n\n\n<figure class=\"wp-block-image size-large\"><img loading=\"lazy\" width=\"1024\" height=\"682\" data-id=\"11154\"  src=\"https:\/\/cuernavaca.gob.mx\/wp-content\/uploads\/2022\/05\/Cancha-La-Lagunilla-09.jpg\" alt=\"\" class=\"wp-image-11154\" srcset=\"https:\/\/cuernavaca.gob.mx\/wp-content\/uploads\/2022\/05\/Cancha-La-Lagunilla-09.jpg 1024w, https:\/\/cuernavaca.gob.mx\/wp-content\/uploads\/2022\/05\/Cancha-La-Lagunilla-09-300x200.jpg 300w, https:\/\/cuernavaca.gob.mx\/wp-content\/uploads\/2022\/05\/Cancha-La-Lagunilla-09-768x512.jpg 768w, https:\/\/cuernavaca.gob.mx\/wp-content\/uploads\/2022\/05\/Cancha-La-Lagunilla-09-600x400.jpg 600w, https:\/\/cuernavaca.gob.mx\/wp-content\/uploads\/2022\/05\/Cancha-La-Lagunilla-09-560x373.jpg 560w\" sizes=\"(max-width: 1024px) 100vw, 1024px\" \/><\/figure>\n\n\n\n<figure class=\"wp-block-image size-large\"><img loading=\"lazy\" width=\"1024\" height=\"682\" data-id=\"11153\"  src=\"https:\/\/cuernavaca.gob.mx\/wp-content\/uploads\/2022\/05\/Cancha-La-Lagunilla-10.jpg\" alt=\"\" class=\"wp-image-11153\" srcset=\"https:\/\/cuernavaca.gob.mx\/wp-content\/uploads\/2022\/05\/Cancha-La-Lagunilla-10.jpg 1024w, https:\/\/cuernavaca.gob.mx\/wp-content\/uploads\/2022\/05\/Cancha-La-Lagunilla-10-300x200.jpg 300w, https:\/\/cuernavaca.gob.mx\/wp-content\/uploads\/2022\/05\/Cancha-La-Lagunilla-10-768x512.jpg 768w, https:\/\/cuernavaca.gob.mx\/wp-content\/uploads\/2022\/05\/Cancha-La-Lagunilla-10-600x400.jpg 600w, https:\/\/cuernavaca.gob.mx\/wp-content\/uploads\/2022\/05\/Cancha-La-Lagunilla-10-560x373.jpg 560w\" sizes=\"(max-width: 1024px) 100vw, 1024px\" \/><\/figure>\n<\/figure>\n","protected":false},"excerpt":{"rendered":"<p>El presidente municipal Jos\u00e9 Luis Uri\u00f3stegui acompa\u00f1\u00f3 al gobernador Cuauht\u00e9moc Blanco en la inauguraci\u00f3n de la Remodelaci\u00f3n de la Unidad Deportiva de La Lagunilla La obra representa la oportunidad de potencializar las actividades deportivas de ni\u00f1as, ni\u00f1os y j\u00f3venes y alejarlos de adicciones y conductas inadecuadas Con un agradecimiento por considerar una inversi\u00f3n p\u00fablica de [&hellip;]<\/p>\n","protected":false},"author":1,"featured_media":11152,"comment_status":"closed","ping_status":"closed","sticky":false,"template":"","format":"standard","meta":[],"categories":[314,20],"tags":[149,121,817,120,856,206,855],"aioseo_notices":[],"_links":{"self":[{"href":"https:\/\/cuernavaca.gob.mx\/index.php?rest_route=\/wp\/v2\/posts\/11144"}],"collection":[{"href":"https:\/\/cuernavaca.gob.mx\/index.php?rest_route=\/wp\/v2\/posts"}],"about":[{"href":"https:\/\/cuernavaca.gob.mx\/index.php?rest_route=\/wp\/v2\/types\/post"}],"author":[{"embeddable":true,"href":"https:\/\/cuernavaca.gob.mx\/index.php?rest_route=\/wp\/v2\/users\/1"}],"replies":[{"embeddable":true,"href":"https:\/\/cuernavaca.gob.mx\/index.php?rest_route=%2Fwp%2Fv2%2Fcomments&post=11144"}],"version-history":[{"count":2,"href":"https:\/\/cuernavaca.gob.mx\/index.php?rest_route=\/wp\/v2\/posts\/11144\/revisions"}],"predecessor-version":[{"id":11156,"href":"https:\/\/cuernavaca.gob.mx\/index.php?rest_route=\/wp\/v2\/posts\/11144\/revisions\/11156"}],"wp:featuredmedia":[{"embeddable":true,"href":"https:\/\/cuernavaca.gob.mx\/index.php?rest_route=\/wp\/v2\/media\/11152"}],"wp:attachment":[{"href":"https:\/\/cuernavaca.gob.mx\/index.php?rest_route=%2Fwp%2Fv2%2Fmedia&parent=11144"}],"wp:term":[{"taxonomy":"category","embeddable":true,"href":"https:\/\/cuernavaca.gob.mx\/index.php?rest_route=%2Fwp%2Fv2%2Fcategories&post=11144"},{"taxonomy":"post_tag","embeddable":true,"href":"https:\/\/cuernavaca.gob.mx\/index.php?rest_route=%2Fwp%2Fv2%2Ftags&post=11144"}],"curies":[{"name":"wp","href":"https:\/\/api.w.org\/{rel}","templated":true}]}}