{"id":11228,"date":"2022-03-27T10:00:00","date_gmt":"2022-03-27T16:00:00","guid":{"rendered":"http:\/\/cuernavaca.gob.mx\/?p=11228"},"modified":"2025-05-06T11:01:18","modified_gmt":"2025-05-06T17:01:18","slug":"sociedad-y-ayuntamiento-embellecen-camellon-en-la-estrada-cajigal","status":"publish","type":"post","link":"https:\/\/cuernavaca.gob.mx\/?p=11228","title":{"rendered":"Sociedad y Ayuntamiento embellecen camell\u00f3n en la Estrada Cajigal"},"content":{"rendered":"\n<p><strong>Es parte del trabajo del rescate de espacios p\u00fablicos de la ciudad<\/strong><\/p>\n\n\n\n<p><strong>Continuar\u00e1n las Jornadas de Limpieza Comunitarias<\/strong><\/p>\n\n\n\n<p>El Gobierno Municipal en conjunto con vecinos de la Delegaci\u00f3n Vicente Guerrero realizaron este fin de semana una Jornada Comunitaria de limpieza en el camell\u00f3n de la colonia Vicente Estrada Cajigal, sobre avenida Alta Tensi\u00f3n, dignificando esta zona que por mucho tiempo hab\u00eda sido olvidada.<\/p>\n\n\n\n<p>A petici\u00f3n de los habitantes, el Ayuntamiento de Cuernavaca a trav\u00e9s de la Secretar\u00eda de Desarrollo Humano y Participaci\u00f3n Social llev\u00f3 a cabo la faena como parte del trabajo de recuperacion de los espacios p\u00fablicos pero sobre todo, que la poblaci\u00f3n se involucre para darles el cuidado como \u00e1reas verdes de uso com\u00fan para la sana convivencia.<\/p>\n\n\n\n<p>La directora general de Desarrollo Humano, refiri\u00f3 que el camell\u00f3n estaba totalmente abandonado y se usaba m\u00e1s como basurero que como un espacio de recreaci\u00f3n, por lo que era inaplazable iniciar los trabajos de limpieza invitando a los ciudadanos en esta labor con el fin de contribuir al mantenimiento de la ciudad.<\/p>\n\n\n\n<p>Las jornadas, resalt\u00f3, forman parte de las acciones que desde antes de ser electos se efectuaban de forma peri\u00f3dica en beneficio de la comunidad, con el inter\u00e9s de embellecer a Cuernavaca.<\/p>\n\n\n\n<p>Desde muy temprana hora, personas de la tercera edad, adultos y j\u00f3venes se unieron a la recolecci\u00f3n de desecho vegetal y poda de \u00e1rboles y jardines, rescatando dos canchas ocultas por la maleza en el camell\u00f3n de la avenida Alta Tensi\u00f3n.<\/p>\n\n\n\n<p>En las jornadas de limpieza participan voluntariamente empleados municipales que desean mejorar y ver renacer a Cuernavaca, invitando a la poblaci\u00f3n a sumarse a estas acciones comunitarias como parte de la pol\u00edtica de puertas abiertas y cercana a la gente que mantiene la actual administraci\u00f3n municipal.<\/p>\n\n\n\n<p>Las Jornadas Comunitarias tendr\u00e1n presencia en cada una de las colonias del municipio, pero tambi\u00e9n en las barrancas y zonas naturales de Cuernavaca, sumando acciones en beneficio de la preservaci\u00f3n y restauraci\u00f3n del medio ambiente.<\/p>\n\n\n\n<p>En esta jornada estuvieron presentes la Regidur\u00eda de Servicios P\u00fablicos, la Sindicatura Municipal, la Secretar\u00eda de Desarrollo Humano y Participaci\u00f3n Social, el Instituto del Deporte, el Instituto de la Juventud, la Secretar\u00eda de Desarrollo Sustentable y Servicios P\u00fablicos, la Secretar\u00eda de Desarrollo Econ\u00f3mico y Turismo, la Direcci\u00f3n del Mercado Adolfo L\u00f3pez Mateos, as\u00ed como la Secretar\u00eda de Protecci\u00f3n y Auxilio Ciudadano.<\/p>\n\n\n\n<figure class=\"wp-container-2 wp-block-gallery-1 wp-block-gallery has-nested-images columns-default is-cropped\">\n<figure class=\"wp-block-image size-large\"><img loading=\"lazy\" width=\"768\" height=\"1024\" data-id=\"11231\"  src=\"https:\/\/cuernavaca.gob.mx\/wp-content\/uploads\/2022\/05\/Jornada-Comunitaria-de-limpieza-01-768x1024.jpg\" alt=\"\" class=\"wp-image-11231\" srcset=\"https:\/\/cuernavaca.gob.mx\/wp-content\/uploads\/2022\/05\/Jornada-Comunitaria-de-limpieza-01-768x1024.jpg 768w, https:\/\/cuernavaca.gob.mx\/wp-content\/uploads\/2022\/05\/Jornada-Comunitaria-de-limpieza-01-225x300.jpg 225w, https:\/\/cuernavaca.gob.mx\/wp-content\/uploads\/2022\/05\/Jornada-Comunitaria-de-limpieza-01-450x600.jpg 450w, https:\/\/cuernavaca.gob.mx\/wp-content\/uploads\/2022\/05\/Jornada-Comunitaria-de-limpieza-01-420x560.jpg 420w, https:\/\/cuernavaca.gob.mx\/wp-content\/uploads\/2022\/05\/Jornada-Comunitaria-de-limpieza-01.jpg 1080w\" sizes=\"(max-width: 768px) 100vw, 768px\" \/><\/figure>\n\n\n\n<figure class=\"wp-block-image size-large\"><img loading=\"lazy\" width=\"768\" height=\"1024\" data-id=\"11233\"  src=\"https:\/\/cuernavaca.gob.mx\/wp-content\/uploads\/2022\/05\/Jornada-Comunitaria-de-limpieza-02-768x1024.jpg\" alt=\"\" class=\"wp-image-11233\" srcset=\"https:\/\/cuernavaca.gob.mx\/wp-content\/uploads\/2022\/05\/Jornada-Comunitaria-de-limpieza-02-768x1024.jpg 768w, https:\/\/cuernavaca.gob.mx\/wp-content\/uploads\/2022\/05\/Jornada-Comunitaria-de-limpieza-02-225x300.jpg 225w, https:\/\/cuernavaca.gob.mx\/wp-content\/uploads\/2022\/05\/Jornada-Comunitaria-de-limpieza-02-450x600.jpg 450w, https:\/\/cuernavaca.gob.mx\/wp-content\/uploads\/2022\/05\/Jornada-Comunitaria-de-limpieza-02-420x560.jpg 420w, https:\/\/cuernavaca.gob.mx\/wp-content\/uploads\/2022\/05\/Jornada-Comunitaria-de-limpieza-02.jpg 1080w\" sizes=\"(max-width: 768px) 100vw, 768px\" \/><\/figure>\n\n\n\n<figure class=\"wp-block-image size-large\"><img loading=\"lazy\" width=\"1024\" height=\"768\" data-id=\"11230\"  src=\"https:\/\/cuernavaca.gob.mx\/wp-content\/uploads\/2022\/05\/Jornada-Comunitaria-de-limpieza-03-1024x768.jpg\" alt=\"\" class=\"wp-image-11230\" srcset=\"https:\/\/cuernavaca.gob.mx\/wp-content\/uploads\/2022\/05\/Jornada-Comunitaria-de-limpieza-03-1024x768.jpg 1024w, https:\/\/cuernavaca.gob.mx\/wp-content\/uploads\/2022\/05\/Jornada-Comunitaria-de-limpieza-03-300x225.jpg 300w, https:\/\/cuernavaca.gob.mx\/wp-content\/uploads\/2022\/05\/Jornada-Comunitaria-de-limpieza-03-768x576.jpg 768w, https:\/\/cuernavaca.gob.mx\/wp-content\/uploads\/2022\/05\/Jornada-Comunitaria-de-limpieza-03-600x450.jpg 600w, https:\/\/cuernavaca.gob.mx\/wp-content\/uploads\/2022\/05\/Jornada-Comunitaria-de-limpieza-03-560x420.jpg 560w, https:\/\/cuernavaca.gob.mx\/wp-content\/uploads\/2022\/05\/Jornada-Comunitaria-de-limpieza-03.jpg 1080w\" sizes=\"(max-width: 1024px) 100vw, 1024px\" \/><\/figure>\n\n\n\n<figure class=\"wp-block-image size-large\"><img loading=\"lazy\" width=\"1024\" height=\"768\" data-id=\"11232\"  src=\"https:\/\/cuernavaca.gob.mx\/wp-content\/uploads\/2022\/05\/Jornada-Comunitaria-de-limpieza-04-1024x768.jpg\" alt=\"\" class=\"wp-image-11232\" srcset=\"https:\/\/cuernavaca.gob.mx\/wp-content\/uploads\/2022\/05\/Jornada-Comunitaria-de-limpieza-04-1024x768.jpg 1024w, https:\/\/cuernavaca.gob.mx\/wp-content\/uploads\/2022\/05\/Jornada-Comunitaria-de-limpieza-04-300x225.jpg 300w, https:\/\/cuernavaca.gob.mx\/wp-content\/uploads\/2022\/05\/Jornada-Comunitaria-de-limpieza-04-768x576.jpg 768w, https:\/\/cuernavaca.gob.mx\/wp-content\/uploads\/2022\/05\/Jornada-Comunitaria-de-limpieza-04-600x450.jpg 600w, https:\/\/cuernavaca.gob.mx\/wp-content\/uploads\/2022\/05\/Jornada-Comunitaria-de-limpieza-04-560x420.jpg 560w, https:\/\/cuernavaca.gob.mx\/wp-content\/uploads\/2022\/05\/Jornada-Comunitaria-de-limpieza-04.jpg 1080w\" sizes=\"(max-width: 1024px) 100vw, 1024px\" \/><\/figure>\n\n\n\n<figure class=\"wp-block-image size-large\"><img loading=\"lazy\" width=\"1024\" height=\"682\" data-id=\"11229\"  src=\"https:\/\/cuernavaca.gob.mx\/wp-content\/uploads\/2022\/05\/Jornada-Comunitaria-de-limpieza-05.jpg\" alt=\"\" class=\"wp-image-11229\" srcset=\"https:\/\/cuernavaca.gob.mx\/wp-content\/uploads\/2022\/05\/Jornada-Comunitaria-de-limpieza-05.jpg 1024w, https:\/\/cuernavaca.gob.mx\/wp-content\/uploads\/2022\/05\/Jornada-Comunitaria-de-limpieza-05-300x200.jpg 300w, https:\/\/cuernavaca.gob.mx\/wp-content\/uploads\/2022\/05\/Jornada-Comunitaria-de-limpieza-05-768x512.jpg 768w, https:\/\/cuernavaca.gob.mx\/wp-content\/uploads\/2022\/05\/Jornada-Comunitaria-de-limpieza-05-600x400.jpg 600w, https:\/\/cuernavaca.gob.mx\/wp-content\/uploads\/2022\/05\/Jornada-Comunitaria-de-limpieza-05-560x373.jpg 560w\" sizes=\"(max-width: 1024px) 100vw, 1024px\" \/><\/figure>\n\n\n\n<figure class=\"wp-block-image size-large\"><img loading=\"lazy\" width=\"1024\" height=\"682\" data-id=\"11234\"  src=\"https:\/\/cuernavaca.gob.mx\/wp-content\/uploads\/2022\/05\/Jornada-Comunitaria-de-limpieza-06.jpg\" alt=\"\" class=\"wp-image-11234\" srcset=\"https:\/\/cuernavaca.gob.mx\/wp-content\/uploads\/2022\/05\/Jornada-Comunitaria-de-limpieza-06.jpg 1024w, https:\/\/cuernavaca.gob.mx\/wp-content\/uploads\/2022\/05\/Jornada-Comunitaria-de-limpieza-06-300x200.jpg 300w, https:\/\/cuernavaca.gob.mx\/wp-content\/uploads\/2022\/05\/Jornada-Comunitaria-de-limpieza-06-768x512.jpg 768w, https:\/\/cuernavaca.gob.mx\/wp-content\/uploads\/2022\/05\/Jornada-Comunitaria-de-limpieza-06-600x400.jpg 600w, https:\/\/cuernavaca.gob.mx\/wp-content\/uploads\/2022\/05\/Jornada-Comunitaria-de-limpieza-06-560x373.jpg 560w\" sizes=\"(max-width: 1024px) 100vw, 1024px\" \/><\/figure>\n\n\n\n<figure class=\"wp-block-image size-large\"><img loading=\"lazy\" width=\"1024\" height=\"682\" data-id=\"11235\"  src=\"https:\/\/cuernavaca.gob.mx\/wp-content\/uploads\/2022\/05\/Jornada-Comunitaria-de-limpieza-07.jpg\" alt=\"\" class=\"wp-image-11235\" srcset=\"https:\/\/cuernavaca.gob.mx\/wp-content\/uploads\/2022\/05\/Jornada-Comunitaria-de-limpieza-07.jpg 1024w, https:\/\/cuernavaca.gob.mx\/wp-content\/uploads\/2022\/05\/Jornada-Comunitaria-de-limpieza-07-300x200.jpg 300w, https:\/\/cuernavaca.gob.mx\/wp-content\/uploads\/2022\/05\/Jornada-Comunitaria-de-limpieza-07-768x512.jpg 768w, https:\/\/cuernavaca.gob.mx\/wp-content\/uploads\/2022\/05\/Jornada-Comunitaria-de-limpieza-07-600x400.jpg 600w, https:\/\/cuernavaca.gob.mx\/wp-content\/uploads\/2022\/05\/Jornada-Comunitaria-de-limpieza-07-560x373.jpg 560w\" sizes=\"(max-width: 1024px) 100vw, 1024px\" \/><\/figure>\n\n\n\n<figure class=\"wp-block-image size-large\"><img loading=\"lazy\" width=\"1024\" height=\"682\" data-id=\"11236\"  src=\"https:\/\/cuernavaca.gob.mx\/wp-content\/uploads\/2022\/05\/Jornada-Comunitaria-de-limpieza-08.jpg\" alt=\"\" class=\"wp-image-11236\" srcset=\"https:\/\/cuernavaca.gob.mx\/wp-content\/uploads\/2022\/05\/Jornada-Comunitaria-de-limpieza-08.jpg 1024w, https:\/\/cuernavaca.gob.mx\/wp-content\/uploads\/2022\/05\/Jornada-Comunitaria-de-limpieza-08-300x200.jpg 300w, https:\/\/cuernavaca.gob.mx\/wp-content\/uploads\/2022\/05\/Jornada-Comunitaria-de-limpieza-08-768x512.jpg 768w, https:\/\/cuernavaca.gob.mx\/wp-content\/uploads\/2022\/05\/Jornada-Comunitaria-de-limpieza-08-600x400.jpg 600w, https:\/\/cuernavaca.gob.mx\/wp-content\/uploads\/2022\/05\/Jornada-Comunitaria-de-limpieza-08-560x373.jpg 560w\" sizes=\"(max-width: 1024px) 100vw, 1024px\" \/><\/figure>\n\n\n\n<figure class=\"wp-block-image size-large\"><img loading=\"lazy\" width=\"1024\" height=\"682\" data-id=\"11237\"  src=\"https:\/\/cuernavaca.gob.mx\/wp-content\/uploads\/2022\/05\/Jornada-Comunitaria-de-limpieza-09.jpg\" alt=\"\" class=\"wp-image-11237\" srcset=\"https:\/\/cuernavaca.gob.mx\/wp-content\/uploads\/2022\/05\/Jornada-Comunitaria-de-limpieza-09.jpg 1024w, https:\/\/cuernavaca.gob.mx\/wp-content\/uploads\/2022\/05\/Jornada-Comunitaria-de-limpieza-09-300x200.jpg 300w, https:\/\/cuernavaca.gob.mx\/wp-content\/uploads\/2022\/05\/Jornada-Comunitaria-de-limpieza-09-768x512.jpg 768w, https:\/\/cuernavaca.gob.mx\/wp-content\/uploads\/2022\/05\/Jornada-Comunitaria-de-limpieza-09-600x400.jpg 600w, https:\/\/cuernavaca.gob.mx\/wp-content\/uploads\/2022\/05\/Jornada-Comunitaria-de-limpieza-09-560x373.jpg 560w\" sizes=\"(max-width: 1024px) 100vw, 1024px\" \/><\/figure>\n\n\n\n<figure class=\"wp-block-image size-large\"><img loading=\"lazy\" width=\"1024\" height=\"682\" data-id=\"11238\"  src=\"https:\/\/cuernavaca.gob.mx\/wp-content\/uploads\/2022\/05\/Jornada-Comunitaria-de-limpieza-10.jpg\" alt=\"\" class=\"wp-image-11238\" srcset=\"https:\/\/cuernavaca.gob.mx\/wp-content\/uploads\/2022\/05\/Jornada-Comunitaria-de-limpieza-10.jpg 1024w, https:\/\/cuernavaca.gob.mx\/wp-content\/uploads\/2022\/05\/Jornada-Comunitaria-de-limpieza-10-300x200.jpg 300w, https:\/\/cuernavaca.gob.mx\/wp-content\/uploads\/2022\/05\/Jornada-Comunitaria-de-limpieza-10-768x512.jpg 768w, https:\/\/cuernavaca.gob.mx\/wp-content\/uploads\/2022\/05\/Jornada-Comunitaria-de-limpieza-10-600x400.jpg 600w, https:\/\/cuernavaca.gob.mx\/wp-content\/uploads\/2022\/05\/Jornada-Comunitaria-de-limpieza-10-560x373.jpg 560w\" sizes=\"(max-width: 1024px) 100vw, 1024px\" \/><\/figure>\n\n\n\n<figure class=\"wp-block-image size-large\"><img loading=\"lazy\" width=\"1024\" height=\"682\" data-id=\"11239\"  src=\"https:\/\/cuernavaca.gob.mx\/wp-content\/uploads\/2022\/05\/Jornada-Comunitaria-de-limpieza-11.jpg\" alt=\"\" class=\"wp-image-11239\" srcset=\"https:\/\/cuernavaca.gob.mx\/wp-content\/uploads\/2022\/05\/Jornada-Comunitaria-de-limpieza-11.jpg 1024w, https:\/\/cuernavaca.gob.mx\/wp-content\/uploads\/2022\/05\/Jornada-Comunitaria-de-limpieza-11-300x200.jpg 300w, https:\/\/cuernavaca.gob.mx\/wp-content\/uploads\/2022\/05\/Jornada-Comunitaria-de-limpieza-11-768x512.jpg 768w, https:\/\/cuernavaca.gob.mx\/wp-content\/uploads\/2022\/05\/Jornada-Comunitaria-de-limpieza-11-600x400.jpg 600w, https:\/\/cuernavaca.gob.mx\/wp-content\/uploads\/2022\/05\/Jornada-Comunitaria-de-limpieza-11-560x373.jpg 560w\" sizes=\"(max-width: 1024px) 100vw, 1024px\" \/><\/figure>\n\n\n\n<figure class=\"wp-block-image size-large\"><img loading=\"lazy\" width=\"1024\" height=\"682\" data-id=\"11240\"  src=\"https:\/\/cuernavaca.gob.mx\/wp-content\/uploads\/2022\/05\/Jornada-Comunitaria-de-limpieza-12.jpg\" alt=\"\" class=\"wp-image-11240\" srcset=\"https:\/\/cuernavaca.gob.mx\/wp-content\/uploads\/2022\/05\/Jornada-Comunitaria-de-limpieza-12.jpg 1024w, https:\/\/cuernavaca.gob.mx\/wp-content\/uploads\/2022\/05\/Jornada-Comunitaria-de-limpieza-12-300x200.jpg 300w, https:\/\/cuernavaca.gob.mx\/wp-content\/uploads\/2022\/05\/Jornada-Comunitaria-de-limpieza-12-768x512.jpg 768w, https:\/\/cuernavaca.gob.mx\/wp-content\/uploads\/2022\/05\/Jornada-Comunitaria-de-limpieza-12-600x400.jpg 600w, https:\/\/cuernavaca.gob.mx\/wp-content\/uploads\/2022\/05\/Jornada-Comunitaria-de-limpieza-12-560x373.jpg 560w\" sizes=\"(max-width: 1024px) 100vw, 1024px\" \/><\/figure>\n<\/figure>\n","protected":false},"excerpt":{"rendered":"<p>Es parte del trabajo del rescate de espacios p\u00fablicos de la ciudad Continuar\u00e1n las Jornadas de Limpieza Comunitarias El Gobierno Municipal en conjunto con vecinos de la Delegaci\u00f3n Vicente Guerrero realizaron este fin de semana una Jornada Comunitaria de limpieza en el camell\u00f3n de la colonia Vicente Estrada Cajigal, sobre avenida Alta Tensi\u00f3n, dignificando esta [&hellip;]<\/p>\n","protected":false},"author":1,"featured_media":11235,"comment_status":"closed","ping_status":"closed","sticky":false,"template":"","format":"standard","meta":[],"categories":[862,20],"tags":[121,382,885,883,120,884],"aioseo_notices":[],"_links":{"self":[{"href":"https:\/\/cuernavaca.gob.mx\/index.php?rest_route=\/wp\/v2\/posts\/11228"}],"collection":[{"href":"https:\/\/cuernavaca.gob.mx\/index.php?rest_route=\/wp\/v2\/posts"}],"about":[{"href":"https:\/\/cuernavaca.gob.mx\/index.php?rest_route=\/wp\/v2\/types\/post"}],"author":[{"embeddable":true,"href":"https:\/\/cuernavaca.gob.mx\/index.php?rest_route=\/wp\/v2\/users\/1"}],"replies":[{"embeddable":true,"href":"https:\/\/cuernavaca.gob.mx\/index.php?rest_route=%2Fwp%2Fv2%2Fcomments&post=11228"}],"version-history":[{"count":2,"href":"https:\/\/cuernavaca.gob.mx\/index.php?rest_route=\/wp\/v2\/posts\/11228\/revisions"}],"predecessor-version":[{"id":11470,"href":"https:\/\/cuernavaca.gob.mx\/index.php?rest_route=\/wp\/v2\/posts\/11228\/revisions\/11470"}],"wp:featuredmedia":[{"embeddable":true,"href":"https:\/\/cuernavaca.gob.mx\/index.php?rest_route=\/wp\/v2\/media\/11235"}],"wp:attachment":[{"href":"https:\/\/cuernavaca.gob.mx\/index.php?rest_route=%2Fwp%2Fv2%2Fmedia&parent=11228"}],"wp:term":[{"taxonomy":"category","embeddable":true,"href":"https:\/\/cuernavaca.gob.mx\/index.php?rest_route=%2Fwp%2Fv2%2Fcategories&post=11228"},{"taxonomy":"post_tag","embeddable":true,"href":"https:\/\/cuernavaca.gob.mx\/index.php?rest_route=%2Fwp%2Fv2%2Ftags&post=11228"}],"curies":[{"name":"wp","href":"https:\/\/api.w.org\/{rel}","templated":true}]}}