{"id":11244,"date":"2022-03-27T14:00:00","date_gmt":"2022-03-27T20:00:00","guid":{"rendered":"http:\/\/cuernavaca.gob.mx\/?p=11244"},"modified":"2025-05-06T11:01:18","modified_gmt":"2025-05-06T17:01:18","slug":"valida-cabildo-de-cuernavaca-eleccion-de-ayudantes-municipales","status":"publish","type":"post","link":"https:\/\/cuernavaca.gob.mx\/?p=11244","title":{"rendered":"Valida cabildo de Cuernavaca elecci\u00f3n de Ayudantes Municipales"},"content":{"rendered":"\n<p><strong>Bajo el criterio de generar un proceso verdaderamente democr\u00e1tico, se llevar\u00e1n a cabo elecciones extraordinarias para el poblado de Tlaltenango<\/strong><\/p>\n\n\n\n<p><strong>La s\u00edndica municipal, regidoras y regidores avalaron que en la elecci\u00f3n de San Ant\u00f3n los actos impugnados son improcedentes<\/strong><\/p>\n\n\n\n<p>En Sesi\u00f3n Extraordinaria de Cabildo, este domingo por mayor\u00eda se declar\u00f3 la validez de las elecciones y resultados de Ayudantes Municipales en ocho poblados de Cuernavaca; mujeres y hombres que acreditaron a trav\u00e9s del voto popular contar con el perfil para asumir la responsabilidad de autoridades auxiliares del municipio.<\/p>\n\n\n\n<p>Tras el proceso electoral que se llev\u00f3 a cabo el pasado domingo 20 de marzo y que cont\u00f3 con la participaci\u00f3n de aproximadamente 15 mil personas, el presidente municipal, la s\u00edndica, as\u00ed como regidoras y regidores validaron las designaciones de los ayudantes municipales encargados de mantener el orden, la tranquilidad, la paz social, la seguridad y la protecci\u00f3n de los vecinos, adem\u00e1s de fomentar la participaci\u00f3n social en sus demarcaciones.<\/p>\n\n\n\n<p>Previo a la validez, los integrantes del Cabildo revisaron cada uno de los recursos de impugnaci\u00f3n presentados por la elecci\u00f3n de ayudantes municipales, espec\u00edficamente para los poblados de Tlaltenango y San Ant\u00f3n.<\/p>\n\n\n\n<p>En este sentido, el alcalde se excus\u00f3 de participar en el an\u00e1lisis y votaci\u00f3n de los recursos de impugnaci\u00f3n del poblado de San Ant\u00f3n dado que fue se\u00f1alado por inconformes del proceso, otorgando certidumbre al mismo.<\/p>\n\n\n\n<p>En el caso de la elecci\u00f3n del poblado de San Ant\u00f3n los recursos de impugnaci\u00f3n se declararon improcedentes, ya que los agravios que presentaron fueron infundados; no obstante, la s\u00edndica municipal, regidoras y regidores destacaron que existe otra instancia a la cual los quejosos pueden recurrir en caso de inconformidad por los acuerdos.<\/p>\n\n\n\n<p>Ante supuestas injerencias de algunos funcionarios y exfuncionarios del Ayuntamiento de Cuernavaca en \u00e9sta elecci\u00f3n, el Cabildo aval\u00f3 que continuar\u00e1n con las investigaciones, dando paso, en caso de ser cierto, a fincar responsabilidades aunque destacaron es fundamental presentar denuncias ante la Contralor\u00eda Municipal con las pruebas necesarias para aplicar las sanciones que corresponden.<\/p>\n\n\n\n<p>Bajo el criterio de m\u00e1xima legalidad y respetando los derechos humanos, el Cabildo de Cuernavaca orden\u00f3, a petici\u00f3n de la y los regidores del Partido Acci\u00f3n Nacional (PAN), la reposici\u00f3n del ejercicio de participaci\u00f3n ciudadana en el poblado de Tlaltenango debido a que por el robo de las boletas jam\u00e1s estuvieron bajo la custodia de la autoridad administrativa electoral, siendo fundamental generar un proceso verdaderamente democr\u00e1tico.<\/p>\n\n\n\n<p>Los integrantes del Cabildo resaltaron que, en todo momento, durante este proceso electoral han actuado con total transparencia y conforme derecho, rechazando exista inter\u00e9s alguno en ensuciar las elecciones de autoridades auxiliares del municipio.<\/p>\n\n\n\n<p>Los ayudantes municipales elegidos que iniciar\u00e1n funciones a partir del 01 de abril son: Miguel David Hern\u00e1ndez Albarr\u00e1n de la Ayudant\u00eda de Chamilpa, titular de la planilla azul; Roberto Rodr\u00edguez Quintero de la Ayudant\u00eda de Tetela del Monte, titular de la planilla azul; Concepci\u00f3n Valle Rom\u00e1n de la Ayudant\u00eda de Chipitl\u00e1n, titular la planilla azul; Edson Mor\u00e1n Cerro de la Ayudant\u00eda de Chapultepec, titular de la planilla azul;<\/p>\n\n\n\n<p>En la Ayudant\u00eda de Amatitl\u00e1n por la planilla azul, Rodrigo Asael Quintana Avalos; en la Ayudant\u00eda de San Ant\u00f3n por la planilla azul, Eneyda Paloma Mart\u00ednez Bahena; en la Ayudant\u00eda de Santa Mar\u00eda Ahuacatitl\u00e1n por la planilla morada, Jorge Antonio L\u00f3pez Flores; y por la Ayudant\u00eda de San Miguel Acapantzingo como titular de la planilla vino, Edgar Arturo Ju\u00e1rez Padilla.<\/p>\n\n\n\n<p>Cabe mencionar que para la elecci\u00f3n extraordinaria del poblado de Tlaltenango, el Gobierno Municipal a trav\u00e9s de la Secretar\u00eda del Ayuntamiento emitir\u00e1n a la brevedad una nueva convocatoria y ser\u00e1 la Junta Electoral Municipal quien d\u00e9 seguimiento a la jornada.<\/p>\n\n\n\n<figure class=\"wp-container-2 wp-block-gallery-1 wp-block-gallery has-nested-images columns-default is-cropped\">\n<figure class=\"wp-block-image size-large\"><img loading=\"lazy\" width=\"1024\" height=\"683\" data-id=\"11266\"  src=\"https:\/\/cuernavaca.gob.mx\/wp-content\/uploads\/2022\/05\/Valida-cabildo-eleccio\u0301n-Ayudantes-01-1024x683.jpg\" alt=\"\" class=\"wp-image-11266\" srcset=\"https:\/\/cuernavaca.gob.mx\/wp-content\/uploads\/2022\/05\/Valida-cabildo-eleccio\u0301n-Ayudantes-01-1024x683.jpg 1024w, https:\/\/cuernavaca.gob.mx\/wp-content\/uploads\/2022\/05\/Valida-cabildo-eleccio\u0301n-Ayudantes-01-300x200.jpg 300w, https:\/\/cuernavaca.gob.mx\/wp-content\/uploads\/2022\/05\/Valida-cabildo-eleccio\u0301n-Ayudantes-01-768x512.jpg 768w, https:\/\/cuernavaca.gob.mx\/wp-content\/uploads\/2022\/05\/Valida-cabildo-eleccio\u0301n-Ayudantes-01-600x400.jpg 600w, https:\/\/cuernavaca.gob.mx\/wp-content\/uploads\/2022\/05\/Valida-cabildo-eleccio\u0301n-Ayudantes-01-560x374.jpg 560w, https:\/\/cuernavaca.gob.mx\/wp-content\/uploads\/2022\/05\/Valida-cabildo-eleccio\u0301n-Ayudantes-01.jpg 1280w\" sizes=\"(max-width: 1024px) 100vw, 1024px\" \/><\/figure>\n\n\n\n<figure class=\"wp-block-image size-large\"><img loading=\"lazy\" width=\"1024\" height=\"683\" data-id=\"11264\"  src=\"https:\/\/cuernavaca.gob.mx\/wp-content\/uploads\/2022\/05\/Valida-cabildo-eleccio\u0301n-Ayudantes-02-1024x683.jpg\" alt=\"\" class=\"wp-image-11264\" srcset=\"https:\/\/cuernavaca.gob.mx\/wp-content\/uploads\/2022\/05\/Valida-cabildo-eleccio\u0301n-Ayudantes-02-1024x683.jpg 1024w, https:\/\/cuernavaca.gob.mx\/wp-content\/uploads\/2022\/05\/Valida-cabildo-eleccio\u0301n-Ayudantes-02-300x200.jpg 300w, https:\/\/cuernavaca.gob.mx\/wp-content\/uploads\/2022\/05\/Valida-cabildo-eleccio\u0301n-Ayudantes-02-768x512.jpg 768w, https:\/\/cuernavaca.gob.mx\/wp-content\/uploads\/2022\/05\/Valida-cabildo-eleccio\u0301n-Ayudantes-02-600x400.jpg 600w, https:\/\/cuernavaca.gob.mx\/wp-content\/uploads\/2022\/05\/Valida-cabildo-eleccio\u0301n-Ayudantes-02-560x374.jpg 560w, https:\/\/cuernavaca.gob.mx\/wp-content\/uploads\/2022\/05\/Valida-cabildo-eleccio\u0301n-Ayudantes-02.jpg 1280w\" sizes=\"(max-width: 1024px) 100vw, 1024px\" \/><\/figure>\n\n\n\n<figure class=\"wp-block-image size-large\"><img loading=\"lazy\" width=\"1024\" height=\"683\" data-id=\"11268\"  src=\"https:\/\/cuernavaca.gob.mx\/wp-content\/uploads\/2022\/05\/Valida-cabildo-eleccio\u0301n-Ayudantes-03-1024x683.jpg\" alt=\"\" class=\"wp-image-11268\" srcset=\"https:\/\/cuernavaca.gob.mx\/wp-content\/uploads\/2022\/05\/Valida-cabildo-eleccio\u0301n-Ayudantes-03-1024x683.jpg 1024w, https:\/\/cuernavaca.gob.mx\/wp-content\/uploads\/2022\/05\/Valida-cabildo-eleccio\u0301n-Ayudantes-03-300x200.jpg 300w, https:\/\/cuernavaca.gob.mx\/wp-content\/uploads\/2022\/05\/Valida-cabildo-eleccio\u0301n-Ayudantes-03-768x512.jpg 768w, https:\/\/cuernavaca.gob.mx\/wp-content\/uploads\/2022\/05\/Valida-cabildo-eleccio\u0301n-Ayudantes-03-600x400.jpg 600w, https:\/\/cuernavaca.gob.mx\/wp-content\/uploads\/2022\/05\/Valida-cabildo-eleccio\u0301n-Ayudantes-03-560x374.jpg 560w, https:\/\/cuernavaca.gob.mx\/wp-content\/uploads\/2022\/05\/Valida-cabildo-eleccio\u0301n-Ayudantes-03.jpg 1280w\" sizes=\"(max-width: 1024px) 100vw, 1024px\" \/><\/figure>\n\n\n\n<figure class=\"wp-block-image size-large\"><img loading=\"lazy\" width=\"1024\" height=\"682\" data-id=\"11267\"  src=\"https:\/\/cuernavaca.gob.mx\/wp-content\/uploads\/2022\/05\/Valida-cabildo-eleccio\u0301n-Ayudantes-04-1024x682.jpg\" alt=\"\" class=\"wp-image-11267\" srcset=\"https:\/\/cuernavaca.gob.mx\/wp-content\/uploads\/2022\/05\/Valida-cabildo-eleccio\u0301n-Ayudantes-04-1024x682.jpg 1024w, https:\/\/cuernavaca.gob.mx\/wp-content\/uploads\/2022\/05\/Valida-cabildo-eleccio\u0301n-Ayudantes-04-300x200.jpg 300w, https:\/\/cuernavaca.gob.mx\/wp-content\/uploads\/2022\/05\/Valida-cabildo-eleccio\u0301n-Ayudantes-04-768x512.jpg 768w, https:\/\/cuernavaca.gob.mx\/wp-content\/uploads\/2022\/05\/Valida-cabildo-eleccio\u0301n-Ayudantes-04-600x400.jpg 600w, https:\/\/cuernavaca.gob.mx\/wp-content\/uploads\/2022\/05\/Valida-cabildo-eleccio\u0301n-Ayudantes-04-560x373.jpg 560w, https:\/\/cuernavaca.gob.mx\/wp-content\/uploads\/2022\/05\/Valida-cabildo-eleccio\u0301n-Ayudantes-04.jpg 1280w\" sizes=\"(max-width: 1024px) 100vw, 1024px\" \/><\/figure>\n\n\n\n<figure class=\"wp-block-image size-large\"><img loading=\"lazy\" width=\"1024\" height=\"682\" data-id=\"11265\"  src=\"https:\/\/cuernavaca.gob.mx\/wp-content\/uploads\/2022\/05\/Valida-cabildo-eleccio\u0301n-Ayudantes-05-1024x682.jpg\" alt=\"\" class=\"wp-image-11265\" srcset=\"https:\/\/cuernavaca.gob.mx\/wp-content\/uploads\/2022\/05\/Valida-cabildo-eleccio\u0301n-Ayudantes-05-1024x682.jpg 1024w, https:\/\/cuernavaca.gob.mx\/wp-content\/uploads\/2022\/05\/Valida-cabildo-eleccio\u0301n-Ayudantes-05-300x200.jpg 300w, https:\/\/cuernavaca.gob.mx\/wp-content\/uploads\/2022\/05\/Valida-cabildo-eleccio\u0301n-Ayudantes-05-768x512.jpg 768w, https:\/\/cuernavaca.gob.mx\/wp-content\/uploads\/2022\/05\/Valida-cabildo-eleccio\u0301n-Ayudantes-05-600x400.jpg 600w, https:\/\/cuernavaca.gob.mx\/wp-content\/uploads\/2022\/05\/Valida-cabildo-eleccio\u0301n-Ayudantes-05-560x373.jpg 560w, https:\/\/cuernavaca.gob.mx\/wp-content\/uploads\/2022\/05\/Valida-cabildo-eleccio\u0301n-Ayudantes-05.jpg 1280w\" sizes=\"(max-width: 1024px) 100vw, 1024px\" \/><\/figure>\n\n\n\n<figure class=\"wp-block-image size-large\"><img loading=\"lazy\" width=\"1024\" height=\"682\" data-id=\"11263\"  src=\"https:\/\/cuernavaca.gob.mx\/wp-content\/uploads\/2022\/05\/Valida-cabildo-eleccio\u0301n-Ayudantes-06-1024x682.jpg\" alt=\"\" class=\"wp-image-11263\" srcset=\"https:\/\/cuernavaca.gob.mx\/wp-content\/uploads\/2022\/05\/Valida-cabildo-eleccio\u0301n-Ayudantes-06-1024x682.jpg 1024w, https:\/\/cuernavaca.gob.mx\/wp-content\/uploads\/2022\/05\/Valida-cabildo-eleccio\u0301n-Ayudantes-06-300x200.jpg 300w, https:\/\/cuernavaca.gob.mx\/wp-content\/uploads\/2022\/05\/Valida-cabildo-eleccio\u0301n-Ayudantes-06-768x512.jpg 768w, https:\/\/cuernavaca.gob.mx\/wp-content\/uploads\/2022\/05\/Valida-cabildo-eleccio\u0301n-Ayudantes-06-600x400.jpg 600w, https:\/\/cuernavaca.gob.mx\/wp-content\/uploads\/2022\/05\/Valida-cabildo-eleccio\u0301n-Ayudantes-06-560x373.jpg 560w, https:\/\/cuernavaca.gob.mx\/wp-content\/uploads\/2022\/05\/Valida-cabildo-eleccio\u0301n-Ayudantes-06.jpg 1280w\" sizes=\"(max-width: 1024px) 100vw, 1024px\" \/><\/figure>\n\n\n\n<figure class=\"wp-block-image size-large\"><img loading=\"lazy\" width=\"1024\" height=\"683\" data-id=\"11269\"  src=\"https:\/\/cuernavaca.gob.mx\/wp-content\/uploads\/2022\/05\/Valida-cabildo-eleccio\u0301n-Ayudantes-07-1024x683.jpg\" alt=\"\" class=\"wp-image-11269\" srcset=\"https:\/\/cuernavaca.gob.mx\/wp-content\/uploads\/2022\/05\/Valida-cabildo-eleccio\u0301n-Ayudantes-07-1024x683.jpg 1024w, https:\/\/cuernavaca.gob.mx\/wp-content\/uploads\/2022\/05\/Valida-cabildo-eleccio\u0301n-Ayudantes-07-300x200.jpg 300w, https:\/\/cuernavaca.gob.mx\/wp-content\/uploads\/2022\/05\/Valida-cabildo-eleccio\u0301n-Ayudantes-07-768x512.jpg 768w, https:\/\/cuernavaca.gob.mx\/wp-content\/uploads\/2022\/05\/Valida-cabildo-eleccio\u0301n-Ayudantes-07-600x400.jpg 600w, https:\/\/cuernavaca.gob.mx\/wp-content\/uploads\/2022\/05\/Valida-cabildo-eleccio\u0301n-Ayudantes-07-560x374.jpg 560w, https:\/\/cuernavaca.gob.mx\/wp-content\/uploads\/2022\/05\/Valida-cabildo-eleccio\u0301n-Ayudantes-07.jpg 1280w\" sizes=\"(max-width: 1024px) 100vw, 1024px\" \/><\/figure>\n\n\n\n<figure class=\"wp-block-image size-large\"><img loading=\"lazy\" width=\"1024\" height=\"682\" data-id=\"11270\"  src=\"https:\/\/cuernavaca.gob.mx\/wp-content\/uploads\/2022\/05\/Valida-cabildo-eleccio\u0301n-Ayudantes-08-1024x682.jpg\" alt=\"\" class=\"wp-image-11270\" srcset=\"https:\/\/cuernavaca.gob.mx\/wp-content\/uploads\/2022\/05\/Valida-cabildo-eleccio\u0301n-Ayudantes-08-1024x682.jpg 1024w, https:\/\/cuernavaca.gob.mx\/wp-content\/uploads\/2022\/05\/Valida-cabildo-eleccio\u0301n-Ayudantes-08-300x200.jpg 300w, https:\/\/cuernavaca.gob.mx\/wp-content\/uploads\/2022\/05\/Valida-cabildo-eleccio\u0301n-Ayudantes-08-768x512.jpg 768w, https:\/\/cuernavaca.gob.mx\/wp-content\/uploads\/2022\/05\/Valida-cabildo-eleccio\u0301n-Ayudantes-08-600x400.jpg 600w, https:\/\/cuernavaca.gob.mx\/wp-content\/uploads\/2022\/05\/Valida-cabildo-eleccio\u0301n-Ayudantes-08-560x373.jpg 560w, https:\/\/cuernavaca.gob.mx\/wp-content\/uploads\/2022\/05\/Valida-cabildo-eleccio\u0301n-Ayudantes-08.jpg 1280w\" sizes=\"(max-width: 1024px) 100vw, 1024px\" \/><\/figure>\n<\/figure>\n","protected":false},"excerpt":{"rendered":"<p>Bajo el criterio de generar un proceso verdaderamente democr\u00e1tico, se llevar\u00e1n a cabo elecciones extraordinarias para el poblado de Tlaltenango La s\u00edndica municipal, regidoras y regidores avalaron que en la elecci\u00f3n de San Ant\u00f3n los actos impugnados son improcedentes En Sesi\u00f3n Extraordinaria de Cabildo, este domingo por mayor\u00eda se declar\u00f3 la validez de las elecciones [&hellip;]<\/p>\n","protected":false},"author":1,"featured_media":11267,"comment_status":"closed","ping_status":"closed","sticky":false,"template":"","format":"standard","meta":[],"categories":[20],"tags":[436,158,121,321,409,120,890],"aioseo_notices":[],"_links":{"self":[{"href":"https:\/\/cuernavaca.gob.mx\/index.php?rest_route=\/wp\/v2\/posts\/11244"}],"collection":[{"href":"https:\/\/cuernavaca.gob.mx\/index.php?rest_route=\/wp\/v2\/posts"}],"about":[{"href":"https:\/\/cuernavaca.gob.mx\/index.php?rest_route=\/wp\/v2\/types\/post"}],"author":[{"embeddable":true,"href":"https:\/\/cuernavaca.gob.mx\/index.php?rest_route=\/wp\/v2\/users\/1"}],"replies":[{"embeddable":true,"href":"https:\/\/cuernavaca.gob.mx\/index.php?rest_route=%2Fwp%2Fv2%2Fcomments&post=11244"}],"version-history":[{"count":3,"href":"https:\/\/cuernavaca.gob.mx\/index.php?rest_route=\/wp\/v2\/posts\/11244\/revisions"}],"predecessor-version":[{"id":11468,"href":"https:\/\/cuernavaca.gob.mx\/index.php?rest_route=\/wp\/v2\/posts\/11244\/revisions\/11468"}],"wp:featuredmedia":[{"embeddable":true,"href":"https:\/\/cuernavaca.gob.mx\/index.php?rest_route=\/wp\/v2\/media\/11267"}],"wp:attachment":[{"href":"https:\/\/cuernavaca.gob.mx\/index.php?rest_route=%2Fwp%2Fv2%2Fmedia&parent=11244"}],"wp:term":[{"taxonomy":"category","embeddable":true,"href":"https:\/\/cuernavaca.gob.mx\/index.php?rest_route=%2Fwp%2Fv2%2Fcategories&post=11244"},{"taxonomy":"post_tag","embeddable":true,"href":"https:\/\/cuernavaca.gob.mx\/index.php?rest_route=%2Fwp%2Fv2%2Ftags&post=11244"}],"curies":[{"name":"wp","href":"https:\/\/api.w.org\/{rel}","templated":true}]}}