{"id":11246,"date":"2022-05-21T10:00:00","date_gmt":"2022-05-21T15:00:00","guid":{"rendered":"http:\/\/cuernavaca.gob.mx\/?p=11246"},"modified":"2025-05-06T11:24:50","modified_gmt":"2025-05-06T17:24:50","slug":"instituto-de-la-mujer-de-cuernavaca-empodera-capacita-y-acompana-a-madres-de-familia","status":"publish","type":"post","link":"https:\/\/cuernavaca.gob.mx\/?p=11246","title":{"rendered":"Instituto de la Mujer de Cuernavaca empodera, capacita y acompa\u00f1a a madres de familia"},"content":{"rendered":"\n<p><strong>Las madres de familia son m\u00e1s vulnerables a ser v\u00edctimas de violencia en el n\u00facleo familiar, pero tambi\u00e9n en el \u00e1mbito laboral<\/strong><\/p>\n\n\n\n<p><strong>Cada semana se realizan talleres de prevenci\u00f3n de la violencia y para identificar signos de alarma y factores protectores<\/strong><\/p>\n\n\n\n<p>Con la meta de generar condiciones de paz y armon\u00eda social, en Cuernavaca las madres de familia reciben apoyo del Gobierno Municipal que a trav\u00e9s del Instituto de la Mujer otorga no solo asesoramiento y acompa\u00f1amiento, sino tambi\u00e9n ofrece talleres de empoderamiento integral que parten de la identificaci\u00f3n de agresiones, de factores protectores y la promoci\u00f3n de entornos favorables.<\/p>\n\n\n\n<p>La directora general del Instituto de la Mujer de Cuernavaca (IMC), Lorena Castillo Castillo, afirm\u00f3 que las madres de familia son m\u00e1s vulnerables a ser v\u00edctimas de violencia en el n\u00facleo familiar, pero tambi\u00e9n en el \u00e1mbito laboral, ya que actualmente m\u00e1s del 50 por ciento de las madres se han convertido en jefas de familia padeciendo en ciertas ocasiones agresiones f\u00edsicas, verbales y hasta psicol\u00f3gicas por los roles que desempe\u00f1an.<\/p>\n\n\n\n<p>Se\u00f1al\u00f3 que un 90 por ciento de las personas que buscan atenci\u00f3n en el IMC son madres de familia, reciben desde asesoramiento jur\u00eddico al padecer violencia patrimonial, apoyo en contenci\u00f3n emocional y asesor\u00eda psicol\u00f3gica, acudiendo incluso con sus propios hijos para recibir terapia de manera integral y llegando a sumarse a los talleres y actividades que ofrece.<\/p>\n\n\n\n<p>En este sentido, Lorena Castillo explic\u00f3 que el empoderamiento integral que fomentan se basa en la identificaci\u00f3n de agresiones, de factores protectores, en la promoci\u00f3n de entornos favorables, y en generar un mayor fortalecimiento econ\u00f3mico que es fundamental para que las mujeres madres de familia puedan contar con la facultad o la posibilidad de tomar decisiones.<\/p>\n\n\n\n<p>Refiri\u00f3 que las personas interesadas en participar en las actividades o acceder a los servicios del Instituto de la Mujer de Cuernavaca pueden acercarse directamente a sus oficinas ubicadas en el Parque Tlaltenango, mandar un mensaje en sus redes sociales oficiales o llamando al 777 136 9690.<\/p>\n\n\n\n<p>Lorena Castillo abund\u00f3 que Como parte del programa de atenci\u00f3n integral de prevenci\u00f3n y atenci\u00f3n de la violencia que ha iniciado el Instituto de la Mujer de Cuernavaca, cada semana llevan a cabo distintos talleres de prevenci\u00f3n de la violencia desde autobiograf\u00eda para resiliencias, lectura con perspectiva de g\u00e9nero.<\/p>\n\n\n\n<p>Tambi\u00e9n los relacionados a las tecnolog\u00edas dom\u00e9sticas que les ayudan a tener mayor autonom\u00eda elaborando productos para su uso inmediato y uso b\u00e1sico, desarrollo de productos que puedan ser comercializados hasta capturando im\u00e1genes a trav\u00e9s de fotograf\u00edas, mediante el cual pueden reflejar lo que para ellas es un signo de alarma o de violencia y un factor protector.<\/p>\n\n\n\n<figure class=\"wp-container-2 wp-block-gallery-1 wp-block-gallery has-nested-images columns-default is-cropped\">\n<figure class=\"wp-block-image size-large\"><img loading=\"lazy\" width=\"1024\" height=\"766\" data-id=\"11255\"  src=\"https:\/\/cuernavaca.gob.mx\/wp-content\/uploads\/2022\/05\/Instituto-de-la-mujer-empodera-01-1.jpg\" alt=\"\" class=\"wp-image-11255\" srcset=\"https:\/\/cuernavaca.gob.mx\/wp-content\/uploads\/2022\/05\/Instituto-de-la-mujer-empodera-01-1.jpg 1024w, https:\/\/cuernavaca.gob.mx\/wp-content\/uploads\/2022\/05\/Instituto-de-la-mujer-empodera-01-1-300x224.jpg 300w, https:\/\/cuernavaca.gob.mx\/wp-content\/uploads\/2022\/05\/Instituto-de-la-mujer-empodera-01-1-768x575.jpg 768w, https:\/\/cuernavaca.gob.mx\/wp-content\/uploads\/2022\/05\/Instituto-de-la-mujer-empodera-01-1-600x449.jpg 600w, https:\/\/cuernavaca.gob.mx\/wp-content\/uploads\/2022\/05\/Instituto-de-la-mujer-empodera-01-1-560x419.jpg 560w\" sizes=\"(max-width: 1024px) 100vw, 1024px\" \/><\/figure>\n\n\n\n<figure class=\"wp-block-image size-large\"><img loading=\"lazy\" width=\"769\" height=\"1024\" data-id=\"11254\"  src=\"https:\/\/cuernavaca.gob.mx\/wp-content\/uploads\/2022\/05\/Instituto-de-la-mujer-empodera-02-1.jpg\" alt=\"\" class=\"wp-image-11254\" srcset=\"https:\/\/cuernavaca.gob.mx\/wp-content\/uploads\/2022\/05\/Instituto-de-la-mujer-empodera-02-1.jpg 769w, https:\/\/cuernavaca.gob.mx\/wp-content\/uploads\/2022\/05\/Instituto-de-la-mujer-empodera-02-1-225x300.jpg 225w, https:\/\/cuernavaca.gob.mx\/wp-content\/uploads\/2022\/05\/Instituto-de-la-mujer-empodera-02-1-451x600.jpg 451w, https:\/\/cuernavaca.gob.mx\/wp-content\/uploads\/2022\/05\/Instituto-de-la-mujer-empodera-02-1-421x560.jpg 421w\" sizes=\"(max-width: 769px) 100vw, 769px\" \/><\/figure>\n\n\n\n<figure class=\"wp-block-image size-large\"><img loading=\"lazy\" width=\"1024\" height=\"768\" data-id=\"11256\"  src=\"https:\/\/cuernavaca.gob.mx\/wp-content\/uploads\/2022\/05\/Instituto-de-la-mujer-empodera-03-1-1024x768.jpg\" alt=\"\" class=\"wp-image-11256\" srcset=\"https:\/\/cuernavaca.gob.mx\/wp-content\/uploads\/2022\/05\/Instituto-de-la-mujer-empodera-03-1-1024x768.jpg 1024w, https:\/\/cuernavaca.gob.mx\/wp-content\/uploads\/2022\/05\/Instituto-de-la-mujer-empodera-03-1-300x225.jpg 300w, https:\/\/cuernavaca.gob.mx\/wp-content\/uploads\/2022\/05\/Instituto-de-la-mujer-empodera-03-1-768x576.jpg 768w, https:\/\/cuernavaca.gob.mx\/wp-content\/uploads\/2022\/05\/Instituto-de-la-mujer-empodera-03-1-1536x1152.jpg 1536w, https:\/\/cuernavaca.gob.mx\/wp-content\/uploads\/2022\/05\/Instituto-de-la-mujer-empodera-03-1-600x450.jpg 600w, https:\/\/cuernavaca.gob.mx\/wp-content\/uploads\/2022\/05\/Instituto-de-la-mujer-empodera-03-1-560x420.jpg 560w, https:\/\/cuernavaca.gob.mx\/wp-content\/uploads\/2022\/05\/Instituto-de-la-mujer-empodera-03-1.jpg 1600w\" sizes=\"(max-width: 1024px) 100vw, 1024px\" \/><\/figure>\n\n\n\n<figure class=\"wp-block-image size-large\"><img loading=\"lazy\" width=\"1024\" height=\"768\" data-id=\"11257\"  src=\"https:\/\/cuernavaca.gob.mx\/wp-content\/uploads\/2022\/05\/Instituto-de-la-mujer-empodera-04-1-1024x768.jpg\" alt=\"\" class=\"wp-image-11257\" srcset=\"https:\/\/cuernavaca.gob.mx\/wp-content\/uploads\/2022\/05\/Instituto-de-la-mujer-empodera-04-1-1024x768.jpg 1024w, https:\/\/cuernavaca.gob.mx\/wp-content\/uploads\/2022\/05\/Instituto-de-la-mujer-empodera-04-1-300x225.jpg 300w, https:\/\/cuernavaca.gob.mx\/wp-content\/uploads\/2022\/05\/Instituto-de-la-mujer-empodera-04-1-768x576.jpg 768w, https:\/\/cuernavaca.gob.mx\/wp-content\/uploads\/2022\/05\/Instituto-de-la-mujer-empodera-04-1-1536x1152.jpg 1536w, https:\/\/cuernavaca.gob.mx\/wp-content\/uploads\/2022\/05\/Instituto-de-la-mujer-empodera-04-1-600x450.jpg 600w, https:\/\/cuernavaca.gob.mx\/wp-content\/uploads\/2022\/05\/Instituto-de-la-mujer-empodera-04-1-560x420.jpg 560w, https:\/\/cuernavaca.gob.mx\/wp-content\/uploads\/2022\/05\/Instituto-de-la-mujer-empodera-04-1.jpg 1600w\" sizes=\"(max-width: 1024px) 100vw, 1024px\" \/><\/figure>\n\n\n\n<figure class=\"wp-block-image size-large\"><img loading=\"lazy\" width=\"1024\" height=\"768\" data-id=\"11258\"  src=\"https:\/\/cuernavaca.gob.mx\/wp-content\/uploads\/2022\/05\/Instituto-de-la-mujer-empodera-05-1-1024x768.jpg\" alt=\"\" class=\"wp-image-11258\" srcset=\"https:\/\/cuernavaca.gob.mx\/wp-content\/uploads\/2022\/05\/Instituto-de-la-mujer-empodera-05-1-1024x768.jpg 1024w, https:\/\/cuernavaca.gob.mx\/wp-content\/uploads\/2022\/05\/Instituto-de-la-mujer-empodera-05-1-300x225.jpg 300w, https:\/\/cuernavaca.gob.mx\/wp-content\/uploads\/2022\/05\/Instituto-de-la-mujer-empodera-05-1-768x576.jpg 768w, https:\/\/cuernavaca.gob.mx\/wp-content\/uploads\/2022\/05\/Instituto-de-la-mujer-empodera-05-1-600x450.jpg 600w, https:\/\/cuernavaca.gob.mx\/wp-content\/uploads\/2022\/05\/Instituto-de-la-mujer-empodera-05-1-560x420.jpg 560w, https:\/\/cuernavaca.gob.mx\/wp-content\/uploads\/2022\/05\/Instituto-de-la-mujer-empodera-05-1.jpg 1280w\" sizes=\"(max-width: 1024px) 100vw, 1024px\" \/><\/figure>\n\n\n\n<figure class=\"wp-block-image size-large\"><img loading=\"lazy\" width=\"1024\" height=\"768\" data-id=\"11259\"  src=\"https:\/\/cuernavaca.gob.mx\/wp-content\/uploads\/2022\/05\/Instituto-de-la-mujer-empodera-06-1-1024x768.jpg\" alt=\"\" class=\"wp-image-11259\" srcset=\"https:\/\/cuernavaca.gob.mx\/wp-content\/uploads\/2022\/05\/Instituto-de-la-mujer-empodera-06-1-1024x768.jpg 1024w, https:\/\/cuernavaca.gob.mx\/wp-content\/uploads\/2022\/05\/Instituto-de-la-mujer-empodera-06-1-300x225.jpg 300w, https:\/\/cuernavaca.gob.mx\/wp-content\/uploads\/2022\/05\/Instituto-de-la-mujer-empodera-06-1-768x576.jpg 768w, https:\/\/cuernavaca.gob.mx\/wp-content\/uploads\/2022\/05\/Instituto-de-la-mujer-empodera-06-1-1536x1152.jpg 1536w, https:\/\/cuernavaca.gob.mx\/wp-content\/uploads\/2022\/05\/Instituto-de-la-mujer-empodera-06-1-600x450.jpg 600w, https:\/\/cuernavaca.gob.mx\/wp-content\/uploads\/2022\/05\/Instituto-de-la-mujer-empodera-06-1-560x420.jpg 560w, https:\/\/cuernavaca.gob.mx\/wp-content\/uploads\/2022\/05\/Instituto-de-la-mujer-empodera-06-1.jpg 1600w\" sizes=\"(max-width: 1024px) 100vw, 1024px\" \/><\/figure>\n<\/figure>\n","protected":false},"excerpt":{"rendered":"<p>Las madres de familia son m\u00e1s vulnerables a ser v\u00edctimas de violencia en el n\u00facleo familiar, pero tambi\u00e9n en el \u00e1mbito laboral Cada semana se realizan talleres de prevenci\u00f3n de la violencia y para identificar signos de alarma y factores protectores Con la meta de generar condiciones de paz y armon\u00eda social, en Cuernavaca las [&hellip;]<\/p>\n","protected":false},"author":1,"featured_media":11258,"comment_status":"closed","ping_status":"closed","sticky":false,"template":"","format":"standard","meta":[],"categories":[20,280],"tags":[888,121,887,637,289,120,889],"aioseo_notices":[],"_links":{"self":[{"href":"https:\/\/cuernavaca.gob.mx\/index.php?rest_route=\/wp\/v2\/posts\/11246"}],"collection":[{"href":"https:\/\/cuernavaca.gob.mx\/index.php?rest_route=\/wp\/v2\/posts"}],"about":[{"href":"https:\/\/cuernavaca.gob.mx\/index.php?rest_route=\/wp\/v2\/types\/post"}],"author":[{"embeddable":true,"href":"https:\/\/cuernavaca.gob.mx\/index.php?rest_route=\/wp\/v2\/users\/1"}],"replies":[{"embeddable":true,"href":"https:\/\/cuernavaca.gob.mx\/index.php?rest_route=%2Fwp%2Fv2%2Fcomments&post=11246"}],"version-history":[{"count":2,"href":"https:\/\/cuernavaca.gob.mx\/index.php?rest_route=\/wp\/v2\/posts\/11246\/revisions"}],"predecessor-version":[{"id":11261,"href":"https:\/\/cuernavaca.gob.mx\/index.php?rest_route=\/wp\/v2\/posts\/11246\/revisions\/11261"}],"wp:featuredmedia":[{"embeddable":true,"href":"https:\/\/cuernavaca.gob.mx\/index.php?rest_route=\/wp\/v2\/media\/11258"}],"wp:attachment":[{"href":"https:\/\/cuernavaca.gob.mx\/index.php?rest_route=%2Fwp%2Fv2%2Fmedia&parent=11246"}],"wp:term":[{"taxonomy":"category","embeddable":true,"href":"https:\/\/cuernavaca.gob.mx\/index.php?rest_route=%2Fwp%2Fv2%2Fcategories&post=11246"},{"taxonomy":"post_tag","embeddable":true,"href":"https:\/\/cuernavaca.gob.mx\/index.php?rest_route=%2Fwp%2Fv2%2Ftags&post=11246"}],"curies":[{"name":"wp","href":"https:\/\/api.w.org\/{rel}","templated":true}]}}