{"id":11284,"date":"2022-03-28T12:00:00","date_gmt":"2022-03-28T18:00:00","guid":{"rendered":"http:\/\/cuernavaca.gob.mx\/?p=11284"},"modified":"2025-05-06T11:01:17","modified_gmt":"2025-05-06T17:01:17","slug":"sector-empresarial-universitarios-y-la-academia-benning-se-suman-a-la-realizacion-de-la-feria-de-la-flor-cuernavaca-2022","status":"publish","type":"post","link":"https:\/\/cuernavaca.gob.mx\/?p=11284","title":{"rendered":"Sector Empresarial, Universitarios y la Academia Benning se suman a la realizaci\u00f3n de la Feria de la Flor, Cuernavaca 2022"},"content":{"rendered":"\n<p><strong>El Comit\u00e9 Organizador dio detalles de la festividad que se llevar\u00e1 a cabo del 8 al 17 de abril en un ambiente totalmente familiar<\/strong><\/p>\n\n\n\n<p><strong>La entrada general ser\u00e1 de 25 pesos de recuperaci\u00f3n y los ingresos de la feria ser\u00e1n transparentados por la Contralor\u00eda Municipal<\/strong><\/p>\n\n\n\n<p>Representantes de c\u00e1maras empresariales que integran el Comit\u00e9 Organizador, dieron a conocer detalles sobre el renacer de la Feria de la Flor, Cuernavaca 2022 que tiene como prop\u00f3sito crear un escaparate que refleje la identidad de la ciudad a trav\u00e9s de la cultura, el arte, su artesan\u00eda, gastronom\u00eda, el sector agr\u00edcola y su folclor.<\/p>\n\n\n\n<p>Ante representantes de los medios de comunicaci\u00f3n, el presidente de la C\u00e1mara Nacional de Comercio, Servicios y Turismo de Cuernavaca (CANACO SERVYTUR), Rodrigo L\u00f3pez Laguardia, explic\u00f3 que el objetivo del Comit\u00e9 es dar transparencia a los recursos que se eroguen e ingresen por el evento, avalando que se cumpla con las metas econ\u00f3micas, pero, sobre todo, que cumplan con mostrar a Cuernavaca, su comercio, sus productores, sus viveristas, en un espacio de esparcimiento familiar.<\/p>\n\n\n\n<p>El Comit\u00e9 Organizador de la Feria est\u00e1 integrado por representantes del Consejo Coordinador Empresarial (CCE), de la C\u00e1mara Nacional de Comercio, Servicios y Turismo de Cuernavaca (CANACO SERVYTUR) y la C\u00e1mara Nacional de la Industria Restaurantera (CANIRAC), as\u00ed como el presidente de la Asociaci\u00f3n de Colonos de Vista Hermosa y de Ampliaci\u00f3n Vista Hermosa; el director de la Escuela de Turismo de la UAEM y los regidores presidentes de la Comisi\u00f3n de Desarrollo Econ\u00f3mico y la Comisi\u00f3n de Relaciones P\u00fablicas y Comunicaci\u00f3n Social.<\/p>\n\n\n\n<p>L\u00f3pez Laguardia reconoci\u00f3 la iniciativa del Gobierno Municipal por impulsar \u00e9ste tipo de eventos que buscan recuperar aquellas ferias que tuvo la ciudad, seguras con un ambiente de sana convivencia, ya que en la Feria de la Flor, Cuernavaca 2022 no habr\u00e1 venta de bebidas alcoh\u00f3licas, ser\u00e1 un espacio de fomento al comercio local, con productos de procedencia legal y la participaci\u00f3n de expositores cien por ciento morelenses.<\/p>\n\n\n\n<p>Antonio S\u00e1nchez Pur\u00f3n, presidente del Consejo Coordinador Empresarial (CCE), resalt\u00f3 la sensibilidad del Ayuntamiento de Cuernavaca por atender sus inquietudes respecto a la organizaci\u00f3n del evento, dejando de lado la opacidad con la que se hab\u00eda manejado en a\u00f1os anteriores para generar una sinergia entre grupos con la intenci\u00f3n a corto plazo de crear un patronato de la feria que d\u00e9 certeza y seguridad en la misma, que conf\u00eda seguir\u00e1 creciendo y con ello su impacto.<\/p>\n\n\n\n<p>En su oportunidad, el director de la Escuela de Turismo de la Universidad Aut\u00f3noma del Estado de Morelos (UAEM), Gerardo Gama Hern\u00e1ndez, inform\u00f3 que adem\u00e1s de que sus estudiantes formar\u00e1n parte del staff de la Feria de la Flor, Cuernavaca 2022, apoyando de manera directa en la log\u00edstica, planeaci\u00f3n y administraci\u00f3n, estar\u00e1n a cargo del stand promocional de Cuernavaca que habr\u00e1 al interior de la feria, haciendo una invitaci\u00f3n a la ciudadan\u00eda en general a sumarse a esta iniciativa presentando alguna fotograf\u00eda que promueva la belleza de la Eterna Primavera.<\/p>\n\n\n\n<p>La presentaci\u00f3n de los artistas que formar\u00e1n parte del Teatro del Pueblo qued\u00f3 a cargo de Tito Quiroz, director de la Academia de M\u00fasica Benning, quien mencion\u00f3 a algunos como Big Mountain, la Banda de Tlayacapan, Marco Di Mauro, Regina Orozco, Carlos Cuevas, entre otros, pero tambi\u00e9n, resalt\u00f3, que se contar\u00e1 con la participaci\u00f3n de j\u00f3venes talentos de Cuernavaca. La entrada al teatro del pueblo ser\u00e1 gratuita solo con el mismo costo del boleto general.<\/p>\n\n\n\n<p>A\u00fan y cuando no tendr\u00e1n una presencia amplia en la feria, Griselda Hurtado Calder\u00f3n, presidenta de la C\u00e1mara Nacional de la Industria Restaurantera (CANIRAC) confirm\u00f3 que estar\u00e1n emprendiendo una campa\u00f1a de difusi\u00f3n desde sus respectivos comercios, as\u00ed como a trav\u00e9s de la plataforma \u201cSabores Morelos\u201d para que m\u00e1s personas sepan y visiten la Feria de la Flor, Cuernavaca 2022.<\/p>\n\n\n\n<p>Tras agradecer el apoyo de todos los participantes, el secretario de Desarrollo Econ\u00f3mico y Turismo de Cuernavaca, Humberto Paladino Valdovinos, destac\u00f3 que en la feria estar\u00e1 presente el sector primario del municipio representado por los nueve sistemas productos: ornamentales, fung\u00edcola, granos b\u00e1sicos, pan artesanal, ap\u00edcola, acu\u00edcola, aguacate, pecuario y hortalizas, as\u00ed como los 12 pueblos originarios de la ciudad y los mercados perif\u00e9ricos que tendr\u00e1n una exposici\u00f3n de muestra gastron\u00f3mica con productos locales y del estado, as\u00ed como artesanos con productos elaborados por ellos mismos.<\/p>\n\n\n\n<p>La feria, asegur\u00f3, ser\u00e1 incluyente, ecol\u00f3gica y sustentable, en la que no se otorgar\u00e1n bolsas de pl\u00e1stico ni productos derivados del petr\u00f3leo y habr\u00e1 un pabell\u00f3n adaptado a las necesidades de los grupos vulnerables y de f\u00e1cil acceso al recinto ferial.<\/p>\n\n\n\n<p>En este sentido, el director general de Industria, Comercio y Servicios del Ayuntamiento de Cuernavaca, Edmundo Chac\u00f3n Gallardo, explic\u00f3 que la Feria de la Flor, Cuernavaca 2022 estar\u00e1 integrada por cerca de 250 expositores, entre ellos 32 son viveristas y 120 artesanos; habr\u00e1 12 lugares para alimentos, 32 espacios en la zona comercial, 40 stands corporativos, y hasta food trucks que est\u00e1n buscando sumarse al proyecto.<\/p>\n\n\n\n<p>Mencion\u00f3 que se tiene programada una afluencia estimada de dos mil visitantes por d\u00eda, con un aforo de 40 mil personas con boleto pagado con un costo de 25 pesos, por lo que esperan una derrama econ\u00f3mica por arriba de los 10 millones de pesos durante los 10 d\u00edas del evento.<\/p>\n\n\n\n<p>Finalmente, el regidor presidente de la Comisi\u00f3n de Turismo, Fernando Carillo Alvarado, manifest\u00f3 la importancia de reactivar este proyecto que por m\u00e1s de seis a\u00f1os estuvo ausente en la capital del estado.<\/p>\n\n\n\n<p>La Feria de la Flor, Cuernavaca 2022 se llevar\u00e1 a cabo del 8 al 17 de abril en avenida San Diego 411, a un costado del arco de Vista Hermosa donde adem\u00e1s habr\u00e1 juegos mec\u00e1nicos con \u00e1reas seguras para ni\u00f1os, mientras que los camellones sobre la avenida principal de acceso al recinto ser\u00e1n un espacio de exposici\u00f3n para pan artesanal y de Orgullo Morelos.<\/p>\n\n\n\n<figure class=\"wp-container-2 wp-block-gallery-1 wp-block-gallery has-nested-images columns-default is-cropped\">\n<figure class=\"wp-block-image size-large\"><img loading=\"lazy\" width=\"1024\" height=\"682\" data-id=\"11288\"  src=\"https:\/\/cuernavaca.gob.mx\/wp-content\/uploads\/2022\/05\/Conferencia-Feria-de-la-Flor-01.jpg\" alt=\"\" class=\"wp-image-11288\" srcset=\"https:\/\/cuernavaca.gob.mx\/wp-content\/uploads\/2022\/05\/Conferencia-Feria-de-la-Flor-01.jpg 1024w, https:\/\/cuernavaca.gob.mx\/wp-content\/uploads\/2022\/05\/Conferencia-Feria-de-la-Flor-01-300x200.jpg 300w, https:\/\/cuernavaca.gob.mx\/wp-content\/uploads\/2022\/05\/Conferencia-Feria-de-la-Flor-01-768x512.jpg 768w, https:\/\/cuernavaca.gob.mx\/wp-content\/uploads\/2022\/05\/Conferencia-Feria-de-la-Flor-01-600x400.jpg 600w, https:\/\/cuernavaca.gob.mx\/wp-content\/uploads\/2022\/05\/Conferencia-Feria-de-la-Flor-01-560x373.jpg 560w\" sizes=\"(max-width: 1024px) 100vw, 1024px\" \/><\/figure>\n\n\n\n<figure class=\"wp-block-image size-large\"><img loading=\"lazy\" width=\"1024\" height=\"682\" data-id=\"11287\"  src=\"https:\/\/cuernavaca.gob.mx\/wp-content\/uploads\/2022\/05\/Conferencia-Feria-de-la-Flor-02.jpg\" alt=\"\" class=\"wp-image-11287\" srcset=\"https:\/\/cuernavaca.gob.mx\/wp-content\/uploads\/2022\/05\/Conferencia-Feria-de-la-Flor-02.jpg 1024w, https:\/\/cuernavaca.gob.mx\/wp-content\/uploads\/2022\/05\/Conferencia-Feria-de-la-Flor-02-300x200.jpg 300w, https:\/\/cuernavaca.gob.mx\/wp-content\/uploads\/2022\/05\/Conferencia-Feria-de-la-Flor-02-768x512.jpg 768w, https:\/\/cuernavaca.gob.mx\/wp-content\/uploads\/2022\/05\/Conferencia-Feria-de-la-Flor-02-600x400.jpg 600w, https:\/\/cuernavaca.gob.mx\/wp-content\/uploads\/2022\/05\/Conferencia-Feria-de-la-Flor-02-560x373.jpg 560w\" sizes=\"(max-width: 1024px) 100vw, 1024px\" \/><\/figure>\n\n\n\n<figure class=\"wp-block-image size-large\"><img loading=\"lazy\" width=\"1024\" height=\"682\" data-id=\"11289\"  src=\"https:\/\/cuernavaca.gob.mx\/wp-content\/uploads\/2022\/05\/Conferencia-Feria-de-la-Flor-03.jpg\" alt=\"\" class=\"wp-image-11289\" srcset=\"https:\/\/cuernavaca.gob.mx\/wp-content\/uploads\/2022\/05\/Conferencia-Feria-de-la-Flor-03.jpg 1024w, https:\/\/cuernavaca.gob.mx\/wp-content\/uploads\/2022\/05\/Conferencia-Feria-de-la-Flor-03-300x200.jpg 300w, https:\/\/cuernavaca.gob.mx\/wp-content\/uploads\/2022\/05\/Conferencia-Feria-de-la-Flor-03-768x512.jpg 768w, https:\/\/cuernavaca.gob.mx\/wp-content\/uploads\/2022\/05\/Conferencia-Feria-de-la-Flor-03-600x400.jpg 600w, https:\/\/cuernavaca.gob.mx\/wp-content\/uploads\/2022\/05\/Conferencia-Feria-de-la-Flor-03-560x373.jpg 560w\" sizes=\"(max-width: 1024px) 100vw, 1024px\" \/><\/figure>\n\n\n\n<figure class=\"wp-block-image size-large\"><img loading=\"lazy\" width=\"1024\" height=\"682\" data-id=\"11285\"  src=\"https:\/\/cuernavaca.gob.mx\/wp-content\/uploads\/2022\/05\/Conferencia-Feria-de-la-Flor-04.jpg\" alt=\"\" class=\"wp-image-11285\" srcset=\"https:\/\/cuernavaca.gob.mx\/wp-content\/uploads\/2022\/05\/Conferencia-Feria-de-la-Flor-04.jpg 1024w, https:\/\/cuernavaca.gob.mx\/wp-content\/uploads\/2022\/05\/Conferencia-Feria-de-la-Flor-04-300x200.jpg 300w, https:\/\/cuernavaca.gob.mx\/wp-content\/uploads\/2022\/05\/Conferencia-Feria-de-la-Flor-04-768x512.jpg 768w, https:\/\/cuernavaca.gob.mx\/wp-content\/uploads\/2022\/05\/Conferencia-Feria-de-la-Flor-04-600x400.jpg 600w, https:\/\/cuernavaca.gob.mx\/wp-content\/uploads\/2022\/05\/Conferencia-Feria-de-la-Flor-04-560x373.jpg 560w\" sizes=\"(max-width: 1024px) 100vw, 1024px\" \/><\/figure>\n\n\n\n<figure class=\"wp-block-image size-large\"><img loading=\"lazy\" width=\"1024\" height=\"682\" data-id=\"11286\"  src=\"https:\/\/cuernavaca.gob.mx\/wp-content\/uploads\/2022\/05\/Conferencia-Feria-de-la-Flor-05.jpg\" alt=\"\" class=\"wp-image-11286\" srcset=\"https:\/\/cuernavaca.gob.mx\/wp-content\/uploads\/2022\/05\/Conferencia-Feria-de-la-Flor-05.jpg 1024w, https:\/\/cuernavaca.gob.mx\/wp-content\/uploads\/2022\/05\/Conferencia-Feria-de-la-Flor-05-300x200.jpg 300w, https:\/\/cuernavaca.gob.mx\/wp-content\/uploads\/2022\/05\/Conferencia-Feria-de-la-Flor-05-768x512.jpg 768w, https:\/\/cuernavaca.gob.mx\/wp-content\/uploads\/2022\/05\/Conferencia-Feria-de-la-Flor-05-600x400.jpg 600w, https:\/\/cuernavaca.gob.mx\/wp-content\/uploads\/2022\/05\/Conferencia-Feria-de-la-Flor-05-560x373.jpg 560w\" sizes=\"(max-width: 1024px) 100vw, 1024px\" \/><\/figure>\n<\/figure>\n","protected":false},"excerpt":{"rendered":"<p>El Comit\u00e9 Organizador dio detalles de la festividad que se llevar\u00e1 a cabo del 8 al 17 de abril en un ambiente totalmente familiar La entrada general ser\u00e1 de 25 pesos de recuperaci\u00f3n y los ingresos de la feria ser\u00e1n transparentados por la Contralor\u00eda Municipal Representantes de c\u00e1maras empresariales que integran el Comit\u00e9 Organizador, dieron [&hellip;]<\/p>\n","protected":false},"author":1,"featured_media":11289,"comment_status":"closed","ping_status":"closed","sticky":false,"template":"","format":"standard","meta":[],"categories":[20,21],"tags":[263,264,267,121,489,895,120,676,194,266],"aioseo_notices":[],"_links":{"self":[{"href":"https:\/\/cuernavaca.gob.mx\/index.php?rest_route=\/wp\/v2\/posts\/11284"}],"collection":[{"href":"https:\/\/cuernavaca.gob.mx\/index.php?rest_route=\/wp\/v2\/posts"}],"about":[{"href":"https:\/\/cuernavaca.gob.mx\/index.php?rest_route=\/wp\/v2\/types\/post"}],"author":[{"embeddable":true,"href":"https:\/\/cuernavaca.gob.mx\/index.php?rest_route=\/wp\/v2\/users\/1"}],"replies":[{"embeddable":true,"href":"https:\/\/cuernavaca.gob.mx\/index.php?rest_route=%2Fwp%2Fv2%2Fcomments&post=11284"}],"version-history":[{"count":3,"href":"https:\/\/cuernavaca.gob.mx\/index.php?rest_route=\/wp\/v2\/posts\/11284\/revisions"}],"predecessor-version":[{"id":11465,"href":"https:\/\/cuernavaca.gob.mx\/index.php?rest_route=\/wp\/v2\/posts\/11284\/revisions\/11465"}],"wp:featuredmedia":[{"embeddable":true,"href":"https:\/\/cuernavaca.gob.mx\/index.php?rest_route=\/wp\/v2\/media\/11289"}],"wp:attachment":[{"href":"https:\/\/cuernavaca.gob.mx\/index.php?rest_route=%2Fwp%2Fv2%2Fmedia&parent=11284"}],"wp:term":[{"taxonomy":"category","embeddable":true,"href":"https:\/\/cuernavaca.gob.mx\/index.php?rest_route=%2Fwp%2Fv2%2Fcategories&post=11284"},{"taxonomy":"post_tag","embeddable":true,"href":"https:\/\/cuernavaca.gob.mx\/index.php?rest_route=%2Fwp%2Fv2%2Ftags&post=11284"}],"curies":[{"name":"wp","href":"https:\/\/api.w.org\/{rel}","templated":true}]}}