{"id":11302,"date":"2022-03-29T10:00:00","date_gmt":"2022-03-29T16:00:00","guid":{"rendered":"http:\/\/cuernavaca.gob.mx\/?p=11302"},"modified":"2025-05-06T11:01:17","modified_gmt":"2025-05-06T17:01:17","slug":"jovenes-y-personas-rezagadas-de-cuernavaca-reciben-refuerzo-de-vacuna-contra-covid-19","status":"publish","type":"post","link":"https:\/\/cuernavaca.gob.mx\/?p=11302","title":{"rendered":"J\u00f3venes y personas rezagadas de Cuernavaca reciben refuerzo de vacuna contra COVID-19"},"content":{"rendered":"\n<p><strong>Durante tres d\u00edas se aplicar\u00e1 el biol\u00f3gico AstraZeneca en la sede Papagayo del Ayuntamiento<\/strong><\/p>\n\n\n\n<p>Del 29 al 31 de marzo, la sede Papagayo del Ayuntamiento de Cuernavaca abre sus puertas una vez m\u00e1s a la jornada de vacunaci\u00f3n contra el SARS-CoV-2 ahora para la poblaci\u00f3n de 18 a 29 a\u00f1os y rezagados a cargo de autoridades que conforman la Brigada Correcaminos.<\/p>\n\n\n\n<p>El director de Salud y Educaci\u00f3n de la Secretar\u00eda de Desarrollo Humano y Participaci\u00f3n Social del Gobierno Municipal, inform\u00f3 que, este martes primer d\u00eda de la vacunaci\u00f3n de refuerzo, se tiene estimada la aplicaci\u00f3n de cinco mil dosis del biol\u00f3gico AstraZeneca contra Covid-19, que durante los tres d\u00edas se estar\u00e1 aplicando en un horario de 9 a 14 horas.<\/p>\n\n\n\n<p>Desde muy temprana hora y con una gran afluencia este martes j\u00f3venes y adultos se hicieron presentes en el Ayuntamiento de Cuernavaca en espera de ser recibidos por las autoridades sanitarias y municipales, quienes les recordaron que para recibir la vacuna de refuerzo es necesario presentar la documentaci\u00f3n que acredite que han sido registrados en la plataforma www.mivacuna.salud.gob.mx.<\/p>\n\n\n\n<p>Tambi\u00e9n debe presentarse el certificado de que ya cuentan con las dos aplicaciones anteriores, haber cumplido cuatro meses de la aplicaci\u00f3n de la segunda vacuna, o bien, que como rezagados requieren de la primera o segunda dosis, informar si tienen alg\u00fan padecimiento que pueda causar reacci\u00f3n al recibir el biol\u00f3gico, y de preferencia acudir desayunados.<\/p>\n\n\n\n<p>Al reiterar la importancia de completar su esquema de vacunaci\u00f3n, el director de Salud y Educaci\u00f3n del Ayuntamiento de Cuernavaca precis\u00f3 que el aplicarse el refuerzo es fundamental para mantener un nivel de inmunidad a partir de los cuatro meses de la inmunizaci\u00f3n previa, particularmente para controlar y neutralizar los niveles de la variante \u00d3micron.<\/p>\n\n\n\n<p>Se\u00f1al\u00f3 que, pese a estar Morelos en color verde del sem\u00e1foro epidemiol\u00f3gico federal la pandemia no ha concluido, siendo la vacuna el \u00fanico camino que se ha demostrado seguro y con mayor eficacia.<\/p>\n\n\n\n<p>En este sentido, resalt\u00f3 que el inter\u00e9s del Gobierno Municipal es brindar las facilidades para que el Gobierno Federal pueda seguir llevando este servicio a la comunidad capitalina y sean m\u00e1s las personas inmunizadas.<\/p>\n\n\n\n<p>Destac\u00f3 que, si bien existe un cansancio generalizado de la poblaci\u00f3n por atender los protocolos sanitarios, es importante que contin\u00faen respetando cada una de las medidas sanitarias, y en el tema de la vacuna que acudan a las sedes que est\u00e1n abiertas, como una herramienta indispensable para salvaguardar su vida.<\/p>\n\n\n\n<p>Las y los cuernavacenses de 18 a 29 a\u00f1os y rezagados podr\u00e1n vacunarse hasta el jueves 31 de marzo en la sede Papagayo del Ayuntamiento de Cuernavaca con la dosis de refuerzo de AstraZeneca contra Covid-19 en un horario de 9 a 14 horas.<\/p>\n\n\n\n<figure class=\"wp-container-2 wp-block-gallery-1 wp-block-gallery has-nested-images columns-default is-cropped\">\n<figure class=\"wp-block-image size-large\"><img loading=\"lazy\" width=\"1024\" height=\"682\" data-id=\"11303\"  src=\"https:\/\/cuernavaca.gob.mx\/wp-content\/uploads\/2022\/05\/Vacunacio\u0301n-rezagados-Ayuntamiento-01-1024x682.jpg\" alt=\"\" class=\"wp-image-11303\" srcset=\"https:\/\/cuernavaca.gob.mx\/wp-content\/uploads\/2022\/05\/Vacunacio\u0301n-rezagados-Ayuntamiento-01-1024x682.jpg 1024w, https:\/\/cuernavaca.gob.mx\/wp-content\/uploads\/2022\/05\/Vacunacio\u0301n-rezagados-Ayuntamiento-01-300x200.jpg 300w, https:\/\/cuernavaca.gob.mx\/wp-content\/uploads\/2022\/05\/Vacunacio\u0301n-rezagados-Ayuntamiento-01-768x512.jpg 768w, https:\/\/cuernavaca.gob.mx\/wp-content\/uploads\/2022\/05\/Vacunacio\u0301n-rezagados-Ayuntamiento-01-600x400.jpg 600w, https:\/\/cuernavaca.gob.mx\/wp-content\/uploads\/2022\/05\/Vacunacio\u0301n-rezagados-Ayuntamiento-01-560x373.jpg 560w, https:\/\/cuernavaca.gob.mx\/wp-content\/uploads\/2022\/05\/Vacunacio\u0301n-rezagados-Ayuntamiento-01.jpg 1280w\" sizes=\"(max-width: 1024px) 100vw, 1024px\" \/><\/figure>\n\n\n\n<figure class=\"wp-block-image size-large\"><img loading=\"lazy\" width=\"1024\" height=\"682\" data-id=\"11308\"  src=\"https:\/\/cuernavaca.gob.mx\/wp-content\/uploads\/2022\/05\/Vacunacio\u0301n-rezagados-Ayuntamiento-02-1024x682.jpg\" alt=\"\" class=\"wp-image-11308\" srcset=\"https:\/\/cuernavaca.gob.mx\/wp-content\/uploads\/2022\/05\/Vacunacio\u0301n-rezagados-Ayuntamiento-02-1024x682.jpg 1024w, https:\/\/cuernavaca.gob.mx\/wp-content\/uploads\/2022\/05\/Vacunacio\u0301n-rezagados-Ayuntamiento-02-300x200.jpg 300w, https:\/\/cuernavaca.gob.mx\/wp-content\/uploads\/2022\/05\/Vacunacio\u0301n-rezagados-Ayuntamiento-02-768x512.jpg 768w, https:\/\/cuernavaca.gob.mx\/wp-content\/uploads\/2022\/05\/Vacunacio\u0301n-rezagados-Ayuntamiento-02-600x400.jpg 600w, https:\/\/cuernavaca.gob.mx\/wp-content\/uploads\/2022\/05\/Vacunacio\u0301n-rezagados-Ayuntamiento-02-560x373.jpg 560w, https:\/\/cuernavaca.gob.mx\/wp-content\/uploads\/2022\/05\/Vacunacio\u0301n-rezagados-Ayuntamiento-02.jpg 1280w\" sizes=\"(max-width: 1024px) 100vw, 1024px\" \/><\/figure>\n\n\n\n<figure class=\"wp-block-image size-large\"><img loading=\"lazy\" width=\"1024\" height=\"682\" data-id=\"11306\"  src=\"https:\/\/cuernavaca.gob.mx\/wp-content\/uploads\/2022\/05\/Vacunacio\u0301n-rezagados-Ayuntamiento-03-1024x682.jpg\" alt=\"\" class=\"wp-image-11306\" srcset=\"https:\/\/cuernavaca.gob.mx\/wp-content\/uploads\/2022\/05\/Vacunacio\u0301n-rezagados-Ayuntamiento-03-1024x682.jpg 1024w, https:\/\/cuernavaca.gob.mx\/wp-content\/uploads\/2022\/05\/Vacunacio\u0301n-rezagados-Ayuntamiento-03-300x200.jpg 300w, https:\/\/cuernavaca.gob.mx\/wp-content\/uploads\/2022\/05\/Vacunacio\u0301n-rezagados-Ayuntamiento-03-768x512.jpg 768w, https:\/\/cuernavaca.gob.mx\/wp-content\/uploads\/2022\/05\/Vacunacio\u0301n-rezagados-Ayuntamiento-03-600x400.jpg 600w, https:\/\/cuernavaca.gob.mx\/wp-content\/uploads\/2022\/05\/Vacunacio\u0301n-rezagados-Ayuntamiento-03-560x373.jpg 560w, https:\/\/cuernavaca.gob.mx\/wp-content\/uploads\/2022\/05\/Vacunacio\u0301n-rezagados-Ayuntamiento-03.jpg 1280w\" sizes=\"(max-width: 1024px) 100vw, 1024px\" \/><\/figure>\n\n\n\n<figure class=\"wp-block-image size-large\"><img loading=\"lazy\" width=\"1024\" height=\"682\" data-id=\"11305\"  src=\"https:\/\/cuernavaca.gob.mx\/wp-content\/uploads\/2022\/05\/Vacunacio\u0301n-rezagados-Ayuntamiento-04-1024x682.jpg\" alt=\"\" class=\"wp-image-11305\" srcset=\"https:\/\/cuernavaca.gob.mx\/wp-content\/uploads\/2022\/05\/Vacunacio\u0301n-rezagados-Ayuntamiento-04-1024x682.jpg 1024w, https:\/\/cuernavaca.gob.mx\/wp-content\/uploads\/2022\/05\/Vacunacio\u0301n-rezagados-Ayuntamiento-04-300x200.jpg 300w, https:\/\/cuernavaca.gob.mx\/wp-content\/uploads\/2022\/05\/Vacunacio\u0301n-rezagados-Ayuntamiento-04-768x512.jpg 768w, https:\/\/cuernavaca.gob.mx\/wp-content\/uploads\/2022\/05\/Vacunacio\u0301n-rezagados-Ayuntamiento-04-600x400.jpg 600w, https:\/\/cuernavaca.gob.mx\/wp-content\/uploads\/2022\/05\/Vacunacio\u0301n-rezagados-Ayuntamiento-04-560x373.jpg 560w, https:\/\/cuernavaca.gob.mx\/wp-content\/uploads\/2022\/05\/Vacunacio\u0301n-rezagados-Ayuntamiento-04.jpg 1280w\" sizes=\"(max-width: 1024px) 100vw, 1024px\" \/><\/figure>\n\n\n\n<figure class=\"wp-block-image size-large\"><img loading=\"lazy\" width=\"1024\" height=\"682\" data-id=\"11307\"  src=\"https:\/\/cuernavaca.gob.mx\/wp-content\/uploads\/2022\/05\/Vacunacio\u0301n-rezagados-Ayuntamiento-05-1024x682.jpg\" alt=\"\" class=\"wp-image-11307\" srcset=\"https:\/\/cuernavaca.gob.mx\/wp-content\/uploads\/2022\/05\/Vacunacio\u0301n-rezagados-Ayuntamiento-05-1024x682.jpg 1024w, https:\/\/cuernavaca.gob.mx\/wp-content\/uploads\/2022\/05\/Vacunacio\u0301n-rezagados-Ayuntamiento-05-300x200.jpg 300w, https:\/\/cuernavaca.gob.mx\/wp-content\/uploads\/2022\/05\/Vacunacio\u0301n-rezagados-Ayuntamiento-05-768x512.jpg 768w, https:\/\/cuernavaca.gob.mx\/wp-content\/uploads\/2022\/05\/Vacunacio\u0301n-rezagados-Ayuntamiento-05-600x400.jpg 600w, https:\/\/cuernavaca.gob.mx\/wp-content\/uploads\/2022\/05\/Vacunacio\u0301n-rezagados-Ayuntamiento-05-560x373.jpg 560w, https:\/\/cuernavaca.gob.mx\/wp-content\/uploads\/2022\/05\/Vacunacio\u0301n-rezagados-Ayuntamiento-05.jpg 1280w\" sizes=\"(max-width: 1024px) 100vw, 1024px\" \/><\/figure>\n\n\n\n<figure class=\"wp-block-image size-large\"><img loading=\"lazy\" width=\"1024\" height=\"682\" data-id=\"11304\"  src=\"https:\/\/cuernavaca.gob.mx\/wp-content\/uploads\/2022\/05\/Vacunacio\u0301n-rezagados-Ayuntamiento-06-1024x682.jpg\" alt=\"\" class=\"wp-image-11304\" srcset=\"https:\/\/cuernavaca.gob.mx\/wp-content\/uploads\/2022\/05\/Vacunacio\u0301n-rezagados-Ayuntamiento-06-1024x682.jpg 1024w, https:\/\/cuernavaca.gob.mx\/wp-content\/uploads\/2022\/05\/Vacunacio\u0301n-rezagados-Ayuntamiento-06-300x200.jpg 300w, https:\/\/cuernavaca.gob.mx\/wp-content\/uploads\/2022\/05\/Vacunacio\u0301n-rezagados-Ayuntamiento-06-768x512.jpg 768w, https:\/\/cuernavaca.gob.mx\/wp-content\/uploads\/2022\/05\/Vacunacio\u0301n-rezagados-Ayuntamiento-06-600x400.jpg 600w, https:\/\/cuernavaca.gob.mx\/wp-content\/uploads\/2022\/05\/Vacunacio\u0301n-rezagados-Ayuntamiento-06-560x373.jpg 560w, https:\/\/cuernavaca.gob.mx\/wp-content\/uploads\/2022\/05\/Vacunacio\u0301n-rezagados-Ayuntamiento-06.jpg 1280w\" sizes=\"(max-width: 1024px) 100vw, 1024px\" \/><\/figure>\n<\/figure>\n","protected":false},"excerpt":{"rendered":"<p>Durante tres d\u00edas se aplicar\u00e1 el biol\u00f3gico AstraZeneca en la sede Papagayo del Ayuntamiento Del 29 al 31 de marzo, la sede Papagayo del Ayuntamiento de Cuernavaca abre sus puertas una vez m\u00e1s a la jornada de vacunaci\u00f3n contra el SARS-CoV-2 ahora para la poblaci\u00f3n de 18 a 29 a\u00f1os y rezagados a cargo de [&hellip;]<\/p>\n","protected":false},"author":1,"featured_media":11304,"comment_status":"closed","ping_status":"closed","sticky":false,"template":"","format":"standard","meta":[],"categories":[20,899],"tags":[896,167,121,120,472,898,897],"aioseo_notices":[],"_links":{"self":[{"href":"https:\/\/cuernavaca.gob.mx\/index.php?rest_route=\/wp\/v2\/posts\/11302"}],"collection":[{"href":"https:\/\/cuernavaca.gob.mx\/index.php?rest_route=\/wp\/v2\/posts"}],"about":[{"href":"https:\/\/cuernavaca.gob.mx\/index.php?rest_route=\/wp\/v2\/types\/post"}],"author":[{"embeddable":true,"href":"https:\/\/cuernavaca.gob.mx\/index.php?rest_route=\/wp\/v2\/users\/1"}],"replies":[{"embeddable":true,"href":"https:\/\/cuernavaca.gob.mx\/index.php?rest_route=%2Fwp%2Fv2%2Fcomments&post=11302"}],"version-history":[{"count":2,"href":"https:\/\/cuernavaca.gob.mx\/index.php?rest_route=\/wp\/v2\/posts\/11302\/revisions"}],"predecessor-version":[{"id":11463,"href":"https:\/\/cuernavaca.gob.mx\/index.php?rest_route=\/wp\/v2\/posts\/11302\/revisions\/11463"}],"wp:featuredmedia":[{"embeddable":true,"href":"https:\/\/cuernavaca.gob.mx\/index.php?rest_route=\/wp\/v2\/media\/11304"}],"wp:attachment":[{"href":"https:\/\/cuernavaca.gob.mx\/index.php?rest_route=%2Fwp%2Fv2%2Fmedia&parent=11302"}],"wp:term":[{"taxonomy":"category","embeddable":true,"href":"https:\/\/cuernavaca.gob.mx\/index.php?rest_route=%2Fwp%2Fv2%2Fcategories&post=11302"},{"taxonomy":"post_tag","embeddable":true,"href":"https:\/\/cuernavaca.gob.mx\/index.php?rest_route=%2Fwp%2Fv2%2Ftags&post=11302"}],"curies":[{"name":"wp","href":"https:\/\/api.w.org\/{rel}","templated":true}]}}