{"id":11334,"date":"2022-05-21T12:00:00","date_gmt":"2022-05-21T17:00:00","guid":{"rendered":"http:\/\/cuernavaca.gob.mx\/?p=11334"},"modified":"2025-05-06T11:24:49","modified_gmt":"2025-05-06T17:24:49","slug":"sapac-fomenta-la-cultura-del-agua-en-la-poblacion","status":"publish","type":"post","link":"https:\/\/cuernavaca.gob.mx\/?p=11334","title":{"rendered":"SAPAC fomenta la cultura del agua en la poblaci\u00f3n"},"content":{"rendered":"\n<p><strong>A trav\u00e9s del aula m\u00f3vil difunde la concientizaci\u00f3n del cuidado del agua y medio ambiente<\/strong><\/p>\n\n\n\n<p><strong>SAPAC cuenta con la maqueta del ciclo del agua m\u00e1s grande de Latinoam\u00e9rica y con el noticiero \u201cNotiH2O\u201d<\/strong><\/p>\n\n\n\n<p>Como parte del plan de trabajo que ha emprendido el Sistema de Agua Potable y Alcantarillado de Cuernavaca (SAPAC) se encuentra la difusi\u00f3n de la cultura del agua a todos los sectores de la poblaci\u00f3n, reconociendo que el conocimiento har\u00e1 que el uso del vital l\u00edquido sea con mayor responsabilidad y conciencia.<\/p>\n\n\n\n<p>A trav\u00e9s de un m\u00f3dulo itinerante, personal del Espacio de Cultura del Agua (ECA) difunde ense\u00f1anzas de concientizaci\u00f3n con videos cortos y talleres interactivos que buscan generar una mayor reflexi\u00f3n sobre el cuidado del agua y del medio ambiente, que van desde tem\u00e1ticas como el Viaje Incre\u00edble, el Ciclo del Agua, Hidrohuertos hasta Composta, principalmente dirigidos para ni\u00f1as y ni\u00f1os de 4 a 13 a\u00f1os; sin embargo, los adultos interesados en conocer estos temas tambi\u00e9n pueden sumarse.<\/p>\n\n\n\n<p>El aula m\u00f3vil ha llegado a escuelas, eventos cient\u00edficos y colonias del municipio, realizando cada fin de mes la \u201cFeria del Agua en tu Colonia\u201d donde, adem\u00e1s encabezan pl\u00e1ticas sobre Huella H\u00eddrica mediante la cual explican el valor del agua conferencias sobre el cuidado del agua, Huella de carbono, Agua potable, El agua y la vida, Gobernanza del agua y Qu\u00e9 es la cultura del agua, as\u00ed como talleres sobre la reutilizaci\u00f3n del PET y el papel.<\/p>\n\n\n\n<p>Miguel \u00c1ngel Vel\u00e1zquez, promotor del agua de SAPAC, explic\u00f3 que las acciones est\u00e1n enfocadas principalmente a los menores de edad debido a desean que crezcan con una conciencia responsable sobre el uso racional y la importancia del agua para el desarrollo de todo ser vivo, contando con el conocimiento de los trabajos necesarios para obtenerla, distribuirla, limpiarla y reutilizarla, generando la conciencia desde el inicio para que aprendan a valorar todo lo que los rodea y sobre todo, el vital l\u00edquido.<\/p>\n\n\n\n<p>Aunado a ello, de manera permanente, los promotores del agua de SAPAC llevan a casa de lunes a viernes a las 13:00 horas el noticiero \u201cNotiH2O\u201d, transmitido a trav\u00e9s de la p\u00e1gina de Sapac donde presentan entrevistas y reportajes sobre estos temas con expertos en la materia como bi\u00f3logos y veterinarios, ya que tambi\u00e9n les interesa el cuidado de la biodiversidad que existe en el mundo, Morelos, y claro en Cuernavaca.<\/p>\n\n\n\n<p>En las instalaciones de Cultura del Agua de SAPAC se cuenta con la maqueta del ciclo del agua m\u00e1s grande de Latinoam\u00e9rica, mediante la cual ense\u00f1an acerca del ciclo del agua, c\u00f3mo Sapac lleva el agua a las viviendas, c\u00f3mo se contamina, el proceso cuando pasa por las plantas de tratamiento, la importancia de los bosques y \u00e1rboles para la retenci\u00f3n del agua y la filtraci\u00f3n del agua en el suelo para formar los acu\u00edferos.<\/p>\n\n\n\n<p>Las instalaciones de Cultura del Agua de SAPAC se encuentran en calle Francisco I. Madero, esquina Cuauht\u00e9moc, en la colonia El Miraval en Cuernavaca.<\/p>\n\n\n\n<figure class=\"wp-container-2 wp-block-gallery-1 wp-block-gallery has-nested-images columns-default is-cropped\">\n<figure class=\"wp-block-image size-large\"><img loading=\"lazy\" width=\"1024\" height=\"682\" data-id=\"11337\"  src=\"https:\/\/cuernavaca.gob.mx\/wp-content\/uploads\/2022\/05\/Cultura-del-Agua-de-SAPAC-01.jpg\" alt=\"\" class=\"wp-image-11337\" srcset=\"https:\/\/cuernavaca.gob.mx\/wp-content\/uploads\/2022\/05\/Cultura-del-Agua-de-SAPAC-01.jpg 1024w, https:\/\/cuernavaca.gob.mx\/wp-content\/uploads\/2022\/05\/Cultura-del-Agua-de-SAPAC-01-300x200.jpg 300w, https:\/\/cuernavaca.gob.mx\/wp-content\/uploads\/2022\/05\/Cultura-del-Agua-de-SAPAC-01-768x512.jpg 768w, https:\/\/cuernavaca.gob.mx\/wp-content\/uploads\/2022\/05\/Cultura-del-Agua-de-SAPAC-01-600x400.jpg 600w, https:\/\/cuernavaca.gob.mx\/wp-content\/uploads\/2022\/05\/Cultura-del-Agua-de-SAPAC-01-560x373.jpg 560w\" sizes=\"(max-width: 1024px) 100vw, 1024px\" \/><\/figure>\n\n\n\n<figure class=\"wp-block-image size-large\"><img loading=\"lazy\" width=\"1024\" height=\"682\" data-id=\"11339\"  src=\"https:\/\/cuernavaca.gob.mx\/wp-content\/uploads\/2022\/05\/Cultura-del-Agua-de-SAPAC-02.jpg\" alt=\"\" class=\"wp-image-11339\" srcset=\"https:\/\/cuernavaca.gob.mx\/wp-content\/uploads\/2022\/05\/Cultura-del-Agua-de-SAPAC-02.jpg 1024w, https:\/\/cuernavaca.gob.mx\/wp-content\/uploads\/2022\/05\/Cultura-del-Agua-de-SAPAC-02-300x200.jpg 300w, https:\/\/cuernavaca.gob.mx\/wp-content\/uploads\/2022\/05\/Cultura-del-Agua-de-SAPAC-02-768x512.jpg 768w, https:\/\/cuernavaca.gob.mx\/wp-content\/uploads\/2022\/05\/Cultura-del-Agua-de-SAPAC-02-600x400.jpg 600w, https:\/\/cuernavaca.gob.mx\/wp-content\/uploads\/2022\/05\/Cultura-del-Agua-de-SAPAC-02-560x373.jpg 560w\" sizes=\"(max-width: 1024px) 100vw, 1024px\" \/><\/figure>\n\n\n\n<figure class=\"wp-block-image size-large\"><img loading=\"lazy\" width=\"1024\" height=\"682\" data-id=\"11338\"  src=\"https:\/\/cuernavaca.gob.mx\/wp-content\/uploads\/2022\/05\/Cultura-del-Agua-de-SAPAC-03.jpg\" alt=\"\" class=\"wp-image-11338\" srcset=\"https:\/\/cuernavaca.gob.mx\/wp-content\/uploads\/2022\/05\/Cultura-del-Agua-de-SAPAC-03.jpg 1024w, https:\/\/cuernavaca.gob.mx\/wp-content\/uploads\/2022\/05\/Cultura-del-Agua-de-SAPAC-03-300x200.jpg 300w, https:\/\/cuernavaca.gob.mx\/wp-content\/uploads\/2022\/05\/Cultura-del-Agua-de-SAPAC-03-768x512.jpg 768w, https:\/\/cuernavaca.gob.mx\/wp-content\/uploads\/2022\/05\/Cultura-del-Agua-de-SAPAC-03-600x400.jpg 600w, https:\/\/cuernavaca.gob.mx\/wp-content\/uploads\/2022\/05\/Cultura-del-Agua-de-SAPAC-03-560x373.jpg 560w\" sizes=\"(max-width: 1024px) 100vw, 1024px\" \/><\/figure>\n\n\n\n<figure class=\"wp-block-image size-large\"><img loading=\"lazy\" width=\"1024\" height=\"769\" data-id=\"11340\"  src=\"https:\/\/cuernavaca.gob.mx\/wp-content\/uploads\/2022\/05\/Cultura-del-Agua-de-SAPAC-04.jpg\" alt=\"\" class=\"wp-image-11340\" srcset=\"https:\/\/cuernavaca.gob.mx\/wp-content\/uploads\/2022\/05\/Cultura-del-Agua-de-SAPAC-04.jpg 1024w, https:\/\/cuernavaca.gob.mx\/wp-content\/uploads\/2022\/05\/Cultura-del-Agua-de-SAPAC-04-300x225.jpg 300w, https:\/\/cuernavaca.gob.mx\/wp-content\/uploads\/2022\/05\/Cultura-del-Agua-de-SAPAC-04-768x577.jpg 768w, https:\/\/cuernavaca.gob.mx\/wp-content\/uploads\/2022\/05\/Cultura-del-Agua-de-SAPAC-04-600x451.jpg 600w, https:\/\/cuernavaca.gob.mx\/wp-content\/uploads\/2022\/05\/Cultura-del-Agua-de-SAPAC-04-560x421.jpg 560w\" sizes=\"(max-width: 1024px) 100vw, 1024px\" \/><\/figure>\n\n\n\n<figure class=\"wp-block-image size-large\"><img loading=\"lazy\" width=\"1024\" height=\"768\" data-id=\"11335\"  src=\"https:\/\/cuernavaca.gob.mx\/wp-content\/uploads\/2022\/05\/Cultura-del-Agua-de-SAPAC-05.jpg\" alt=\"\" class=\"wp-image-11335\" srcset=\"https:\/\/cuernavaca.gob.mx\/wp-content\/uploads\/2022\/05\/Cultura-del-Agua-de-SAPAC-05.jpg 1024w, https:\/\/cuernavaca.gob.mx\/wp-content\/uploads\/2022\/05\/Cultura-del-Agua-de-SAPAC-05-300x225.jpg 300w, https:\/\/cuernavaca.gob.mx\/wp-content\/uploads\/2022\/05\/Cultura-del-Agua-de-SAPAC-05-768x576.jpg 768w, https:\/\/cuernavaca.gob.mx\/wp-content\/uploads\/2022\/05\/Cultura-del-Agua-de-SAPAC-05-600x450.jpg 600w, https:\/\/cuernavaca.gob.mx\/wp-content\/uploads\/2022\/05\/Cultura-del-Agua-de-SAPAC-05-560x420.jpg 560w\" sizes=\"(max-width: 1024px) 100vw, 1024px\" \/><\/figure>\n\n\n\n<figure class=\"wp-block-image size-large\"><img loading=\"lazy\" width=\"1024\" height=\"769\" data-id=\"11336\"  src=\"https:\/\/cuernavaca.gob.mx\/wp-content\/uploads\/2022\/05\/Cultura-del-Agua-de-SAPAC-06.jpg\" alt=\"\" class=\"wp-image-11336\" srcset=\"https:\/\/cuernavaca.gob.mx\/wp-content\/uploads\/2022\/05\/Cultura-del-Agua-de-SAPAC-06.jpg 1024w, https:\/\/cuernavaca.gob.mx\/wp-content\/uploads\/2022\/05\/Cultura-del-Agua-de-SAPAC-06-300x225.jpg 300w, https:\/\/cuernavaca.gob.mx\/wp-content\/uploads\/2022\/05\/Cultura-del-Agua-de-SAPAC-06-768x577.jpg 768w, https:\/\/cuernavaca.gob.mx\/wp-content\/uploads\/2022\/05\/Cultura-del-Agua-de-SAPAC-06-600x451.jpg 600w, https:\/\/cuernavaca.gob.mx\/wp-content\/uploads\/2022\/05\/Cultura-del-Agua-de-SAPAC-06-560x421.jpg 560w\" sizes=\"(max-width: 1024px) 100vw, 1024px\" \/><\/figure>\n\n\n\n<figure class=\"wp-block-image size-large\"><img loading=\"lazy\" width=\"1024\" height=\"768\" data-id=\"11342\"  src=\"https:\/\/cuernavaca.gob.mx\/wp-content\/uploads\/2022\/05\/Cultura-del-Agua-de-SAPAC-07.jpg\" alt=\"\" class=\"wp-image-11342\" srcset=\"https:\/\/cuernavaca.gob.mx\/wp-content\/uploads\/2022\/05\/Cultura-del-Agua-de-SAPAC-07.jpg 1024w, https:\/\/cuernavaca.gob.mx\/wp-content\/uploads\/2022\/05\/Cultura-del-Agua-de-SAPAC-07-300x225.jpg 300w, https:\/\/cuernavaca.gob.mx\/wp-content\/uploads\/2022\/05\/Cultura-del-Agua-de-SAPAC-07-768x576.jpg 768w, https:\/\/cuernavaca.gob.mx\/wp-content\/uploads\/2022\/05\/Cultura-del-Agua-de-SAPAC-07-600x450.jpg 600w, https:\/\/cuernavaca.gob.mx\/wp-content\/uploads\/2022\/05\/Cultura-del-Agua-de-SAPAC-07-560x420.jpg 560w\" sizes=\"(max-width: 1024px) 100vw, 1024px\" \/><\/figure>\n\n\n\n<figure class=\"wp-block-image size-large\"><img loading=\"lazy\" width=\"1024\" height=\"576\" data-id=\"11341\"  src=\"https:\/\/cuernavaca.gob.mx\/wp-content\/uploads\/2022\/05\/Cultura-del-Agua-de-SAPAC-08.jpg\" alt=\"\" class=\"wp-image-11341\" srcset=\"https:\/\/cuernavaca.gob.mx\/wp-content\/uploads\/2022\/05\/Cultura-del-Agua-de-SAPAC-08.jpg 1024w, https:\/\/cuernavaca.gob.mx\/wp-content\/uploads\/2022\/05\/Cultura-del-Agua-de-SAPAC-08-300x169.jpg 300w, https:\/\/cuernavaca.gob.mx\/wp-content\/uploads\/2022\/05\/Cultura-del-Agua-de-SAPAC-08-768x432.jpg 768w, https:\/\/cuernavaca.gob.mx\/wp-content\/uploads\/2022\/05\/Cultura-del-Agua-de-SAPAC-08-600x338.jpg 600w, https:\/\/cuernavaca.gob.mx\/wp-content\/uploads\/2022\/05\/Cultura-del-Agua-de-SAPAC-08-560x315.jpg 560w\" sizes=\"(max-width: 1024px) 100vw, 1024px\" \/><\/figure>\n<\/figure>\n","protected":false},"excerpt":{"rendered":"<p>A trav\u00e9s del aula m\u00f3vil difunde la concientizaci\u00f3n del cuidado del agua y medio ambiente SAPAC cuenta con la maqueta del ciclo del agua m\u00e1s grande de Latinoam\u00e9rica y con el noticiero \u201cNotiH2O\u201d Como parte del plan de trabajo que ha emprendido el Sistema de Agua Potable y Alcantarillado de Cuernavaca (SAPAC) se encuentra la [&hellip;]<\/p>\n","protected":false},"author":1,"featured_media":11335,"comment_status":"closed","ping_status":"closed","sticky":false,"template":"","format":"standard","meta":[],"categories":[20,145],"tags":[395,121,812,745,120,422,910,124],"aioseo_notices":[],"_links":{"self":[{"href":"https:\/\/cuernavaca.gob.mx\/index.php?rest_route=\/wp\/v2\/posts\/11334"}],"collection":[{"href":"https:\/\/cuernavaca.gob.mx\/index.php?rest_route=\/wp\/v2\/posts"}],"about":[{"href":"https:\/\/cuernavaca.gob.mx\/index.php?rest_route=\/wp\/v2\/types\/post"}],"author":[{"embeddable":true,"href":"https:\/\/cuernavaca.gob.mx\/index.php?rest_route=\/wp\/v2\/users\/1"}],"replies":[{"embeddable":true,"href":"https:\/\/cuernavaca.gob.mx\/index.php?rest_route=%2Fwp%2Fv2%2Fcomments&post=11334"}],"version-history":[{"count":2,"href":"https:\/\/cuernavaca.gob.mx\/index.php?rest_route=\/wp\/v2\/posts\/11334\/revisions"}],"predecessor-version":[{"id":11344,"href":"https:\/\/cuernavaca.gob.mx\/index.php?rest_route=\/wp\/v2\/posts\/11334\/revisions\/11344"}],"wp:featuredmedia":[{"embeddable":true,"href":"https:\/\/cuernavaca.gob.mx\/index.php?rest_route=\/wp\/v2\/media\/11335"}],"wp:attachment":[{"href":"https:\/\/cuernavaca.gob.mx\/index.php?rest_route=%2Fwp%2Fv2%2Fmedia&parent=11334"}],"wp:term":[{"taxonomy":"category","embeddable":true,"href":"https:\/\/cuernavaca.gob.mx\/index.php?rest_route=%2Fwp%2Fv2%2Fcategories&post=11334"},{"taxonomy":"post_tag","embeddable":true,"href":"https:\/\/cuernavaca.gob.mx\/index.php?rest_route=%2Fwp%2Fv2%2Ftags&post=11334"}],"curies":[{"name":"wp","href":"https:\/\/api.w.org\/{rel}","templated":true}]}}