{"id":11345,"date":"2022-05-21T14:00:00","date_gmt":"2022-05-21T19:00:00","guid":{"rendered":"http:\/\/cuernavaca.gob.mx\/?p=11345"},"modified":"2025-05-06T11:25:14","modified_gmt":"2025-05-06T17:25:14","slug":"sociedad-de-cuernavaca-rescata-imagen-urbana-del-poblado-de-chamilpa","status":"publish","type":"post","link":"https:\/\/cuernavaca.gob.mx\/?p=11345","title":{"rendered":"Sociedad de Cuernavaca rescata imagen urbana del poblado de Chamilpa"},"content":{"rendered":"\n<p><strong>Vecinos, autoridades locales y organizaciones civiles se unen a la jornada comunitaria convocada por Jos\u00e9 Luis Uri\u00f3stegui<\/strong><\/p>\n\n\n\n<p><strong>El inter\u00e9s por rescatar a la ciudad se ha replicado en diferentes colonias<\/strong><\/p>\n\n\n\n<p>Bajo la consigna de que en comunidad somos mejores, el alcalde de Cuernavaca, Jos\u00e9 Luis Uri\u00f3stegui Salgado, junto con las regidoras Patricia Torres, Paz Hern\u00e1ndez y el ayudante municipal encabezaron este s\u00e1bado la 50a Jornada Comunitaria de Trabajo, donde en compa\u00f1\u00eda de vecinos de diferentes colonias y autoridades locales, pintaron fachadas y guarniciones de San Lorenzo Chamilpa; con estas acciones rescataron uno de los 12 pueblos originales de la ciudad.<\/p>\n\n\n\n<p>C\u00f3mo parte de las acciones que ha liderado el presidente municipal desde hace m\u00e1s de cuatro a\u00f1os, se llev\u00f3 a cabo la faena rescatando en esta ocasi\u00f3n parte de la imagen hist\u00f3rica del pueblo de Chamilpa, involucrando a la poblaci\u00f3n en el cuidado de los espacios p\u00fablicos, \u00e1reas comunes y hasta en sus propios hogares.<\/p>\n\n\n\n<p>Jos\u00e9 Luis Uri\u00f3stegui resalt\u00f3 la disposici\u00f3n que han tenido diferentes grupos de colonias y fraccionamientos para sumarse a estas jornadas comunitarias que son un proyecto ciudadano que no est\u00e1 relacionado con la administraci\u00f3n p\u00fablica, m\u00e1s bien es un servicio social que demuestra el trabajo y amor por Cuernavaca; un d\u00eda inh\u00e1bil en el que servidores p\u00fablicos son simplemente ciudadanos.<\/p>\n\n\n\n<p>&#8220;Este es un trabajo que invita a toda la poblaci\u00f3n de Cuernavaca a sumarse y no hay celo de que lo hagamos en un lugar distinto al lugar en donde viven. M\u00e1s de cuatro a\u00f1os donde diferentes grupos de colonias y fraccionamientos, con sus propios medios, llegan al lugar donde se desarrolla esta actividad&#8221;, destac\u00f3.<\/p>\n\n\n\n<p>El ayudante municipal de San Lorenzo Chamilpa, Miguel David Hern\u00e1ndez Albarr\u00e1n, agradeci\u00f3 la suma de voluntades para realizar estas actividades de limpieza y remozamiento, ya que la Plaza P\u00fablica se encontraba sumamente deteriorada y abandonada, siendo un punto de inseguridad para los residentes, en especial los j\u00f3venes que transitan diario por este espacio.<\/p>\n\n\n\n<p>&#8220;Era una zona olvida con mucha maleza, grafitis, con espacios sucios y de mucha inseguridad, hoy el poblado se embellece y vuelve a florecer&#8221;, afirm\u00f3.<\/p>\n\n\n\n<p>El presidente municipal agradeci\u00f3 el apoyo otorgado por las regidoras Patricia Torres Rosales y Paz Hern\u00e1ndez Pardo; de la diputada local, Andrea Gordillo Vega; del director del Mercado Adolfo L\u00f3pez Mateos, Luis Anguiano Torre; de la organizaci\u00f3n &#8220;Conecta-2&#8221;; y del presidente del comisariado de Bienes Comunales del poblado de San Lorenzo Chamilpa, Jos\u00e9 Luis Osorio Garc\u00eda, quienes hicieron extensiva invitaci\u00f3n a la poblaci\u00f3n para participar, as\u00ed como tambi\u00e9n donaron herramientas para trabajar.<\/p>\n\n\n\n<p>En \u00e9sta 50a Jornada Comunitaria de Trabajo se arreglaron los jardines de la plaza p\u00fablica, as\u00ed como se pintaron muros, cubrepolvo y el m\u00f3dulo de seguridad, aplicando la pintura de acuerdo con la paleta de colores que el Instituto Nacional de Antropolog\u00eda e Historia (INAH) instruy\u00f3 respetar en la calle principal del poblado.<\/p>\n\n\n\n<p>El inter\u00e9s por rescatar Cuernavaca se ha replicado en diferentes zonas de la ciudad y ejemplo de ello es el mismo poblado de Chamilpa donde estudiantes de la Preparatoria federal por cooperaci\u00f3n &#8220;Andr\u00e9s Quintana Roo&#8221; est\u00e1n trabajando en el embellecimiento de las \u00e1reas p\u00fablicas, iniciando en pr\u00f3ximas semanas con una reforestaci\u00f3n urbana.<\/p>\n\n\n\n<figure class=\"wp-container-2 wp-block-gallery-1 wp-block-gallery has-nested-images columns-default is-cropped\">\n<figure class=\"wp-block-image size-large\"><img loading=\"lazy\" width=\"1024\" height=\"683\" data-id=\"11347\"  src=\"https:\/\/cuernavaca.gob.mx\/wp-content\/uploads\/2022\/05\/Jornada-comunitaria-Chamilpa-01.jpg\" alt=\"\" class=\"wp-image-11347\" srcset=\"https:\/\/cuernavaca.gob.mx\/wp-content\/uploads\/2022\/05\/Jornada-comunitaria-Chamilpa-01.jpg 1024w, https:\/\/cuernavaca.gob.mx\/wp-content\/uploads\/2022\/05\/Jornada-comunitaria-Chamilpa-01-300x200.jpg 300w, https:\/\/cuernavaca.gob.mx\/wp-content\/uploads\/2022\/05\/Jornada-comunitaria-Chamilpa-01-768x512.jpg 768w, https:\/\/cuernavaca.gob.mx\/wp-content\/uploads\/2022\/05\/Jornada-comunitaria-Chamilpa-01-600x400.jpg 600w, https:\/\/cuernavaca.gob.mx\/wp-content\/uploads\/2022\/05\/Jornada-comunitaria-Chamilpa-01-560x374.jpg 560w\" sizes=\"(max-width: 1024px) 100vw, 1024px\" \/><\/figure>\n\n\n\n<figure class=\"wp-block-image size-large\"><img loading=\"lazy\" width=\"1024\" height=\"683\" data-id=\"11349\"  src=\"https:\/\/cuernavaca.gob.mx\/wp-content\/uploads\/2022\/05\/Jornada-comunitaria-Chamilpa-02.jpg\" alt=\"\" class=\"wp-image-11349\" srcset=\"https:\/\/cuernavaca.gob.mx\/wp-content\/uploads\/2022\/05\/Jornada-comunitaria-Chamilpa-02.jpg 1024w, https:\/\/cuernavaca.gob.mx\/wp-content\/uploads\/2022\/05\/Jornada-comunitaria-Chamilpa-02-300x200.jpg 300w, https:\/\/cuernavaca.gob.mx\/wp-content\/uploads\/2022\/05\/Jornada-comunitaria-Chamilpa-02-768x512.jpg 768w, https:\/\/cuernavaca.gob.mx\/wp-content\/uploads\/2022\/05\/Jornada-comunitaria-Chamilpa-02-600x400.jpg 600w, https:\/\/cuernavaca.gob.mx\/wp-content\/uploads\/2022\/05\/Jornada-comunitaria-Chamilpa-02-560x374.jpg 560w\" sizes=\"(max-width: 1024px) 100vw, 1024px\" \/><\/figure>\n\n\n\n<figure class=\"wp-block-image size-large\"><img loading=\"lazy\" width=\"1024\" height=\"683\" data-id=\"11350\"  src=\"https:\/\/cuernavaca.gob.mx\/wp-content\/uploads\/2022\/05\/Jornada-comunitaria-Chamilpa-03.jpg\" alt=\"\" class=\"wp-image-11350\" srcset=\"https:\/\/cuernavaca.gob.mx\/wp-content\/uploads\/2022\/05\/Jornada-comunitaria-Chamilpa-03.jpg 1024w, https:\/\/cuernavaca.gob.mx\/wp-content\/uploads\/2022\/05\/Jornada-comunitaria-Chamilpa-03-300x200.jpg 300w, https:\/\/cuernavaca.gob.mx\/wp-content\/uploads\/2022\/05\/Jornada-comunitaria-Chamilpa-03-768x512.jpg 768w, https:\/\/cuernavaca.gob.mx\/wp-content\/uploads\/2022\/05\/Jornada-comunitaria-Chamilpa-03-600x400.jpg 600w, https:\/\/cuernavaca.gob.mx\/wp-content\/uploads\/2022\/05\/Jornada-comunitaria-Chamilpa-03-560x374.jpg 560w\" sizes=\"(max-width: 1024px) 100vw, 1024px\" \/><\/figure>\n\n\n\n<figure class=\"wp-block-image size-large\"><img loading=\"lazy\" width=\"1024\" height=\"683\" data-id=\"11346\"  src=\"https:\/\/cuernavaca.gob.mx\/wp-content\/uploads\/2022\/05\/Jornada-comunitaria-Chamilpa-04.jpg\" alt=\"\" class=\"wp-image-11346\" srcset=\"https:\/\/cuernavaca.gob.mx\/wp-content\/uploads\/2022\/05\/Jornada-comunitaria-Chamilpa-04.jpg 1024w, https:\/\/cuernavaca.gob.mx\/wp-content\/uploads\/2022\/05\/Jornada-comunitaria-Chamilpa-04-300x200.jpg 300w, https:\/\/cuernavaca.gob.mx\/wp-content\/uploads\/2022\/05\/Jornada-comunitaria-Chamilpa-04-768x512.jpg 768w, https:\/\/cuernavaca.gob.mx\/wp-content\/uploads\/2022\/05\/Jornada-comunitaria-Chamilpa-04-600x400.jpg 600w, https:\/\/cuernavaca.gob.mx\/wp-content\/uploads\/2022\/05\/Jornada-comunitaria-Chamilpa-04-560x374.jpg 560w\" sizes=\"(max-width: 1024px) 100vw, 1024px\" \/><\/figure>\n\n\n\n<figure class=\"wp-block-image size-large\"><img loading=\"lazy\" width=\"1024\" height=\"683\" data-id=\"11351\"  src=\"https:\/\/cuernavaca.gob.mx\/wp-content\/uploads\/2022\/05\/Jornada-comunitaria-Chamilpa-05.jpg\" alt=\"\" class=\"wp-image-11351\" srcset=\"https:\/\/cuernavaca.gob.mx\/wp-content\/uploads\/2022\/05\/Jornada-comunitaria-Chamilpa-05.jpg 1024w, https:\/\/cuernavaca.gob.mx\/wp-content\/uploads\/2022\/05\/Jornada-comunitaria-Chamilpa-05-300x200.jpg 300w, https:\/\/cuernavaca.gob.mx\/wp-content\/uploads\/2022\/05\/Jornada-comunitaria-Chamilpa-05-768x512.jpg 768w, https:\/\/cuernavaca.gob.mx\/wp-content\/uploads\/2022\/05\/Jornada-comunitaria-Chamilpa-05-600x400.jpg 600w, https:\/\/cuernavaca.gob.mx\/wp-content\/uploads\/2022\/05\/Jornada-comunitaria-Chamilpa-05-560x374.jpg 560w\" sizes=\"(max-width: 1024px) 100vw, 1024px\" \/><\/figure>\n\n\n\n<figure class=\"wp-block-image size-large\"><img loading=\"lazy\" width=\"1024\" height=\"683\" data-id=\"11348\"  src=\"https:\/\/cuernavaca.gob.mx\/wp-content\/uploads\/2022\/05\/Jornada-comunitaria-Chamilpa-06.jpg\" alt=\"\" class=\"wp-image-11348\" srcset=\"https:\/\/cuernavaca.gob.mx\/wp-content\/uploads\/2022\/05\/Jornada-comunitaria-Chamilpa-06.jpg 1024w, https:\/\/cuernavaca.gob.mx\/wp-content\/uploads\/2022\/05\/Jornada-comunitaria-Chamilpa-06-300x200.jpg 300w, https:\/\/cuernavaca.gob.mx\/wp-content\/uploads\/2022\/05\/Jornada-comunitaria-Chamilpa-06-768x512.jpg 768w, https:\/\/cuernavaca.gob.mx\/wp-content\/uploads\/2022\/05\/Jornada-comunitaria-Chamilpa-06-600x400.jpg 600w, https:\/\/cuernavaca.gob.mx\/wp-content\/uploads\/2022\/05\/Jornada-comunitaria-Chamilpa-06-560x374.jpg 560w\" sizes=\"(max-width: 1024px) 100vw, 1024px\" \/><\/figure>\n\n\n\n<figure class=\"wp-block-image size-large\"><img loading=\"lazy\" width=\"1024\" height=\"683\" data-id=\"11352\"  src=\"https:\/\/cuernavaca.gob.mx\/wp-content\/uploads\/2022\/05\/Jornada-comunitaria-Chamilpa-07.jpg\" alt=\"\" class=\"wp-image-11352\" srcset=\"https:\/\/cuernavaca.gob.mx\/wp-content\/uploads\/2022\/05\/Jornada-comunitaria-Chamilpa-07.jpg 1024w, https:\/\/cuernavaca.gob.mx\/wp-content\/uploads\/2022\/05\/Jornada-comunitaria-Chamilpa-07-300x200.jpg 300w, https:\/\/cuernavaca.gob.mx\/wp-content\/uploads\/2022\/05\/Jornada-comunitaria-Chamilpa-07-768x512.jpg 768w, https:\/\/cuernavaca.gob.mx\/wp-content\/uploads\/2022\/05\/Jornada-comunitaria-Chamilpa-07-600x400.jpg 600w, https:\/\/cuernavaca.gob.mx\/wp-content\/uploads\/2022\/05\/Jornada-comunitaria-Chamilpa-07-560x374.jpg 560w\" sizes=\"(max-width: 1024px) 100vw, 1024px\" \/><\/figure>\n\n\n\n<figure class=\"wp-block-image size-large\"><img loading=\"lazy\" width=\"1024\" height=\"683\" data-id=\"11353\"  src=\"https:\/\/cuernavaca.gob.mx\/wp-content\/uploads\/2022\/05\/Jornada-comunitaria-Chamilpa-08.jpg\" alt=\"\" class=\"wp-image-11353\" srcset=\"https:\/\/cuernavaca.gob.mx\/wp-content\/uploads\/2022\/05\/Jornada-comunitaria-Chamilpa-08.jpg 1024w, https:\/\/cuernavaca.gob.mx\/wp-content\/uploads\/2022\/05\/Jornada-comunitaria-Chamilpa-08-300x200.jpg 300w, https:\/\/cuernavaca.gob.mx\/wp-content\/uploads\/2022\/05\/Jornada-comunitaria-Chamilpa-08-768x512.jpg 768w, https:\/\/cuernavaca.gob.mx\/wp-content\/uploads\/2022\/05\/Jornada-comunitaria-Chamilpa-08-600x400.jpg 600w, https:\/\/cuernavaca.gob.mx\/wp-content\/uploads\/2022\/05\/Jornada-comunitaria-Chamilpa-08-560x374.jpg 560w\" sizes=\"(max-width: 1024px) 100vw, 1024px\" \/><\/figure>\n\n\n\n<figure class=\"wp-block-image size-large\"><img loading=\"lazy\" width=\"1024\" height=\"683\" data-id=\"11354\"  src=\"https:\/\/cuernavaca.gob.mx\/wp-content\/uploads\/2022\/05\/Jornada-comunitaria-Chamilpa-09.jpg\" alt=\"\" class=\"wp-image-11354\" srcset=\"https:\/\/cuernavaca.gob.mx\/wp-content\/uploads\/2022\/05\/Jornada-comunitaria-Chamilpa-09.jpg 1024w, https:\/\/cuernavaca.gob.mx\/wp-content\/uploads\/2022\/05\/Jornada-comunitaria-Chamilpa-09-300x200.jpg 300w, https:\/\/cuernavaca.gob.mx\/wp-content\/uploads\/2022\/05\/Jornada-comunitaria-Chamilpa-09-768x512.jpg 768w, https:\/\/cuernavaca.gob.mx\/wp-content\/uploads\/2022\/05\/Jornada-comunitaria-Chamilpa-09-600x400.jpg 600w, https:\/\/cuernavaca.gob.mx\/wp-content\/uploads\/2022\/05\/Jornada-comunitaria-Chamilpa-09-560x374.jpg 560w\" sizes=\"(max-width: 1024px) 100vw, 1024px\" \/><\/figure>\n\n\n\n<figure class=\"wp-block-image size-large\"><img loading=\"lazy\" width=\"1024\" height=\"683\" data-id=\"11356\"  src=\"https:\/\/cuernavaca.gob.mx\/wp-content\/uploads\/2022\/05\/Jornada-comunitaria-Chamilpa-10.jpg\" alt=\"\" class=\"wp-image-11356\" srcset=\"https:\/\/cuernavaca.gob.mx\/wp-content\/uploads\/2022\/05\/Jornada-comunitaria-Chamilpa-10.jpg 1024w, https:\/\/cuernavaca.gob.mx\/wp-content\/uploads\/2022\/05\/Jornada-comunitaria-Chamilpa-10-300x200.jpg 300w, https:\/\/cuernavaca.gob.mx\/wp-content\/uploads\/2022\/05\/Jornada-comunitaria-Chamilpa-10-768x512.jpg 768w, https:\/\/cuernavaca.gob.mx\/wp-content\/uploads\/2022\/05\/Jornada-comunitaria-Chamilpa-10-600x400.jpg 600w, https:\/\/cuernavaca.gob.mx\/wp-content\/uploads\/2022\/05\/Jornada-comunitaria-Chamilpa-10-560x374.jpg 560w\" sizes=\"(max-width: 1024px) 100vw, 1024px\" \/><\/figure>\n\n\n\n<figure class=\"wp-block-image size-large\"><img loading=\"lazy\" width=\"1024\" height=\"683\" data-id=\"11355\"  src=\"https:\/\/cuernavaca.gob.mx\/wp-content\/uploads\/2022\/05\/Jornada-comunitaria-Chamilpa-11.jpg\" alt=\"\" class=\"wp-image-11355\" srcset=\"https:\/\/cuernavaca.gob.mx\/wp-content\/uploads\/2022\/05\/Jornada-comunitaria-Chamilpa-11.jpg 1024w, https:\/\/cuernavaca.gob.mx\/wp-content\/uploads\/2022\/05\/Jornada-comunitaria-Chamilpa-11-300x200.jpg 300w, https:\/\/cuernavaca.gob.mx\/wp-content\/uploads\/2022\/05\/Jornada-comunitaria-Chamilpa-11-768x512.jpg 768w, https:\/\/cuernavaca.gob.mx\/wp-content\/uploads\/2022\/05\/Jornada-comunitaria-Chamilpa-11-600x400.jpg 600w, https:\/\/cuernavaca.gob.mx\/wp-content\/uploads\/2022\/05\/Jornada-comunitaria-Chamilpa-11-560x374.jpg 560w\" sizes=\"(max-width: 1024px) 100vw, 1024px\" \/><\/figure>\n\n\n\n<figure class=\"wp-block-image size-large\"><img loading=\"lazy\" width=\"1024\" height=\"683\" data-id=\"11357\"  src=\"https:\/\/cuernavaca.gob.mx\/wp-content\/uploads\/2022\/05\/Jornada-comunitaria-Chamilpa-12.jpg\" alt=\"\" class=\"wp-image-11357\" srcset=\"https:\/\/cuernavaca.gob.mx\/wp-content\/uploads\/2022\/05\/Jornada-comunitaria-Chamilpa-12.jpg 1024w, https:\/\/cuernavaca.gob.mx\/wp-content\/uploads\/2022\/05\/Jornada-comunitaria-Chamilpa-12-300x200.jpg 300w, https:\/\/cuernavaca.gob.mx\/wp-content\/uploads\/2022\/05\/Jornada-comunitaria-Chamilpa-12-768x512.jpg 768w, https:\/\/cuernavaca.gob.mx\/wp-content\/uploads\/2022\/05\/Jornada-comunitaria-Chamilpa-12-600x400.jpg 600w, https:\/\/cuernavaca.gob.mx\/wp-content\/uploads\/2022\/05\/Jornada-comunitaria-Chamilpa-12-560x374.jpg 560w\" sizes=\"(max-width: 1024px) 100vw, 1024px\" \/><\/figure>\n\n\n\n<figure class=\"wp-block-image size-large\"><img loading=\"lazy\" width=\"1024\" height=\"683\" data-id=\"11358\"  src=\"https:\/\/cuernavaca.gob.mx\/wp-content\/uploads\/2022\/05\/Jornada-comunitaria-Chamilpa-13.jpg\" alt=\"\" class=\"wp-image-11358\" srcset=\"https:\/\/cuernavaca.gob.mx\/wp-content\/uploads\/2022\/05\/Jornada-comunitaria-Chamilpa-13.jpg 1024w, https:\/\/cuernavaca.gob.mx\/wp-content\/uploads\/2022\/05\/Jornada-comunitaria-Chamilpa-13-300x200.jpg 300w, https:\/\/cuernavaca.gob.mx\/wp-content\/uploads\/2022\/05\/Jornada-comunitaria-Chamilpa-13-768x512.jpg 768w, https:\/\/cuernavaca.gob.mx\/wp-content\/uploads\/2022\/05\/Jornada-comunitaria-Chamilpa-13-600x400.jpg 600w, https:\/\/cuernavaca.gob.mx\/wp-content\/uploads\/2022\/05\/Jornada-comunitaria-Chamilpa-13-560x374.jpg 560w\" sizes=\"(max-width: 1024px) 100vw, 1024px\" \/><\/figure>\n\n\n\n<figure class=\"wp-block-image size-large\"><img loading=\"lazy\" width=\"1024\" height=\"683\" data-id=\"11359\"  src=\"https:\/\/cuernavaca.gob.mx\/wp-content\/uploads\/2022\/05\/Jornada-comunitaria-Chamilpa-14.jpg\" alt=\"\" class=\"wp-image-11359\" srcset=\"https:\/\/cuernavaca.gob.mx\/wp-content\/uploads\/2022\/05\/Jornada-comunitaria-Chamilpa-14.jpg 1024w, https:\/\/cuernavaca.gob.mx\/wp-content\/uploads\/2022\/05\/Jornada-comunitaria-Chamilpa-14-300x200.jpg 300w, https:\/\/cuernavaca.gob.mx\/wp-content\/uploads\/2022\/05\/Jornada-comunitaria-Chamilpa-14-768x512.jpg 768w, https:\/\/cuernavaca.gob.mx\/wp-content\/uploads\/2022\/05\/Jornada-comunitaria-Chamilpa-14-600x400.jpg 600w, https:\/\/cuernavaca.gob.mx\/wp-content\/uploads\/2022\/05\/Jornada-comunitaria-Chamilpa-14-560x374.jpg 560w\" sizes=\"(max-width: 1024px) 100vw, 1024px\" \/><\/figure>\n<\/figure>\n","protected":false},"excerpt":{"rendered":"<p>Vecinos, autoridades locales y organizaciones civiles se unen a la jornada comunitaria convocada por Jos\u00e9 Luis Uri\u00f3stegui El inter\u00e9s por rescatar a la ciudad se ha replicado en diferentes colonias Bajo la consigna de que en comunidad somos mejores, el alcalde de Cuernavaca, Jos\u00e9 Luis Uri\u00f3stegui Salgado, junto con las regidoras Patricia Torres, Paz Hern\u00e1ndez [&hellip;]<\/p>\n","protected":false},"author":1,"featured_media":11347,"comment_status":"closed","ping_status":"closed","sticky":false,"template":"","format":"standard","meta":[],"categories":[20,208],"tags":[716,158,439,121,453,120,218,707,644],"aioseo_notices":[],"_links":{"self":[{"href":"https:\/\/cuernavaca.gob.mx\/index.php?rest_route=\/wp\/v2\/posts\/11345"}],"collection":[{"href":"https:\/\/cuernavaca.gob.mx\/index.php?rest_route=\/wp\/v2\/posts"}],"about":[{"href":"https:\/\/cuernavaca.gob.mx\/index.php?rest_route=\/wp\/v2\/types\/post"}],"author":[{"embeddable":true,"href":"https:\/\/cuernavaca.gob.mx\/index.php?rest_route=\/wp\/v2\/users\/1"}],"replies":[{"embeddable":true,"href":"https:\/\/cuernavaca.gob.mx\/index.php?rest_route=%2Fwp%2Fv2%2Fcomments&post=11345"}],"version-history":[{"count":2,"href":"https:\/\/cuernavaca.gob.mx\/index.php?rest_route=\/wp\/v2\/posts\/11345\/revisions"}],"predecessor-version":[{"id":11361,"href":"https:\/\/cuernavaca.gob.mx\/index.php?rest_route=\/wp\/v2\/posts\/11345\/revisions\/11361"}],"wp:featuredmedia":[{"embeddable":true,"href":"https:\/\/cuernavaca.gob.mx\/index.php?rest_route=\/wp\/v2\/media\/11347"}],"wp:attachment":[{"href":"https:\/\/cuernavaca.gob.mx\/index.php?rest_route=%2Fwp%2Fv2%2Fmedia&parent=11345"}],"wp:term":[{"taxonomy":"category","embeddable":true,"href":"https:\/\/cuernavaca.gob.mx\/index.php?rest_route=%2Fwp%2Fv2%2Fcategories&post=11345"},{"taxonomy":"post_tag","embeddable":true,"href":"https:\/\/cuernavaca.gob.mx\/index.php?rest_route=%2Fwp%2Fv2%2Ftags&post=11345"}],"curies":[{"name":"wp","href":"https:\/\/api.w.org\/{rel}","templated":true}]}}