{"id":11373,"date":"2022-03-30T12:00:00","date_gmt":"2022-03-30T18:00:00","guid":{"rendered":"http:\/\/cuernavaca.gob.mx\/?p=11373"},"modified":"2025-05-06T11:01:16","modified_gmt":"2025-05-06T17:01:16","slug":"acerca-dif-cuernavaca-asesorias-nutricionales-gratuitas-a-toda-la-poblacion","status":"publish","type":"post","link":"https:\/\/cuernavaca.gob.mx\/?p=11373","title":{"rendered":"Acerca DIF Cuernavaca asesor\u00edas nutricionales gratuitas a toda la poblaci\u00f3n"},"content":{"rendered":"\n<p><strong>El Ayuntamiento de Cuernavaca fue sede nuevamente de la Jornada de Nutrici\u00f3n &#8220;Cuida t\u00fa peso y mejora tu calidad de vida&#8221;<\/strong><\/p>\n\n\n\n<p>Como parte del plan integral de prevenci\u00f3n y atenci\u00f3n a grupos vulnerables, la Jornada de Nutrici\u00f3n &#8220;Cuida t\u00fa peso y mejora tu calidad de vida&#8221; del Sistema DIF Municipal, se llev\u00f3 a cabo este mi\u00e9rcoles en la sede Papagayo del Ayuntamiento de Cuernavaca, acercando a la poblaci\u00f3n de forma gratuita asesor\u00edas alimentarias b\u00e1sicas con la finalidad de mejorar su salud.<\/p>\n\n\n\n<p>Al reconocer que Morelos mantiene un alto porcentaje de personas con diabetes e hipertensi\u00f3n, as\u00ed como estar en los primeros lugares en obesidad infantil, desde hace un mes de forma itinerante, la coordinaci\u00f3n de Atenci\u00f3n a Grupos Vulnerables del DIF Cuernavaca promueve h\u00e1bitos saludables en diversas dependencias del municipio, como el parque Alameda Solidaridad, el parque Tlaltenango, en las instalaciones del Sistema de Agua Potable y Alcantarillado de Cuernavaca (SAPAC), y el pr\u00f3ximo mes en las delegaciones municipales.<\/p>\n\n\n\n<p>Dentro de la Jornada de Nutrici\u00f3n &#8220;Cuida t\u00fa peso y mejora tu calidad de vida&#8221; el Sistema DIF Municipal acompa\u00f1ado de nutri\u00f3logos brinda una dieta a bajo costo, accesible y espec\u00edfica dependiendo las calor\u00edas que requieran de acuerdo al diagn\u00f3stico que realizan, mismo que se basa en toma de peso y talla, as\u00ed como el levantamiento de un cuestionario para identificar los h\u00e1bitos alimenticios, si tienen alg\u00fan padecimiento cr\u00f3nico les brindan informaci\u00f3n; adem\u00e1s de que se les invita a que en 15 d\u00edas o un mes puedan acercarse nuevamente para una sesi\u00f3n de seguimiento y valoraci\u00f3n.<\/p>\n\n\n\n<p>El pr\u00f3ximo punto de la Jornada de Nutrici\u00f3n &#8220;Cuida t\u00fa peso y mejora tu calidad de vida&#8221; ser\u00e1 este viernes 01 de abril en el Parque Tlaltenango donde llevar\u00e1n tambi\u00e9n la Jornada de Salud Visual para ofrecer a bajo costo lentes, ex\u00e1menes de la vista y cirug\u00edas oftalmol\u00f3gicas programadas a cargo de especialistas, en caso de requerirlo.<\/p>\n\n\n\n<p>Las personas interesadas en acceder a estos servicios podr\u00e1n consultar las pr\u00f3ximas fechas y horarios en la p\u00e1gina y redes sociales del DIF Municipal y del Ayuntamiento de Cuernavaca.<\/p>\n\n\n\n<figure class=\"wp-container-2 wp-block-gallery-1 wp-block-gallery has-nested-images columns-default is-cropped\">\n<figure class=\"wp-block-image size-large\"><img loading=\"lazy\" width=\"1024\" height=\"682\" data-id=\"11376\"  src=\"https:\/\/cuernavaca.gob.mx\/wp-content\/uploads\/2022\/05\/Asesoria-Nutricional-DIF-01.jpg\" alt=\"\" class=\"wp-image-11376\" srcset=\"https:\/\/cuernavaca.gob.mx\/wp-content\/uploads\/2022\/05\/Asesoria-Nutricional-DIF-01.jpg 1024w, https:\/\/cuernavaca.gob.mx\/wp-content\/uploads\/2022\/05\/Asesoria-Nutricional-DIF-01-300x200.jpg 300w, https:\/\/cuernavaca.gob.mx\/wp-content\/uploads\/2022\/05\/Asesoria-Nutricional-DIF-01-768x512.jpg 768w, https:\/\/cuernavaca.gob.mx\/wp-content\/uploads\/2022\/05\/Asesoria-Nutricional-DIF-01-600x400.jpg 600w, https:\/\/cuernavaca.gob.mx\/wp-content\/uploads\/2022\/05\/Asesoria-Nutricional-DIF-01-560x373.jpg 560w\" sizes=\"(max-width: 1024px) 100vw, 1024px\" \/><\/figure>\n\n\n\n<figure class=\"wp-block-image size-large\"><img loading=\"lazy\" width=\"1024\" height=\"682\" data-id=\"11375\"  src=\"https:\/\/cuernavaca.gob.mx\/wp-content\/uploads\/2022\/05\/Asesoria-Nutricional-DIF-02.jpg\" alt=\"\" class=\"wp-image-11375\" srcset=\"https:\/\/cuernavaca.gob.mx\/wp-content\/uploads\/2022\/05\/Asesoria-Nutricional-DIF-02.jpg 1024w, https:\/\/cuernavaca.gob.mx\/wp-content\/uploads\/2022\/05\/Asesoria-Nutricional-DIF-02-300x200.jpg 300w, https:\/\/cuernavaca.gob.mx\/wp-content\/uploads\/2022\/05\/Asesoria-Nutricional-DIF-02-768x512.jpg 768w, https:\/\/cuernavaca.gob.mx\/wp-content\/uploads\/2022\/05\/Asesoria-Nutricional-DIF-02-600x400.jpg 600w, https:\/\/cuernavaca.gob.mx\/wp-content\/uploads\/2022\/05\/Asesoria-Nutricional-DIF-02-560x373.jpg 560w\" sizes=\"(max-width: 1024px) 100vw, 1024px\" \/><\/figure>\n\n\n\n<figure class=\"wp-block-image size-large\"><img loading=\"lazy\" width=\"1024\" height=\"682\" data-id=\"11377\"  src=\"https:\/\/cuernavaca.gob.mx\/wp-content\/uploads\/2022\/05\/Asesoria-Nutricional-DIF-03.jpg\" alt=\"\" class=\"wp-image-11377\" srcset=\"https:\/\/cuernavaca.gob.mx\/wp-content\/uploads\/2022\/05\/Asesoria-Nutricional-DIF-03.jpg 1024w, https:\/\/cuernavaca.gob.mx\/wp-content\/uploads\/2022\/05\/Asesoria-Nutricional-DIF-03-300x200.jpg 300w, https:\/\/cuernavaca.gob.mx\/wp-content\/uploads\/2022\/05\/Asesoria-Nutricional-DIF-03-768x512.jpg 768w, https:\/\/cuernavaca.gob.mx\/wp-content\/uploads\/2022\/05\/Asesoria-Nutricional-DIF-03-600x400.jpg 600w, https:\/\/cuernavaca.gob.mx\/wp-content\/uploads\/2022\/05\/Asesoria-Nutricional-DIF-03-560x373.jpg 560w\" sizes=\"(max-width: 1024px) 100vw, 1024px\" \/><\/figure>\n\n\n\n<figure class=\"wp-block-image size-large\"><img loading=\"lazy\" width=\"1024\" height=\"682\" data-id=\"11374\"  src=\"https:\/\/cuernavaca.gob.mx\/wp-content\/uploads\/2022\/05\/Asesoria-Nutricional-DIF-04.jpg\" alt=\"\" class=\"wp-image-11374\" srcset=\"https:\/\/cuernavaca.gob.mx\/wp-content\/uploads\/2022\/05\/Asesoria-Nutricional-DIF-04.jpg 1024w, https:\/\/cuernavaca.gob.mx\/wp-content\/uploads\/2022\/05\/Asesoria-Nutricional-DIF-04-300x200.jpg 300w, https:\/\/cuernavaca.gob.mx\/wp-content\/uploads\/2022\/05\/Asesoria-Nutricional-DIF-04-768x512.jpg 768w, https:\/\/cuernavaca.gob.mx\/wp-content\/uploads\/2022\/05\/Asesoria-Nutricional-DIF-04-600x400.jpg 600w, https:\/\/cuernavaca.gob.mx\/wp-content\/uploads\/2022\/05\/Asesoria-Nutricional-DIF-04-560x373.jpg 560w\" sizes=\"(max-width: 1024px) 100vw, 1024px\" \/><\/figure>\n\n\n\n<figure class=\"wp-block-image size-large\"><img loading=\"lazy\" width=\"1024\" height=\"682\" data-id=\"11378\"  src=\"https:\/\/cuernavaca.gob.mx\/wp-content\/uploads\/2022\/05\/Asesoria-Nutricional-DIF-05.jpg\" alt=\"\" class=\"wp-image-11378\" srcset=\"https:\/\/cuernavaca.gob.mx\/wp-content\/uploads\/2022\/05\/Asesoria-Nutricional-DIF-05.jpg 1024w, https:\/\/cuernavaca.gob.mx\/wp-content\/uploads\/2022\/05\/Asesoria-Nutricional-DIF-05-300x200.jpg 300w, https:\/\/cuernavaca.gob.mx\/wp-content\/uploads\/2022\/05\/Asesoria-Nutricional-DIF-05-768x512.jpg 768w, https:\/\/cuernavaca.gob.mx\/wp-content\/uploads\/2022\/05\/Asesoria-Nutricional-DIF-05-600x400.jpg 600w, https:\/\/cuernavaca.gob.mx\/wp-content\/uploads\/2022\/05\/Asesoria-Nutricional-DIF-05-560x373.jpg 560w\" sizes=\"(max-width: 1024px) 100vw, 1024px\" \/><\/figure>\n<\/figure>\n","protected":false},"excerpt":{"rendered":"<p>El Ayuntamiento de Cuernavaca fue sede nuevamente de la Jornada de Nutrici\u00f3n &#8220;Cuida t\u00fa peso y mejora tu calidad de vida&#8221; Como parte del plan integral de prevenci\u00f3n y atenci\u00f3n a grupos vulnerables, la Jornada de Nutrici\u00f3n &#8220;Cuida t\u00fa peso y mejora tu calidad de vida&#8221; del Sistema DIF Municipal, se llev\u00f3 a cabo este [&hellip;]<\/p>\n","protected":false},"author":1,"featured_media":11375,"comment_status":"closed","ping_status":"closed","sticky":false,"template":"","format":"standard","meta":[],"categories":[16,20,145],"tags":[389,916,121,915,132,120,133,914,124],"aioseo_notices":[],"_links":{"self":[{"href":"https:\/\/cuernavaca.gob.mx\/index.php?rest_route=\/wp\/v2\/posts\/11373"}],"collection":[{"href":"https:\/\/cuernavaca.gob.mx\/index.php?rest_route=\/wp\/v2\/posts"}],"about":[{"href":"https:\/\/cuernavaca.gob.mx\/index.php?rest_route=\/wp\/v2\/types\/post"}],"author":[{"embeddable":true,"href":"https:\/\/cuernavaca.gob.mx\/index.php?rest_route=\/wp\/v2\/users\/1"}],"replies":[{"embeddable":true,"href":"https:\/\/cuernavaca.gob.mx\/index.php?rest_route=%2Fwp%2Fv2%2Fcomments&post=11373"}],"version-history":[{"count":2,"href":"https:\/\/cuernavaca.gob.mx\/index.php?rest_route=\/wp\/v2\/posts\/11373\/revisions"}],"predecessor-version":[{"id":11458,"href":"https:\/\/cuernavaca.gob.mx\/index.php?rest_route=\/wp\/v2\/posts\/11373\/revisions\/11458"}],"wp:featuredmedia":[{"embeddable":true,"href":"https:\/\/cuernavaca.gob.mx\/index.php?rest_route=\/wp\/v2\/media\/11375"}],"wp:attachment":[{"href":"https:\/\/cuernavaca.gob.mx\/index.php?rest_route=%2Fwp%2Fv2%2Fmedia&parent=11373"}],"wp:term":[{"taxonomy":"category","embeddable":true,"href":"https:\/\/cuernavaca.gob.mx\/index.php?rest_route=%2Fwp%2Fv2%2Fcategories&post=11373"},{"taxonomy":"post_tag","embeddable":true,"href":"https:\/\/cuernavaca.gob.mx\/index.php?rest_route=%2Fwp%2Fv2%2Ftags&post=11373"}],"curies":[{"name":"wp","href":"https:\/\/api.w.org\/{rel}","templated":true}]}}