{"id":11380,"date":"2022-03-30T14:00:00","date_gmt":"2022-03-30T20:00:00","guid":{"rendered":"http:\/\/cuernavaca.gob.mx\/?p=11380"},"modified":"2025-05-06T11:01:16","modified_gmt":"2025-05-06T17:01:16","slug":"sapac-privilegia-el-dialogo-con-la-asociacion-civica-morelense-para-llegar-a-acuerdos","status":"publish","type":"post","link":"https:\/\/cuernavaca.gob.mx\/?p=11380","title":{"rendered":"SAPAC privilegia el di\u00e1logo con la Asociaci\u00f3n C\u00edvica Morelense para llegar a acuerdos"},"content":{"rendered":"\n<p>La Directora General precis\u00f3 que las puertas de su oficina se encuentran abiertas para poder escuchar y responder a cada uno de los requerimientos ciudadanos.<\/p>\n\n\n\n<p>En cumplimiento con la pol\u00edtica de puertas abiertas que permitan resolver los requerimientos ciudadanos mediante el di\u00e1logo, la Directora General del Sistema de Agua Potable y Alcantarillado de Cuernavaca (SAPAC), recibi\u00f3 este mi\u00e9rcoles a integrantes de la Asociaci\u00f3n C\u00edvica Morelense \u201cGustavo Alejandro Salgado\u201d, para abordar temas relacionados con el servicio del vital l\u00edquido.<\/p>\n\n\n\n<p>La titular del SAPAC junto con los responsables del \u00e1rea comercial y operativa, escucharon cada una de las peticiones, donde se tom\u00f3 nota de los reportes por faltas de servicios y fugas de agua potable, comprometi\u00e9ndose a dar respuesta a cada uno de ellos, haciendo hincapi\u00e9 que nos encontramos en temporada de estiaje donde los niveles de presi\u00f3n en el abastecimiento ha disminuido en algunos puntos, no obstante se destac\u00f3 que el \u00e1rea operativa se encuentra al pendiente de cada zona.<\/p>\n\n\n\n<p>Asimismo, reiteraron que la Direcci\u00f3n Comercial se encuentra siempre disponible para recibir y escuchar a cada uno de los ciudadanos, aclarar sus dudas con relaci\u00f3n a sus consumos y llegar a acuerdos, subrayando que el SAPAC siempre ha brindado el apoyo a los integrantes de dicha asociaci\u00f3n.<\/p>\n\n\n\n<p>En lo que respecta al convenio pendiente que se tiene con esta organizaci\u00f3n, se acord\u00f3 hacer un estudio conjunto de los convenios anteriores, para llegar a un acuerdo y presentarlo ante la Junta de Gobierno del SAPAC, m\u00e1ximo \u00d3rgano Rector de este Organismo.<\/p>\n\n\n\n<figure class=\"wp-container-2 wp-block-gallery-1 wp-block-gallery has-nested-images columns-default is-cropped\">\n<figure class=\"wp-block-image size-large\"><img loading=\"lazy\" width=\"1024\" height=\"575\" data-id=\"11382\"  src=\"https:\/\/cuernavaca.gob.mx\/wp-content\/uploads\/2022\/05\/SAPAC-y-AC-Morelense-01-1024x575.jpg\" alt=\"\" class=\"wp-image-11382\" srcset=\"https:\/\/cuernavaca.gob.mx\/wp-content\/uploads\/2022\/05\/SAPAC-y-AC-Morelense-01-1024x575.jpg 1024w, https:\/\/cuernavaca.gob.mx\/wp-content\/uploads\/2022\/05\/SAPAC-y-AC-Morelense-01-300x169.jpg 300w, https:\/\/cuernavaca.gob.mx\/wp-content\/uploads\/2022\/05\/SAPAC-y-AC-Morelense-01-768x431.jpg 768w, https:\/\/cuernavaca.gob.mx\/wp-content\/uploads\/2022\/05\/SAPAC-y-AC-Morelense-01-600x337.jpg 600w, https:\/\/cuernavaca.gob.mx\/wp-content\/uploads\/2022\/05\/SAPAC-y-AC-Morelense-01-560x315.jpg 560w, https:\/\/cuernavaca.gob.mx\/wp-content\/uploads\/2022\/05\/SAPAC-y-AC-Morelense-01.jpg 1280w\" sizes=\"(max-width: 1024px) 100vw, 1024px\" \/><\/figure>\n\n\n\n<figure class=\"wp-block-image size-large\"><img loading=\"lazy\" width=\"1024\" height=\"575\" data-id=\"11383\"  src=\"https:\/\/cuernavaca.gob.mx\/wp-content\/uploads\/2022\/05\/SAPAC-y-AC-Morelense-02-1024x575.jpg\" alt=\"\" class=\"wp-image-11383\" srcset=\"https:\/\/cuernavaca.gob.mx\/wp-content\/uploads\/2022\/05\/SAPAC-y-AC-Morelense-02-1024x575.jpg 1024w, https:\/\/cuernavaca.gob.mx\/wp-content\/uploads\/2022\/05\/SAPAC-y-AC-Morelense-02-300x169.jpg 300w, https:\/\/cuernavaca.gob.mx\/wp-content\/uploads\/2022\/05\/SAPAC-y-AC-Morelense-02-768x431.jpg 768w, https:\/\/cuernavaca.gob.mx\/wp-content\/uploads\/2022\/05\/SAPAC-y-AC-Morelense-02-600x337.jpg 600w, https:\/\/cuernavaca.gob.mx\/wp-content\/uploads\/2022\/05\/SAPAC-y-AC-Morelense-02-560x315.jpg 560w, https:\/\/cuernavaca.gob.mx\/wp-content\/uploads\/2022\/05\/SAPAC-y-AC-Morelense-02.jpg 1280w\" sizes=\"(max-width: 1024px) 100vw, 1024px\" \/><\/figure>\n\n\n\n<figure class=\"wp-block-image size-large\"><img loading=\"lazy\" width=\"1024\" height=\"575\" data-id=\"11381\"  src=\"https:\/\/cuernavaca.gob.mx\/wp-content\/uploads\/2022\/05\/SAPAC-y-AC-Morelense-03-1024x575.jpg\" alt=\"\" class=\"wp-image-11381\" srcset=\"https:\/\/cuernavaca.gob.mx\/wp-content\/uploads\/2022\/05\/SAPAC-y-AC-Morelense-03-1024x575.jpg 1024w, https:\/\/cuernavaca.gob.mx\/wp-content\/uploads\/2022\/05\/SAPAC-y-AC-Morelense-03-300x169.jpg 300w, https:\/\/cuernavaca.gob.mx\/wp-content\/uploads\/2022\/05\/SAPAC-y-AC-Morelense-03-768x431.jpg 768w, https:\/\/cuernavaca.gob.mx\/wp-content\/uploads\/2022\/05\/SAPAC-y-AC-Morelense-03-600x337.jpg 600w, https:\/\/cuernavaca.gob.mx\/wp-content\/uploads\/2022\/05\/SAPAC-y-AC-Morelense-03-560x315.jpg 560w, https:\/\/cuernavaca.gob.mx\/wp-content\/uploads\/2022\/05\/SAPAC-y-AC-Morelense-03.jpg 1280w\" sizes=\"(max-width: 1024px) 100vw, 1024px\" \/><\/figure>\n<\/figure>\n","protected":false},"excerpt":{"rendered":"<p>La Directora General precis\u00f3 que las puertas de su oficina se encuentran abiertas para poder escuchar y responder a cada uno de los requerimientos ciudadanos. En cumplimiento con la pol\u00edtica de puertas abiertas que permitan resolver los requerimientos ciudadanos mediante el di\u00e1logo, la Directora General del Sistema de Agua Potable y Alcantarillado de Cuernavaca (SAPAC), [&hellip;]<\/p>\n","protected":false},"author":1,"featured_media":11383,"comment_status":"closed","ping_status":"closed","sticky":false,"template":"","format":"standard","meta":[],"categories":[20,145],"tags":[917,121,918,120,124],"aioseo_notices":[],"_links":{"self":[{"href":"https:\/\/cuernavaca.gob.mx\/index.php?rest_route=\/wp\/v2\/posts\/11380"}],"collection":[{"href":"https:\/\/cuernavaca.gob.mx\/index.php?rest_route=\/wp\/v2\/posts"}],"about":[{"href":"https:\/\/cuernavaca.gob.mx\/index.php?rest_route=\/wp\/v2\/types\/post"}],"author":[{"embeddable":true,"href":"https:\/\/cuernavaca.gob.mx\/index.php?rest_route=\/wp\/v2\/users\/1"}],"replies":[{"embeddable":true,"href":"https:\/\/cuernavaca.gob.mx\/index.php?rest_route=%2Fwp%2Fv2%2Fcomments&post=11380"}],"version-history":[{"count":2,"href":"https:\/\/cuernavaca.gob.mx\/index.php?rest_route=\/wp\/v2\/posts\/11380\/revisions"}],"predecessor-version":[{"id":11457,"href":"https:\/\/cuernavaca.gob.mx\/index.php?rest_route=\/wp\/v2\/posts\/11380\/revisions\/11457"}],"wp:featuredmedia":[{"embeddable":true,"href":"https:\/\/cuernavaca.gob.mx\/index.php?rest_route=\/wp\/v2\/media\/11383"}],"wp:attachment":[{"href":"https:\/\/cuernavaca.gob.mx\/index.php?rest_route=%2Fwp%2Fv2%2Fmedia&parent=11380"}],"wp:term":[{"taxonomy":"category","embeddable":true,"href":"https:\/\/cuernavaca.gob.mx\/index.php?rest_route=%2Fwp%2Fv2%2Fcategories&post=11380"},{"taxonomy":"post_tag","embeddable":true,"href":"https:\/\/cuernavaca.gob.mx\/index.php?rest_route=%2Fwp%2Fv2%2Ftags&post=11380"}],"curies":[{"name":"wp","href":"https:\/\/api.w.org\/{rel}","templated":true}]}}