{"id":11385,"date":"2022-03-30T16:00:00","date_gmt":"2022-03-30T22:00:00","guid":{"rendered":"http:\/\/cuernavaca.gob.mx\/?p=11385"},"modified":"2025-05-06T11:01:16","modified_gmt":"2025-05-06T17:01:16","slug":"manana-ultimo-dia-de-vacunacion-de-refuerzo-contra-covid-19-para-jovenes-y-rezagados","status":"publish","type":"post","link":"https:\/\/cuernavaca.gob.mx\/?p=11385","title":{"rendered":"Ma\u00f1ana \u00faltimo d\u00eda de vacunaci\u00f3n de refuerzo contra COVID-19 para j\u00f3venes y rezagados"},"content":{"rendered":"\n<p>Con una alta afluencia de personas y sin incidentes, se llev\u00f3 a cabo el segundo d\u00eda de la jornada de vacunaci\u00f3n contra el SARS-CoV-2 para la poblaci\u00f3n de 18 a 29 a\u00f1os y rezagados a cargo de autoridades que conforman la Brigada Correcaminos en la sede Papagayo del Ayuntamiento de Cuernavaca.<\/p>\n\n\n\n<p>Este mi\u00e9rcoles se recibieron dos mil 870 dosis del biol\u00f3gico AstraZeneca contra Covid-19, aplicando en total dos mil 460 ante la amplia demanda que se ha registrado desde el primer d\u00eda de la jornada, destacando la fluidez y amabilidad en la sede durante todo el proceso de inoculaci\u00f3n.<\/p>\n\n\n\n<p>El Gobierno Municipal record\u00f3 a la ciudadan\u00eda en general que este jueves 31 de marzo es \u00faltimo d\u00eda de la jornada de inmunizaci\u00f3n; para recibir la vacuna de refuerzo es necesario presentar la documentaci\u00f3n que acredite que han sido registrados en la plataforma www.mivacuna.salud.gob.mx.<\/p>\n\n\n\n<p>Tambi\u00e9n debe presentar el certificado que acredite que los asistentes cuentan con las dos aplicaciones anteriores y haber cumplido cuatro meses de la aplicaci\u00f3n de la segunda vacuna, o bien, que como rezagados requieren de la primera o segunda dosis.<\/p>\n\n\n\n<p>La sede Papagayo del Ayuntamiento de Cuernavaca abrir\u00e1 sus puertas para el ingreso a la vacunaci\u00f3n contra Covid-19 en un horario de 9:00 a 14:00 horas.<\/p>\n\n\n\n<figure class=\"wp-container-2 wp-block-gallery-1 wp-block-gallery has-nested-images columns-default is-cropped\">\n<figure class=\"wp-block-image size-large\"><img loading=\"lazy\" width=\"1024\" height=\"682\" data-id=\"11386\"  src=\"https:\/\/cuernavaca.gob.mx\/wp-content\/uploads\/2022\/05\/Ultimo-di\u0301a-de-vacunacio\u0301n-01.jpg\" alt=\"\" class=\"wp-image-11386\" srcset=\"https:\/\/cuernavaca.gob.mx\/wp-content\/uploads\/2022\/05\/Ultimo-di\u0301a-de-vacunacio\u0301n-01.jpg 1024w, https:\/\/cuernavaca.gob.mx\/wp-content\/uploads\/2022\/05\/Ultimo-di\u0301a-de-vacunacio\u0301n-01-300x200.jpg 300w, https:\/\/cuernavaca.gob.mx\/wp-content\/uploads\/2022\/05\/Ultimo-di\u0301a-de-vacunacio\u0301n-01-768x512.jpg 768w, https:\/\/cuernavaca.gob.mx\/wp-content\/uploads\/2022\/05\/Ultimo-di\u0301a-de-vacunacio\u0301n-01-600x400.jpg 600w, https:\/\/cuernavaca.gob.mx\/wp-content\/uploads\/2022\/05\/Ultimo-di\u0301a-de-vacunacio\u0301n-01-560x373.jpg 560w\" sizes=\"(max-width: 1024px) 100vw, 1024px\" \/><\/figure>\n\n\n\n<figure class=\"wp-block-image size-large\"><img loading=\"lazy\" width=\"1024\" height=\"682\" data-id=\"11387\"  src=\"https:\/\/cuernavaca.gob.mx\/wp-content\/uploads\/2022\/05\/Ultimo-di\u0301a-de-vacunacio\u0301n-02.jpg\" alt=\"\" class=\"wp-image-11387\" srcset=\"https:\/\/cuernavaca.gob.mx\/wp-content\/uploads\/2022\/05\/Ultimo-di\u0301a-de-vacunacio\u0301n-02.jpg 1024w, https:\/\/cuernavaca.gob.mx\/wp-content\/uploads\/2022\/05\/Ultimo-di\u0301a-de-vacunacio\u0301n-02-300x200.jpg 300w, https:\/\/cuernavaca.gob.mx\/wp-content\/uploads\/2022\/05\/Ultimo-di\u0301a-de-vacunacio\u0301n-02-768x512.jpg 768w, https:\/\/cuernavaca.gob.mx\/wp-content\/uploads\/2022\/05\/Ultimo-di\u0301a-de-vacunacio\u0301n-02-600x400.jpg 600w, https:\/\/cuernavaca.gob.mx\/wp-content\/uploads\/2022\/05\/Ultimo-di\u0301a-de-vacunacio\u0301n-02-560x373.jpg 560w\" sizes=\"(max-width: 1024px) 100vw, 1024px\" \/><\/figure>\n\n\n\n<figure class=\"wp-block-image size-large\"><img loading=\"lazy\" width=\"1024\" height=\"682\" data-id=\"11388\"  src=\"https:\/\/cuernavaca.gob.mx\/wp-content\/uploads\/2022\/05\/Ultimo-di\u0301a-de-vacunacio\u0301n-03.jpg\" alt=\"\" class=\"wp-image-11388\" srcset=\"https:\/\/cuernavaca.gob.mx\/wp-content\/uploads\/2022\/05\/Ultimo-di\u0301a-de-vacunacio\u0301n-03.jpg 1024w, https:\/\/cuernavaca.gob.mx\/wp-content\/uploads\/2022\/05\/Ultimo-di\u0301a-de-vacunacio\u0301n-03-300x200.jpg 300w, https:\/\/cuernavaca.gob.mx\/wp-content\/uploads\/2022\/05\/Ultimo-di\u0301a-de-vacunacio\u0301n-03-768x512.jpg 768w, https:\/\/cuernavaca.gob.mx\/wp-content\/uploads\/2022\/05\/Ultimo-di\u0301a-de-vacunacio\u0301n-03-600x400.jpg 600w, https:\/\/cuernavaca.gob.mx\/wp-content\/uploads\/2022\/05\/Ultimo-di\u0301a-de-vacunacio\u0301n-03-560x373.jpg 560w\" sizes=\"(max-width: 1024px) 100vw, 1024px\" \/><\/figure>\n<\/figure>\n","protected":false},"excerpt":{"rendered":"<p>Con una alta afluencia de personas y sin incidentes, se llev\u00f3 a cabo el segundo d\u00eda de la jornada de vacunaci\u00f3n contra el SARS-CoV-2 para la poblaci\u00f3n de 18 a 29 a\u00f1os y rezagados a cargo de autoridades que conforman la Brigada Correcaminos en la sede Papagayo del Ayuntamiento de Cuernavaca. Este mi\u00e9rcoles se recibieron [&hellip;]<\/p>\n","protected":false},"author":1,"featured_media":11387,"comment_status":"closed","ping_status":"closed","sticky":false,"template":"","format":"standard","meta":[],"categories":[118,20,899],"tags":[186,167,121,120,898,154,897,156],"aioseo_notices":[],"_links":{"self":[{"href":"https:\/\/cuernavaca.gob.mx\/index.php?rest_route=\/wp\/v2\/posts\/11385"}],"collection":[{"href":"https:\/\/cuernavaca.gob.mx\/index.php?rest_route=\/wp\/v2\/posts"}],"about":[{"href":"https:\/\/cuernavaca.gob.mx\/index.php?rest_route=\/wp\/v2\/types\/post"}],"author":[{"embeddable":true,"href":"https:\/\/cuernavaca.gob.mx\/index.php?rest_route=\/wp\/v2\/users\/1"}],"replies":[{"embeddable":true,"href":"https:\/\/cuernavaca.gob.mx\/index.php?rest_route=%2Fwp%2Fv2%2Fcomments&post=11385"}],"version-history":[{"count":2,"href":"https:\/\/cuernavaca.gob.mx\/index.php?rest_route=\/wp\/v2\/posts\/11385\/revisions"}],"predecessor-version":[{"id":11456,"href":"https:\/\/cuernavaca.gob.mx\/index.php?rest_route=\/wp\/v2\/posts\/11385\/revisions\/11456"}],"wp:featuredmedia":[{"embeddable":true,"href":"https:\/\/cuernavaca.gob.mx\/index.php?rest_route=\/wp\/v2\/media\/11387"}],"wp:attachment":[{"href":"https:\/\/cuernavaca.gob.mx\/index.php?rest_route=%2Fwp%2Fv2%2Fmedia&parent=11385"}],"wp:term":[{"taxonomy":"category","embeddable":true,"href":"https:\/\/cuernavaca.gob.mx\/index.php?rest_route=%2Fwp%2Fv2%2Fcategories&post=11385"},{"taxonomy":"post_tag","embeddable":true,"href":"https:\/\/cuernavaca.gob.mx\/index.php?rest_route=%2Fwp%2Fv2%2Ftags&post=11385"}],"curies":[{"name":"wp","href":"https:\/\/api.w.org\/{rel}","templated":true}]}}