{"id":11390,"date":"2022-03-31T10:00:00","date_gmt":"2022-03-31T16:00:00","guid":{"rendered":"http:\/\/cuernavaca.gob.mx\/?p=11390"},"modified":"2025-05-06T11:01:15","modified_gmt":"2025-05-06T17:01:15","slug":"aprueba-cabildo-inversion-historica-para-obra-publica-en-cuernavaca","status":"publish","type":"post","link":"https:\/\/cuernavaca.gob.mx\/?p=11390","title":{"rendered":"Aprueba Cabildo inversi\u00f3n hist\u00f3rica para obra p\u00fablica en Cuernavaca"},"content":{"rendered":"\n<p><strong>El Programa Anual de Obras contempla un total de 56 obras en zonas de atenci\u00f3n prioritaria, 14 con recursos propios y 42 por el FAIS<\/strong><\/p>\n\n\n\n<p><strong>Se invertir\u00e1n 132 millones 882 mil 920 pesos<\/strong><\/p>\n\n\n\n<p>Por primera vez en la historia reciente el municipio de Cuernavaca privilegia la obra p\u00fablica contra gastos superfluos, al invertir 132 millones 882 mil 920 pesos en obra p\u00fablica e iniciar en tan solo tres meses de administraci\u00f3n trabajos de mantenimiento y reparaci\u00f3n de vialidades con base en las necesidades ciudadanas con el objeto de que la ciudad renazca.<\/p>\n\n\n\n<p>En sesi\u00f3n extraordinaria de Cabildo se aprob\u00f3 por unanimidad el Programa Anual de Obras para el actual ejercicio fiscal 2022 que contempla un total de 56 obras en zonas de atenci\u00f3n prioritaria, 14 con recursos propios y 42 por el Fondo de Aportaciones para la Infraestructura Social (FAIS) a cargo de la Secretar\u00eda de Desarrollo Urbano y Obras P\u00fablicas de Cuernavaca.<\/p>\n\n\n\n<p>Para las obras con recursos propios se destin\u00f3 una inversi\u00f3n de 60 millones de pesos, monto mayor al registrado en pasadas administraciones y que incluye el programa de \u201cVialidades Seguras\u201d, mismas que desde la semana pasada han comenzado a ejecutarse en avenida Palmira, calle Calzada Atzingo y presidente \u00c1vila Camacho, calle Ejido en la colonia Ejido de Acapatzingo, calle Llamarada esquina calle Tabachin frente a la Fiscal\u00eda General del Estado y bajada hasta Humboldt frente a La Vecindad.<\/p>\n\n\n\n<p>En tanto, el Gobierno Municipal recibi\u00f3 recursos del FAIS por 72 millones 882 mil 920 pesos, los cuales se aplicar\u00e1n exclusivamente a zonas de alto o muy alto rezago social que beneficien directamente a la poblaci\u00f3n, como son en agua potable, alcantarillado, drenaje, electrificaci\u00f3n, infraestructura b\u00e1sica del sector educativo y del sector salud, mejoramiento de vivienda y urbanizaci\u00f3n.<\/p>\n\n\n\n<p>Dentro del Programa Anual de Obras para el actual ejercicio fiscal 2022 se incluyen 30 obras p\u00fablicas emanadas del Comit\u00e9 de Planeaci\u00f3n para el Desarrollo del Municipio de Cuernavaca (COPLADEMUN) 2022-2024, en zonas consideradas de alta marginaci\u00f3n y que fueron solicitadas por los mismos habitantes.<\/p>\n\n\n\n<p>Al respecto, el presidente municipal destac\u00f3 que este programa ambicioso es el resultado del trabajo de austeridad, de orden, de organizaci\u00f3n y de cuidado de los recursos p\u00fablicos que capta el municipio a partir del trabajo coordinado, del esfuerzo, de la m\u00edstica de servicio del Cabildo y de cada uno de los integrantes del gabinete y de la administraci\u00f3n municipal.<\/p>\n\n\n\n<p>Reconoci\u00f3 que si bien una inversi\u00f3n de esta naturaleza no se hab\u00eda registrado en el Gobierno Municipal, debe ser una responsabilidad que se pueda replicar en los siguientes dos a\u00f1os e incluir calles y colonias que podr\u00edan considerarse relativamente nuevas pero que se ubican en zonas vulnerables, con el objetivo de incorporar el desarrollo de la ciudad a todas las comunidades del municipio.<\/p>\n\n\n\n<p>Precis\u00f3 que para ampliar el n\u00famero de obras es necesario trabajar concatenadamente en diversos rubros de la administraci\u00f3n que les permitan disminuir el gasto corriente pero tambi\u00e9n recaudar un poco m\u00e1s de recursos.<\/p>\n\n\n\n<p>En la presentaci\u00f3n del Programa Anual de Obras, el titular de Desarrollo Urbano y Obras P\u00fablicas inform\u00f3 que en la Delegaci\u00f3n Antonio Barona se llevar\u00e1n a cabo ocho obras p\u00fablicas, siendo cuatro las colonias beneficiadas; en la Delegaci\u00f3n Benito Ju\u00e1rez ser\u00e1n 13 obras con ocho colonias beneficiadas; en la Delegaci\u00f3n Emiliano Zapata 16 obras con nueve colonias beneficiadas, en la Delegaci\u00f3n L\u00e1zaro C\u00e1rdenas del R\u00edo 12 obras p\u00fablicas con dos colonias beneficiadas; en la Delegaci\u00f3n Mariano Matamoros se ejecutar\u00e1n seis obras p\u00fablicas con dos colonias beneficiadas; en la Delegaci\u00f3n Miguel Hidalgo habr\u00e1 una obra p\u00fablica y ser\u00e1n cuatro las colonias beneficiadas; en la Delegaci\u00f3n Plutarco El\u00edas Calles realizar\u00e1n seis obras y cuatro colonias ser\u00e1n beneficiadas y en la Delegaci\u00f3n Vicente Guerrero se efectuar\u00e1n cuatro obras p\u00fablicas con dos colonias beneficiadas.<\/p>\n\n\n\n<p>Se\u00f1al\u00f3 que cada obra cuenta con un an\u00e1lisis t\u00e9cnico, social y jur\u00eddico, aunado a que las empresas que hoy han recibido la licitaci\u00f3n por invitaci\u00f3n restringida para iniciar con el programa de Vialidades Seguras cumplen con la especialidad y la capacidad tanto t\u00e9cnica, econ\u00f3mica como jur\u00eddica, efectuando el procedimiento de licitaci\u00f3n con base en la ley.<\/p>\n\n\n\n<p>Cabe mencionar que en la pasada administraci\u00f3n, el 99 por ciento de los recursos asignados a obras p\u00fablicas fueron de car\u00e1cter federal, destinado solo nueve millones de pesos de recursos propios, esto fue expresado por el regidor del Partido Acci\u00f3n Nacional (PAN) y presidente de la Comisi\u00f3n de Servicios P\u00fablicos.<\/p>\n\n\n\n<p>La regidora del partido Movimiento de Regeneraci\u00f3n Nacional (Morena) y presidenta de la Comisi\u00f3n de Desarrollo Urbano, Vivienda y Obras P\u00fablicas, refiri\u00f3 que se debe hacer un mayor esfuerzo por otorgarle reconocimiento y nombramiento a colonias que hoy padecen de ello, puesto que muchas nuevas colonias padecen de necesidad, siendo importante formen parte del programa anual de obras del municipio.<\/p>\n\n\n\n<p>En su intervenci\u00f3n, la regidora del partido Movimiento Alternativa Social (MAS) y presidenta de la Comisi\u00f3n de Organismos Descentralizados, subray\u00f3 que el programa ha sido sustentado principalmente por las necesidades de la ciudadan\u00eda, elaborado bajo las normas y reglamentos establecidos, eficientando los recursos y respetando la austeridad, pero priorizando donde m\u00e1s se necesita.<\/p>\n\n\n\n<p>El regidor del partido Fuerza por M\u00e9xico y presidente de la Comisi\u00f3n de Planificaci\u00f3n y Desarrollo, solicit\u00f3 que adem\u00e1s de buscar m\u00e1s recursos propios, para los pr\u00f3ximos programas se pueda gestionar el apoyo del Gobierno Federal, a fin de realizar m\u00e1s obras p\u00fablicas y dar respuesta a la ciudadan\u00eda, a quienes les pidi\u00f3 su confianza para atender cada una de sus necesidades.<\/p>\n\n\n\n<p>Tras resaltar las obras que se llevar\u00e1n a cabo en Cuernavaca, el regidor de Morena y presidente de la Comisi\u00f3n de Seguridad P\u00fablica y Tr\u00e1nsito, manifest\u00f3 que se deben seguir reforzando las acciones a favor de la poblaci\u00f3n.<\/p>\n\n\n\n<p>Finalmente, la s\u00edndica municipal puntualiz\u00f3 que hoy se puede decir que Cuernavaca tiene un plan de obras, el cual lo podr\u00e1n ver plasmado en las calles donde habr\u00e1 mayor seguridad.<\/p>\n\n\n\n<figure class=\"wp-container-2 wp-block-gallery-1 wp-block-gallery has-nested-images columns-default is-cropped\">\n<figure class=\"wp-block-image size-large\"><img loading=\"lazy\" width=\"768\" height=\"1024\" data-id=\"11394\"  src=\"https:\/\/cuernavaca.gob.mx\/wp-content\/uploads\/2022\/05\/Inversio\u0301n-histo\u0301rica-en-obras-01-768x1024.jpg\" alt=\"\" class=\"wp-image-11394\" srcset=\"https:\/\/cuernavaca.gob.mx\/wp-content\/uploads\/2022\/05\/Inversio\u0301n-histo\u0301rica-en-obras-01-768x1024.jpg 768w, https:\/\/cuernavaca.gob.mx\/wp-content\/uploads\/2022\/05\/Inversio\u0301n-histo\u0301rica-en-obras-01-225x300.jpg 225w, https:\/\/cuernavaca.gob.mx\/wp-content\/uploads\/2022\/05\/Inversio\u0301n-histo\u0301rica-en-obras-01-1152x1536.jpg 1152w, https:\/\/cuernavaca.gob.mx\/wp-content\/uploads\/2022\/05\/Inversio\u0301n-histo\u0301rica-en-obras-01-450x600.jpg 450w, https:\/\/cuernavaca.gob.mx\/wp-content\/uploads\/2022\/05\/Inversio\u0301n-histo\u0301rica-en-obras-01-420x560.jpg 420w, https:\/\/cuernavaca.gob.mx\/wp-content\/uploads\/2022\/05\/Inversio\u0301n-histo\u0301rica-en-obras-01.jpg 1200w\" sizes=\"(max-width: 768px) 100vw, 768px\" \/><\/figure>\n\n\n\n<figure class=\"wp-block-image size-large\"><img loading=\"lazy\" width=\"768\" height=\"1024\" data-id=\"11395\"  src=\"https:\/\/cuernavaca.gob.mx\/wp-content\/uploads\/2022\/05\/Inversio\u0301n-histo\u0301rica-en-obras-02-768x1024.jpg\" alt=\"\" class=\"wp-image-11395\" srcset=\"https:\/\/cuernavaca.gob.mx\/wp-content\/uploads\/2022\/05\/Inversio\u0301n-histo\u0301rica-en-obras-02-768x1024.jpg 768w, https:\/\/cuernavaca.gob.mx\/wp-content\/uploads\/2022\/05\/Inversio\u0301n-histo\u0301rica-en-obras-02-225x300.jpg 225w, https:\/\/cuernavaca.gob.mx\/wp-content\/uploads\/2022\/05\/Inversio\u0301n-histo\u0301rica-en-obras-02-1152x1536.jpg 1152w, https:\/\/cuernavaca.gob.mx\/wp-content\/uploads\/2022\/05\/Inversio\u0301n-histo\u0301rica-en-obras-02-450x600.jpg 450w, https:\/\/cuernavaca.gob.mx\/wp-content\/uploads\/2022\/05\/Inversio\u0301n-histo\u0301rica-en-obras-02-420x560.jpg 420w, https:\/\/cuernavaca.gob.mx\/wp-content\/uploads\/2022\/05\/Inversio\u0301n-histo\u0301rica-en-obras-02.jpg 1200w\" sizes=\"(max-width: 768px) 100vw, 768px\" \/><\/figure>\n\n\n\n<figure class=\"wp-block-image size-large\"><img loading=\"lazy\" width=\"1024\" height=\"768\" data-id=\"11396\"  src=\"https:\/\/cuernavaca.gob.mx\/wp-content\/uploads\/2022\/05\/Inversio\u0301n-histo\u0301rica-en-obras-03-1024x768.jpg\" alt=\"\" class=\"wp-image-11396\" srcset=\"https:\/\/cuernavaca.gob.mx\/wp-content\/uploads\/2022\/05\/Inversio\u0301n-histo\u0301rica-en-obras-03-1024x768.jpg 1024w, https:\/\/cuernavaca.gob.mx\/wp-content\/uploads\/2022\/05\/Inversio\u0301n-histo\u0301rica-en-obras-03-300x225.jpg 300w, https:\/\/cuernavaca.gob.mx\/wp-content\/uploads\/2022\/05\/Inversio\u0301n-histo\u0301rica-en-obras-03-768x576.jpg 768w, https:\/\/cuernavaca.gob.mx\/wp-content\/uploads\/2022\/05\/Inversio\u0301n-histo\u0301rica-en-obras-03-1536x1152.jpg 1536w, https:\/\/cuernavaca.gob.mx\/wp-content\/uploads\/2022\/05\/Inversio\u0301n-histo\u0301rica-en-obras-03-600x450.jpg 600w, https:\/\/cuernavaca.gob.mx\/wp-content\/uploads\/2022\/05\/Inversio\u0301n-histo\u0301rica-en-obras-03-560x420.jpg 560w, https:\/\/cuernavaca.gob.mx\/wp-content\/uploads\/2022\/05\/Inversio\u0301n-histo\u0301rica-en-obras-03.jpg 1600w\" sizes=\"(max-width: 1024px) 100vw, 1024px\" \/><\/figure>\n\n\n\n<figure class=\"wp-block-image size-large\"><img loading=\"lazy\" width=\"1024\" height=\"739\" data-id=\"11392\"  src=\"https:\/\/cuernavaca.gob.mx\/wp-content\/uploads\/2022\/05\/Inversio\u0301n-histo\u0301rica-en-obras-04.jpg\" alt=\"\" class=\"wp-image-11392\" srcset=\"https:\/\/cuernavaca.gob.mx\/wp-content\/uploads\/2022\/05\/Inversio\u0301n-histo\u0301rica-en-obras-04.jpg 1024w, https:\/\/cuernavaca.gob.mx\/wp-content\/uploads\/2022\/05\/Inversio\u0301n-histo\u0301rica-en-obras-04-300x217.jpg 300w, https:\/\/cuernavaca.gob.mx\/wp-content\/uploads\/2022\/05\/Inversio\u0301n-histo\u0301rica-en-obras-04-768x554.jpg 768w, https:\/\/cuernavaca.gob.mx\/wp-content\/uploads\/2022\/05\/Inversio\u0301n-histo\u0301rica-en-obras-04-600x433.jpg 600w, https:\/\/cuernavaca.gob.mx\/wp-content\/uploads\/2022\/05\/Inversio\u0301n-histo\u0301rica-en-obras-04-560x404.jpg 560w\" sizes=\"(max-width: 1024px) 100vw, 1024px\" \/><\/figure>\n\n\n\n<figure class=\"wp-block-image size-large\"><img loading=\"lazy\" width=\"1024\" height=\"682\" data-id=\"11391\"  src=\"https:\/\/cuernavaca.gob.mx\/wp-content\/uploads\/2022\/05\/Inversio\u0301n-histo\u0301rica-en-obras-05.jpg\" alt=\"\" class=\"wp-image-11391\" srcset=\"https:\/\/cuernavaca.gob.mx\/wp-content\/uploads\/2022\/05\/Inversio\u0301n-histo\u0301rica-en-obras-05.jpg 1024w, https:\/\/cuernavaca.gob.mx\/wp-content\/uploads\/2022\/05\/Inversio\u0301n-histo\u0301rica-en-obras-05-300x200.jpg 300w, https:\/\/cuernavaca.gob.mx\/wp-content\/uploads\/2022\/05\/Inversio\u0301n-histo\u0301rica-en-obras-05-768x512.jpg 768w, https:\/\/cuernavaca.gob.mx\/wp-content\/uploads\/2022\/05\/Inversio\u0301n-histo\u0301rica-en-obras-05-600x400.jpg 600w, https:\/\/cuernavaca.gob.mx\/wp-content\/uploads\/2022\/05\/Inversio\u0301n-histo\u0301rica-en-obras-05-560x373.jpg 560w\" sizes=\"(max-width: 1024px) 100vw, 1024px\" \/><\/figure>\n\n\n\n<figure class=\"wp-block-image size-large\"><img loading=\"lazy\" width=\"1024\" height=\"682\" data-id=\"11393\"  src=\"https:\/\/cuernavaca.gob.mx\/wp-content\/uploads\/2022\/05\/Inversio\u0301n-histo\u0301rica-en-obras-06-1024x682.jpg\" alt=\"\" class=\"wp-image-11393\" srcset=\"https:\/\/cuernavaca.gob.mx\/wp-content\/uploads\/2022\/05\/Inversio\u0301n-histo\u0301rica-en-obras-06-1024x682.jpg 1024w, https:\/\/cuernavaca.gob.mx\/wp-content\/uploads\/2022\/05\/Inversio\u0301n-histo\u0301rica-en-obras-06-300x200.jpg 300w, https:\/\/cuernavaca.gob.mx\/wp-content\/uploads\/2022\/05\/Inversio\u0301n-histo\u0301rica-en-obras-06-768x512.jpg 768w, https:\/\/cuernavaca.gob.mx\/wp-content\/uploads\/2022\/05\/Inversio\u0301n-histo\u0301rica-en-obras-06-600x400.jpg 600w, https:\/\/cuernavaca.gob.mx\/wp-content\/uploads\/2022\/05\/Inversio\u0301n-histo\u0301rica-en-obras-06-560x373.jpg 560w, https:\/\/cuernavaca.gob.mx\/wp-content\/uploads\/2022\/05\/Inversio\u0301n-histo\u0301rica-en-obras-06.jpg 1280w\" sizes=\"(max-width: 1024px) 100vw, 1024px\" \/><\/figure>\n\n\n\n<figure class=\"wp-block-image size-large\"><img loading=\"lazy\" width=\"1024\" height=\"682\" data-id=\"11397\"  src=\"https:\/\/cuernavaca.gob.mx\/wp-content\/uploads\/2022\/05\/Inversio\u0301n-histo\u0301rica-en-obras-07-1024x682.jpg\" alt=\"\" class=\"wp-image-11397\" srcset=\"https:\/\/cuernavaca.gob.mx\/wp-content\/uploads\/2022\/05\/Inversio\u0301n-histo\u0301rica-en-obras-07-1024x682.jpg 1024w, https:\/\/cuernavaca.gob.mx\/wp-content\/uploads\/2022\/05\/Inversio\u0301n-histo\u0301rica-en-obras-07-300x200.jpg 300w, https:\/\/cuernavaca.gob.mx\/wp-content\/uploads\/2022\/05\/Inversio\u0301n-histo\u0301rica-en-obras-07-768x512.jpg 768w, https:\/\/cuernavaca.gob.mx\/wp-content\/uploads\/2022\/05\/Inversio\u0301n-histo\u0301rica-en-obras-07-600x400.jpg 600w, https:\/\/cuernavaca.gob.mx\/wp-content\/uploads\/2022\/05\/Inversio\u0301n-histo\u0301rica-en-obras-07-560x373.jpg 560w, https:\/\/cuernavaca.gob.mx\/wp-content\/uploads\/2022\/05\/Inversio\u0301n-histo\u0301rica-en-obras-07.jpg 1280w\" sizes=\"(max-width: 1024px) 100vw, 1024px\" \/><\/figure>\n\n\n\n<figure class=\"wp-block-image size-large\"><img loading=\"lazy\" width=\"1024\" height=\"682\" data-id=\"11398\"  src=\"https:\/\/cuernavaca.gob.mx\/wp-content\/uploads\/2022\/05\/Inversio\u0301n-histo\u0301rica-en-obras-08-1024x682.jpg\" alt=\"\" class=\"wp-image-11398\" srcset=\"https:\/\/cuernavaca.gob.mx\/wp-content\/uploads\/2022\/05\/Inversio\u0301n-histo\u0301rica-en-obras-08-1024x682.jpg 1024w, https:\/\/cuernavaca.gob.mx\/wp-content\/uploads\/2022\/05\/Inversio\u0301n-histo\u0301rica-en-obras-08-300x200.jpg 300w, https:\/\/cuernavaca.gob.mx\/wp-content\/uploads\/2022\/05\/Inversio\u0301n-histo\u0301rica-en-obras-08-768x512.jpg 768w, https:\/\/cuernavaca.gob.mx\/wp-content\/uploads\/2022\/05\/Inversio\u0301n-histo\u0301rica-en-obras-08-600x400.jpg 600w, https:\/\/cuernavaca.gob.mx\/wp-content\/uploads\/2022\/05\/Inversio\u0301n-histo\u0301rica-en-obras-08-560x373.jpg 560w, https:\/\/cuernavaca.gob.mx\/wp-content\/uploads\/2022\/05\/Inversio\u0301n-histo\u0301rica-en-obras-08.jpg 1280w\" sizes=\"(max-width: 1024px) 100vw, 1024px\" \/><\/figure>\n<\/figure>\n","protected":false},"excerpt":{"rendered":"<p>El Programa Anual de Obras contempla un total de 56 obras en zonas de atenci\u00f3n prioritaria, 14 con recursos propios y 42 por el FAIS Se invertir\u00e1n 132 millones 882 mil 920 pesos Por primera vez en la historia reciente el municipio de Cuernavaca privilegia la obra p\u00fablica contra gastos superfluos, al invertir 132 millones [&hellip;]<\/p>\n","protected":false},"author":1,"featured_media":11392,"comment_status":"closed","ping_status":"closed","sticky":false,"template":"","format":"standard","meta":[],"categories":[20,18],"tags":[158,317,121,120,356,124,535],"aioseo_notices":[],"_links":{"self":[{"href":"https:\/\/cuernavaca.gob.mx\/index.php?rest_route=\/wp\/v2\/posts\/11390"}],"collection":[{"href":"https:\/\/cuernavaca.gob.mx\/index.php?rest_route=\/wp\/v2\/posts"}],"about":[{"href":"https:\/\/cuernavaca.gob.mx\/index.php?rest_route=\/wp\/v2\/types\/post"}],"author":[{"embeddable":true,"href":"https:\/\/cuernavaca.gob.mx\/index.php?rest_route=\/wp\/v2\/users\/1"}],"replies":[{"embeddable":true,"href":"https:\/\/cuernavaca.gob.mx\/index.php?rest_route=%2Fwp%2Fv2%2Fcomments&post=11390"}],"version-history":[{"count":2,"href":"https:\/\/cuernavaca.gob.mx\/index.php?rest_route=\/wp\/v2\/posts\/11390\/revisions"}],"predecessor-version":[{"id":11455,"href":"https:\/\/cuernavaca.gob.mx\/index.php?rest_route=\/wp\/v2\/posts\/11390\/revisions\/11455"}],"wp:featuredmedia":[{"embeddable":true,"href":"https:\/\/cuernavaca.gob.mx\/index.php?rest_route=\/wp\/v2\/media\/11392"}],"wp:attachment":[{"href":"https:\/\/cuernavaca.gob.mx\/index.php?rest_route=%2Fwp%2Fv2%2Fmedia&parent=11390"}],"wp:term":[{"taxonomy":"category","embeddable":true,"href":"https:\/\/cuernavaca.gob.mx\/index.php?rest_route=%2Fwp%2Fv2%2Fcategories&post=11390"},{"taxonomy":"post_tag","embeddable":true,"href":"https:\/\/cuernavaca.gob.mx\/index.php?rest_route=%2Fwp%2Fv2%2Ftags&post=11390"}],"curies":[{"name":"wp","href":"https:\/\/api.w.org\/{rel}","templated":true}]}}