{"id":11700,"date":"2022-05-25T18:00:00","date_gmt":"2022-05-25T23:00:00","guid":{"rendered":"https:\/\/cuernavaca.gob.mx\/?p=11700"},"modified":"2025-05-06T11:25:10","modified_gmt":"2025-05-06T17:25:10","slug":"ayuntamiento-de-cuernavaca-y-el-issste-se-unen-para-fomentar-la-salud-preventiva-entre-la-poblacion","status":"publish","type":"post","link":"https:\/\/cuernavaca.gob.mx\/?p=11700","title":{"rendered":"Ayuntamiento de Cuernavaca y el ISSSTE se unen para fomentar la salud preventiva entre la poblaci\u00f3n"},"content":{"rendered":"\n<p><strong>El presidente municipal, Jos\u00e9 Luis Uri\u00f3stegui o firm\u00f3 un convenio de colaboraci\u00f3n para sumar a la ciudad al programa \u201cECOS para el Bienestar\u201d<\/strong><\/p>\n\n\n\n<p><strong>Fue en el marco del arranque del programa de servicios \u201cDesde tu Colonia, Cuernavaca Renace\u201d<\/strong><\/p>\n\n\n\n<p>Con la encomienda de que en Cuernavaca nadie se quede atr\u00e1s, el Gobierno Municipal firm\u00f3 un convenio de colaboraci\u00f3n con el Instituto de Seguridad y Servicios Sociales para los Trabajadores del Estado (ISSSTE), a fin de acercar a la poblaci\u00f3n el programa \u201cECOS para el Bienestar\u201d que impulsa un modelo de salud preventivo a trav\u00e9s del fortalecimiento en el trato personal m\u00e9dico-ciudadan\u00eda.<\/p>\n\n\n\n<p>En el marco de la puesta en marcha del programa de servicios, \u201cDesde tu Colonia, Cuernavaca Renace\u201d en la colonia Alta Vista, el presidente municipal, Jos\u00e9 Luis Uri\u00f3stegui Salgado, afirm\u00f3 que este acuerdo es un motivo de celebraci\u00f3n para el municipio, ya que dif\u00edcilmente se generan eventos de esta trascendencia comunitaria, que tienen como prioridad la prevenci\u00f3n, fomentando en los habitantes la concientizaci\u00f3n en el cuidado de la salud y de las enfermedades.<\/p>\n\n\n\n<p>Precis\u00f3 que desde el mes de enero comenzaron a consolidar este convenio, poni\u00e9ndolo en pr\u00e1ctica antes de firmarlo, &#8220;vamos a responder con mucho entusiasmo, vamos a responder a este convenio proponiendo otros lugares donde podamos sumar esfuerzos. La salud de la poblaci\u00f3n es un tema prioritario para esta administraci\u00f3n\u201d.<\/p>\n\n\n\n<p>Tras agradecer la invitaci\u00f3n del alcalde para sumarse a la jornada de servicios, el Jefe de Servicios Comisionado del ISSSTE, Francisco de Paula Rodr\u00edguez Soberanis, destac\u00f3 la disposici\u00f3n de la dependencia federal por colaborar en beneficio de la comunidad, siendo \u00e9sta una de las tantas acciones en las que pueden coadyuvar y operar con las autoridades municipales mediante su capital m\u00e1s importante, el personal de salud.<\/p>\n\n\n\n<p>En este sentido, la subdelegada m\u00e9dica de la representaci\u00f3n estatal del ISSSTE, la doctora, Claudia Romero Garc\u00eda, explic\u00f3 que el programa \u201cECOS para el Bienestar\u201d consiste en llevar la prevenci\u00f3n de la salud y de las enfermedades a todo el municipio, acercando, con este convenio, los servicios de detecci\u00f3n oportuna de diabetes, hipertensi\u00f3n, obesidad, pl\u00e1ticas de salud mental y salud bucal, entre otros, no solo a los derechohabientes, sino a la poblaci\u00f3n en general, como una ayuda mutua para Cuernavaca.<\/p>\n\n\n\n<p>La secretaria de Desarrollo Humano y Participaci\u00f3n Social, Laura Hern\u00e1ndez Cruz, puntualiz\u00f3 que el convenio con el ISSSTE viene a robustecer la labor que est\u00e1n haciendo en la administraci\u00f3n municipal, de dar opciones de vida y de libertad a toda la poblaci\u00f3n, \u201cpara que ninguna de las familias de Cuernavaca se quede atr\u00e1s\u201d.<\/p>\n\n\n\n<p>La firma de convenio se llev\u00f3 a cabo con la presencia de la coordinadora nacional del programa de Equipos Comunitarios del ISSSTE, Judith Garc\u00eda de Alba Verduzco; del secretario del Ayuntamiento, Carlos de la Rosa Segura; de la s\u00edndica municipal, Ver\u00f3nica Atenco P\u00e9rez; as\u00ed como de los regidores Paz Hern\u00e1ndez Pardo, Fernando Carrillo Alvarado, Adri\u00e1n Mart\u00ednez Terrazas, Christian Mishell P\u00e9rez Jaimes, V\u00edctor Hugo Manzo God\u00ednez y Jes\u00fas Tlacaelel Rosales Puebla.<\/p>\n\n\n\n<figure class=\"wp-container-2 wp-block-gallery-1 wp-block-gallery has-nested-images columns-default is-cropped\">\n<figure class=\"wp-block-image size-large\"><img loading=\"lazy\" width=\"1024\" height=\"683\" data-id=\"11705\"  src=\"https:\/\/cuernavaca.gob.mx\/wp-content\/uploads\/2022\/05\/ECOS-para-el-Bienestar-01-1024x683.jpg\" alt=\"\" class=\"wp-image-11705\" srcset=\"https:\/\/cuernavaca.gob.mx\/wp-content\/uploads\/2022\/05\/ECOS-para-el-Bienestar-01-1024x683.jpg 1024w, https:\/\/cuernavaca.gob.mx\/wp-content\/uploads\/2022\/05\/ECOS-para-el-Bienestar-01-300x200.jpg 300w, https:\/\/cuernavaca.gob.mx\/wp-content\/uploads\/2022\/05\/ECOS-para-el-Bienestar-01-768x512.jpg 768w, https:\/\/cuernavaca.gob.mx\/wp-content\/uploads\/2022\/05\/ECOS-para-el-Bienestar-01-1536x1024.jpg 1536w, https:\/\/cuernavaca.gob.mx\/wp-content\/uploads\/2022\/05\/ECOS-para-el-Bienestar-01-600x400.jpg 600w, https:\/\/cuernavaca.gob.mx\/wp-content\/uploads\/2022\/05\/ECOS-para-el-Bienestar-01-560x373.jpg 560w, https:\/\/cuernavaca.gob.mx\/wp-content\/uploads\/2022\/05\/ECOS-para-el-Bienestar-01.jpg 1599w\" sizes=\"(max-width: 1024px) 100vw, 1024px\" \/><\/figure>\n\n\n\n<figure class=\"wp-block-image size-large\"><img loading=\"lazy\" width=\"1024\" height=\"683\" data-id=\"11706\"  src=\"https:\/\/cuernavaca.gob.mx\/wp-content\/uploads\/2022\/05\/ECOS-para-el-Bienestar-02-1024x683.jpg\" alt=\"\" class=\"wp-image-11706\" srcset=\"https:\/\/cuernavaca.gob.mx\/wp-content\/uploads\/2022\/05\/ECOS-para-el-Bienestar-02-1024x683.jpg 1024w, https:\/\/cuernavaca.gob.mx\/wp-content\/uploads\/2022\/05\/ECOS-para-el-Bienestar-02-300x200.jpg 300w, https:\/\/cuernavaca.gob.mx\/wp-content\/uploads\/2022\/05\/ECOS-para-el-Bienestar-02-768x512.jpg 768w, https:\/\/cuernavaca.gob.mx\/wp-content\/uploads\/2022\/05\/ECOS-para-el-Bienestar-02-1536x1024.jpg 1536w, https:\/\/cuernavaca.gob.mx\/wp-content\/uploads\/2022\/05\/ECOS-para-el-Bienestar-02-600x400.jpg 600w, https:\/\/cuernavaca.gob.mx\/wp-content\/uploads\/2022\/05\/ECOS-para-el-Bienestar-02-560x373.jpg 560w, https:\/\/cuernavaca.gob.mx\/wp-content\/uploads\/2022\/05\/ECOS-para-el-Bienestar-02.jpg 1599w\" sizes=\"(max-width: 1024px) 100vw, 1024px\" \/><\/figure>\n\n\n\n<figure class=\"wp-block-image size-large\"><img loading=\"lazy\" width=\"1024\" height=\"682\" data-id=\"11703\"  src=\"https:\/\/cuernavaca.gob.mx\/wp-content\/uploads\/2022\/05\/ECOS-para-el-Bienestar-03-1024x682.jpg\" alt=\"\" class=\"wp-image-11703\" srcset=\"https:\/\/cuernavaca.gob.mx\/wp-content\/uploads\/2022\/05\/ECOS-para-el-Bienestar-03-1024x682.jpg 1024w, https:\/\/cuernavaca.gob.mx\/wp-content\/uploads\/2022\/05\/ECOS-para-el-Bienestar-03-300x200.jpg 300w, https:\/\/cuernavaca.gob.mx\/wp-content\/uploads\/2022\/05\/ECOS-para-el-Bienestar-03-768x512.jpg 768w, https:\/\/cuernavaca.gob.mx\/wp-content\/uploads\/2022\/05\/ECOS-para-el-Bienestar-03-600x400.jpg 600w, https:\/\/cuernavaca.gob.mx\/wp-content\/uploads\/2022\/05\/ECOS-para-el-Bienestar-03-560x373.jpg 560w, https:\/\/cuernavaca.gob.mx\/wp-content\/uploads\/2022\/05\/ECOS-para-el-Bienestar-03.jpg 1280w\" sizes=\"(max-width: 1024px) 100vw, 1024px\" \/><\/figure>\n\n\n\n<figure class=\"wp-block-image size-large\"><img loading=\"lazy\" width=\"1024\" height=\"576\" data-id=\"11704\"  src=\"https:\/\/cuernavaca.gob.mx\/wp-content\/uploads\/2022\/05\/ECOS-para-el-Bienestar-04-1024x576.jpg\" alt=\"\" class=\"wp-image-11704\" srcset=\"https:\/\/cuernavaca.gob.mx\/wp-content\/uploads\/2022\/05\/ECOS-para-el-Bienestar-04-1024x576.jpg 1024w, https:\/\/cuernavaca.gob.mx\/wp-content\/uploads\/2022\/05\/ECOS-para-el-Bienestar-04-300x169.jpg 300w, https:\/\/cuernavaca.gob.mx\/wp-content\/uploads\/2022\/05\/ECOS-para-el-Bienestar-04-768x432.jpg 768w, https:\/\/cuernavaca.gob.mx\/wp-content\/uploads\/2022\/05\/ECOS-para-el-Bienestar-04-600x338.jpg 600w, https:\/\/cuernavaca.gob.mx\/wp-content\/uploads\/2022\/05\/ECOS-para-el-Bienestar-04-560x315.jpg 560w, https:\/\/cuernavaca.gob.mx\/wp-content\/uploads\/2022\/05\/ECOS-para-el-Bienestar-04.jpg 1280w\" sizes=\"(max-width: 1024px) 100vw, 1024px\" \/><\/figure>\n\n\n\n<figure class=\"wp-block-image size-large\"><img loading=\"lazy\" width=\"1024\" height=\"682\" data-id=\"11701\"  src=\"https:\/\/cuernavaca.gob.mx\/wp-content\/uploads\/2022\/05\/ECOS-para-el-Bienestar-05-1024x682.jpg\" alt=\"\" class=\"wp-image-11701\" srcset=\"https:\/\/cuernavaca.gob.mx\/wp-content\/uploads\/2022\/05\/ECOS-para-el-Bienestar-05-1024x682.jpg 1024w, https:\/\/cuernavaca.gob.mx\/wp-content\/uploads\/2022\/05\/ECOS-para-el-Bienestar-05-300x200.jpg 300w, https:\/\/cuernavaca.gob.mx\/wp-content\/uploads\/2022\/05\/ECOS-para-el-Bienestar-05-768x512.jpg 768w, https:\/\/cuernavaca.gob.mx\/wp-content\/uploads\/2022\/05\/ECOS-para-el-Bienestar-05-600x400.jpg 600w, https:\/\/cuernavaca.gob.mx\/wp-content\/uploads\/2022\/05\/ECOS-para-el-Bienestar-05-560x373.jpg 560w, https:\/\/cuernavaca.gob.mx\/wp-content\/uploads\/2022\/05\/ECOS-para-el-Bienestar-05.jpg 1280w\" sizes=\"(max-width: 1024px) 100vw, 1024px\" \/><\/figure>\n\n\n\n<figure class=\"wp-block-image size-large\"><img loading=\"lazy\" width=\"1024\" height=\"682\" data-id=\"11702\"  src=\"https:\/\/cuernavaca.gob.mx\/wp-content\/uploads\/2022\/05\/ECOS-para-el-Bienestar-06-1024x682.jpg\" alt=\"\" class=\"wp-image-11702\" srcset=\"https:\/\/cuernavaca.gob.mx\/wp-content\/uploads\/2022\/05\/ECOS-para-el-Bienestar-06-1024x682.jpg 1024w, https:\/\/cuernavaca.gob.mx\/wp-content\/uploads\/2022\/05\/ECOS-para-el-Bienestar-06-300x200.jpg 300w, https:\/\/cuernavaca.gob.mx\/wp-content\/uploads\/2022\/05\/ECOS-para-el-Bienestar-06-768x512.jpg 768w, https:\/\/cuernavaca.gob.mx\/wp-content\/uploads\/2022\/05\/ECOS-para-el-Bienestar-06-600x400.jpg 600w, https:\/\/cuernavaca.gob.mx\/wp-content\/uploads\/2022\/05\/ECOS-para-el-Bienestar-06-560x373.jpg 560w, https:\/\/cuernavaca.gob.mx\/wp-content\/uploads\/2022\/05\/ECOS-para-el-Bienestar-06.jpg 1280w\" sizes=\"(max-width: 1024px) 100vw, 1024px\" \/><\/figure>\n\n\n\n<figure class=\"wp-block-image size-large\"><img loading=\"lazy\" width=\"1024\" height=\"682\" data-id=\"11709\"  src=\"https:\/\/cuernavaca.gob.mx\/wp-content\/uploads\/2022\/05\/ECOS-para-el-Bienestar-07-1024x682.jpg\" alt=\"\" class=\"wp-image-11709\" srcset=\"https:\/\/cuernavaca.gob.mx\/wp-content\/uploads\/2022\/05\/ECOS-para-el-Bienestar-07-1024x682.jpg 1024w, https:\/\/cuernavaca.gob.mx\/wp-content\/uploads\/2022\/05\/ECOS-para-el-Bienestar-07-300x200.jpg 300w, https:\/\/cuernavaca.gob.mx\/wp-content\/uploads\/2022\/05\/ECOS-para-el-Bienestar-07-768x512.jpg 768w, https:\/\/cuernavaca.gob.mx\/wp-content\/uploads\/2022\/05\/ECOS-para-el-Bienestar-07-600x400.jpg 600w, https:\/\/cuernavaca.gob.mx\/wp-content\/uploads\/2022\/05\/ECOS-para-el-Bienestar-07-560x373.jpg 560w, https:\/\/cuernavaca.gob.mx\/wp-content\/uploads\/2022\/05\/ECOS-para-el-Bienestar-07.jpg 1280w\" sizes=\"(max-width: 1024px) 100vw, 1024px\" \/><\/figure>\n\n\n\n<figure class=\"wp-block-image size-large\"><img loading=\"lazy\" width=\"1024\" height=\"576\" data-id=\"11707\"  src=\"https:\/\/cuernavaca.gob.mx\/wp-content\/uploads\/2022\/05\/ECOS-para-el-Bienestar-08-1024x576.jpg\" alt=\"\" class=\"wp-image-11707\" srcset=\"https:\/\/cuernavaca.gob.mx\/wp-content\/uploads\/2022\/05\/ECOS-para-el-Bienestar-08-1024x576.jpg 1024w, https:\/\/cuernavaca.gob.mx\/wp-content\/uploads\/2022\/05\/ECOS-para-el-Bienestar-08-300x169.jpg 300w, https:\/\/cuernavaca.gob.mx\/wp-content\/uploads\/2022\/05\/ECOS-para-el-Bienestar-08-768x432.jpg 768w, https:\/\/cuernavaca.gob.mx\/wp-content\/uploads\/2022\/05\/ECOS-para-el-Bienestar-08-600x338.jpg 600w, https:\/\/cuernavaca.gob.mx\/wp-content\/uploads\/2022\/05\/ECOS-para-el-Bienestar-08-560x315.jpg 560w, https:\/\/cuernavaca.gob.mx\/wp-content\/uploads\/2022\/05\/ECOS-para-el-Bienestar-08.jpg 1280w\" sizes=\"(max-width: 1024px) 100vw, 1024px\" \/><\/figure>\n\n\n\n<figure class=\"wp-block-image size-large\"><img loading=\"lazy\" width=\"1024\" height=\"576\" data-id=\"11708\"  src=\"https:\/\/cuernavaca.gob.mx\/wp-content\/uploads\/2022\/05\/ECOS-para-el-Bienestar-09-1024x576.jpg\" alt=\"\" class=\"wp-image-11708\" srcset=\"https:\/\/cuernavaca.gob.mx\/wp-content\/uploads\/2022\/05\/ECOS-para-el-Bienestar-09-1024x576.jpg 1024w, https:\/\/cuernavaca.gob.mx\/wp-content\/uploads\/2022\/05\/ECOS-para-el-Bienestar-09-300x169.jpg 300w, https:\/\/cuernavaca.gob.mx\/wp-content\/uploads\/2022\/05\/ECOS-para-el-Bienestar-09-768x432.jpg 768w, https:\/\/cuernavaca.gob.mx\/wp-content\/uploads\/2022\/05\/ECOS-para-el-Bienestar-09-600x338.jpg 600w, https:\/\/cuernavaca.gob.mx\/wp-content\/uploads\/2022\/05\/ECOS-para-el-Bienestar-09-560x315.jpg 560w, https:\/\/cuernavaca.gob.mx\/wp-content\/uploads\/2022\/05\/ECOS-para-el-Bienestar-09.jpg 1280w\" sizes=\"(max-width: 1024px) 100vw, 1024px\" \/><\/figure>\n<\/figure>\n","protected":false},"excerpt":{"rendered":"<p>El presidente municipal, Jos\u00e9 Luis Uri\u00f3stegui o firm\u00f3 un convenio de colaboraci\u00f3n para sumar a la ciudad al programa \u201cECOS para el Bienestar\u201d Fue en el marco del arranque del programa de servicios \u201cDesde tu Colonia, Cuernavaca Renace\u201d Con la encomienda de que en Cuernavaca nadie se quede atr\u00e1s, el Gobierno Municipal firm\u00f3 un convenio [&hellip;]<\/p>\n","protected":false},"author":1,"featured_media":11708,"comment_status":"closed","ping_status":"closed","sticky":false,"template":"","format":"standard","meta":[],"categories":[862,20],"tags":[158,121,944,981,980,979,120,982],"aioseo_notices":[],"_links":{"self":[{"href":"https:\/\/cuernavaca.gob.mx\/index.php?rest_route=\/wp\/v2\/posts\/11700"}],"collection":[{"href":"https:\/\/cuernavaca.gob.mx\/index.php?rest_route=\/wp\/v2\/posts"}],"about":[{"href":"https:\/\/cuernavaca.gob.mx\/index.php?rest_route=\/wp\/v2\/types\/post"}],"author":[{"embeddable":true,"href":"https:\/\/cuernavaca.gob.mx\/index.php?rest_route=\/wp\/v2\/users\/1"}],"replies":[{"embeddable":true,"href":"https:\/\/cuernavaca.gob.mx\/index.php?rest_route=%2Fwp%2Fv2%2Fcomments&post=11700"}],"version-history":[{"count":2,"href":"https:\/\/cuernavaca.gob.mx\/index.php?rest_route=\/wp\/v2\/posts\/11700\/revisions"}],"predecessor-version":[{"id":11711,"href":"https:\/\/cuernavaca.gob.mx\/index.php?rest_route=\/wp\/v2\/posts\/11700\/revisions\/11711"}],"wp:featuredmedia":[{"embeddable":true,"href":"https:\/\/cuernavaca.gob.mx\/index.php?rest_route=\/wp\/v2\/media\/11708"}],"wp:attachment":[{"href":"https:\/\/cuernavaca.gob.mx\/index.php?rest_route=%2Fwp%2Fv2%2Fmedia&parent=11700"}],"wp:term":[{"taxonomy":"category","embeddable":true,"href":"https:\/\/cuernavaca.gob.mx\/index.php?rest_route=%2Fwp%2Fv2%2Fcategories&post=11700"},{"taxonomy":"post_tag","embeddable":true,"href":"https:\/\/cuernavaca.gob.mx\/index.php?rest_route=%2Fwp%2Fv2%2Ftags&post=11700"}],"curies":[{"name":"wp","href":"https:\/\/api.w.org\/{rel}","templated":true}]}}