{"id":11715,"date":"2022-05-25T19:00:00","date_gmt":"2022-05-26T00:00:00","guid":{"rendered":"https:\/\/cuernavaca.gob.mx\/?p=11715"},"modified":"2025-05-06T11:25:10","modified_gmt":"2025-05-06T17:25:10","slug":"con-exito-arranca-el-programa-desde-tu-colonia-cuernavaca-renace","status":"publish","type":"post","link":"https:\/\/cuernavaca.gob.mx\/?p=11715","title":{"rendered":"Con \u00e9xito arranca el programa \u201cDesde tu colonia, Cuernavaca renace\u201d"},"content":{"rendered":"\n<p><strong>Pensando en el bienestar de las familias cuernavacenses el Gobierno Municipal acerca programas y servicios municipales<\/strong><\/p>\n\n\n\n<p><strong>Cada 15 d\u00edas la jornada de servicios estar\u00e1 presente en el territorio municipal, ofreciendo adem\u00e1s servicios de nivel federal<\/strong><\/p>\n\n\n\n<p>Para consolidar la pol\u00edtica de cercan\u00eda, practicidad y proximidad que ha implementado el Gobierno Municipal de Cuernavaca, este mi\u00e9rcoles arranc\u00f3 el programa \u201cDesde tu colonia, Cuernavaca renace\u201d, impulsado por la Secretar\u00eda de Desarrollo Humano y Participaci\u00f3n Social, con el objetivo de llevar a todas las colonias programas y servicios municipales, de salud, actividades f\u00edsicas, culturales y de participaci\u00f3n ciudadana, conociendo de viva voz las necesidades del territorio municipal.<\/p>\n\n\n\n<p>El programa inici\u00f3 en la colonia Alta Vista en la delegaci\u00f3n Plutarco El\u00edas Calles donde habitantes de esta zona de la ciudad y colonias aleda\u00f1as se dieron cita desde muy temprana hora para acceder a cada uno de los servicios totalmente gratuitos, ofreciendo desde corte de cabello y servicios est\u00e9ticos, consulta de medicina general, asesor\u00eda para Pasaporte y Visa, vacunaci\u00f3n de menores de cinco a\u00f1os (esquema completo), m\u00f3dulos de servicios municipales de atenci\u00f3n ciudadana, solicitudes para poda de \u00e1rboles, alumbrado, mantenimiento de panteones y bacheo; as\u00ed como m\u00f3dulos itinerantes de SAPAC y COPLADEMUN para la presentaci\u00f3n de proyectos de desarrollo social.<\/p>\n\n\n\n<p>En este sentido, la secretaria de Desarrollo Humano y Participaci\u00f3n Social, Laura Hern\u00e1ndez Cruz, agradeci\u00f3 la voluntad y decisi\u00f3n del presidente municipal, Jos\u00e9 Luis Uri\u00f3stegui Salgado, de llevar los servicios que ofrece el gobierno a las colonias, contando con \u00e1reas de la administraci\u00f3n central y organismos descentralizados, \u201ccon el esfuerzo en conjunto, con el esfuerzo de todas las instancias municipales vamos a lograr que Cuernavaca renazca\u201d.<\/p>\n\n\n\n<p>Destac\u00f3 que adem\u00e1s se logr\u00f3 consolidar una sinergia de trabajo con dependencias federales, como el Instituto del Fondo Nacional de Vivienda para los Trabajadores (Infonavit) y el Instituto de Seguridad y Servicios Sociales para los Trabajadores del Estado (ISSSTE), que a trav\u00e9s del programa \u201cECOS para el Bienestar\u201d promover\u00e1 la prevenci\u00f3n entre la poblaci\u00f3n.<\/p>\n\n\n\n<p>Entre la misi\u00f3n que tiene el programa \u201cDesde tu colonia, Cuernavaca renace\u201d, se encuentra el impulso de la participaci\u00f3n ciudadana, por lo cual al finalizar cada jornada se llevar\u00e1 a cabo una Asamblea Vecinal para escuchar y conocer las necesidades principales de las colonias que visitar\u00e1n cada 15 d\u00edas, dando seguimiento puntual al cumplimiento de cada una de las peticiones ciudadanas, como parte de la filosof\u00eda de ser un gobierno cercano a la gente.<\/p>\n\n\n\n<p>El banderazo del programa \u201cDesde tu colonia, Cuernavaca renace\u201d estuvo a cargo del alcalde, la secretaria de Desarrollo Humano y Participaci\u00f3n Social, el secretario del Ayuntamiento, Carlos de la Rosa Segura; la s\u00edndica municipal, Ver\u00f3nica Atenco P\u00e9rez; as\u00ed como de los regidores Paz Hern\u00e1ndez Pardo, Fernando Carrillo Alvarado, Adri\u00e1n Mart\u00ednez Terrazas, Christian Mishell P\u00e9rez Jaimes, V\u00edctor Hugo Manzo God\u00ednez y Jes\u00fas Tlacaelel Rosales Puebla.<\/p>\n\n\n\n<p>Hern\u00e1ndez Cruz invit\u00f3 a la poblaci\u00f3n cuernavacense a acercarse a sus delegados y a los Consejos de Participaci\u00f3n Social para saber cu\u00e1ndo estar\u00e1 en su colonia la jornada de servicios, \u201cque, por supuesto tengan la posibilidad de acceder a los servicios p\u00fablicos municipales y a los servicios de salud, que no tengan que ir hasta la sede de Papagayo, sino que nosotros podamos ir al encuentro con ellos y la idea es justo eso, de acercamiento y proximidad&#8221;.<\/p>\n\n\n\n<p>En el evento se cont\u00f3 con la presencia del Secretario Ejecutivo del Consejo Municipal de Seguridad Publica, Marco Olvera Benedicto, el coordinador general del Comit\u00e9 de Planeaci\u00f3n para el Desarrollo Municipal (COPLADEMUN), Luis Enrique Mart\u00ednez Catal\u00e1n, de la titular de la delegaci\u00f3n Plutarco El\u00edas Calles, Ana Mar\u00eda Perete Hern\u00e1ndez; del jefe de Servicios Comisionado del ISSSTE, Francisco de Paula Rodr\u00edguez Soberanis; de la coordinadora nacional del programa de Equipos Comunitarios del ISSSTE, Judith Garc\u00eda de Alba Verduzco; y de la subdelegada m\u00e9dica de la representaci\u00f3n estatal del ISSSTE, la doctora, Claudia Romero Garc\u00eda.<\/p>\n\n\n\n<p><\/p>\n\n\n\n<figure class=\"wp-container-2 wp-block-gallery-1 wp-block-gallery has-nested-images columns-default is-cropped\">\n<figure class=\"wp-block-image size-large\"><img loading=\"lazy\" width=\"1024\" height=\"682\" data-id=\"11719\"  src=\"https:\/\/cuernavaca.gob.mx\/wp-content\/uploads\/2022\/05\/Desde-tu-colonia-Cuernavaca-renace-01-1024x682.jpg\" alt=\"\" class=\"wp-image-11719\" srcset=\"https:\/\/cuernavaca.gob.mx\/wp-content\/uploads\/2022\/05\/Desde-tu-colonia-Cuernavaca-renace-01-1024x682.jpg 1024w, https:\/\/cuernavaca.gob.mx\/wp-content\/uploads\/2022\/05\/Desde-tu-colonia-Cuernavaca-renace-01-300x200.jpg 300w, https:\/\/cuernavaca.gob.mx\/wp-content\/uploads\/2022\/05\/Desde-tu-colonia-Cuernavaca-renace-01-768x512.jpg 768w, https:\/\/cuernavaca.gob.mx\/wp-content\/uploads\/2022\/05\/Desde-tu-colonia-Cuernavaca-renace-01-600x400.jpg 600w, https:\/\/cuernavaca.gob.mx\/wp-content\/uploads\/2022\/05\/Desde-tu-colonia-Cuernavaca-renace-01-560x373.jpg 560w, https:\/\/cuernavaca.gob.mx\/wp-content\/uploads\/2022\/05\/Desde-tu-colonia-Cuernavaca-renace-01.jpg 1280w\" sizes=\"(max-width: 1024px) 100vw, 1024px\" \/><\/figure>\n\n\n\n<figure class=\"wp-block-image size-large\"><img loading=\"lazy\" width=\"1024\" height=\"682\" data-id=\"11720\"  src=\"https:\/\/cuernavaca.gob.mx\/wp-content\/uploads\/2022\/05\/Desde-tu-colonia-Cuernavaca-renace-02-1024x682.jpg\" alt=\"\" class=\"wp-image-11720\" srcset=\"https:\/\/cuernavaca.gob.mx\/wp-content\/uploads\/2022\/05\/Desde-tu-colonia-Cuernavaca-renace-02-1024x682.jpg 1024w, https:\/\/cuernavaca.gob.mx\/wp-content\/uploads\/2022\/05\/Desde-tu-colonia-Cuernavaca-renace-02-300x200.jpg 300w, https:\/\/cuernavaca.gob.mx\/wp-content\/uploads\/2022\/05\/Desde-tu-colonia-Cuernavaca-renace-02-768x512.jpg 768w, https:\/\/cuernavaca.gob.mx\/wp-content\/uploads\/2022\/05\/Desde-tu-colonia-Cuernavaca-renace-02-600x400.jpg 600w, https:\/\/cuernavaca.gob.mx\/wp-content\/uploads\/2022\/05\/Desde-tu-colonia-Cuernavaca-renace-02-560x373.jpg 560w, https:\/\/cuernavaca.gob.mx\/wp-content\/uploads\/2022\/05\/Desde-tu-colonia-Cuernavaca-renace-02.jpg 1280w\" sizes=\"(max-width: 1024px) 100vw, 1024px\" \/><\/figure>\n\n\n\n<figure class=\"wp-block-image size-large\"><img loading=\"lazy\" width=\"1024\" height=\"682\" data-id=\"11717\"  src=\"https:\/\/cuernavaca.gob.mx\/wp-content\/uploads\/2022\/05\/Desde-tu-colonia-Cuernavaca-renace-03-1024x682.jpg\" alt=\"\" class=\"wp-image-11717\" srcset=\"https:\/\/cuernavaca.gob.mx\/wp-content\/uploads\/2022\/05\/Desde-tu-colonia-Cuernavaca-renace-03-1024x682.jpg 1024w, https:\/\/cuernavaca.gob.mx\/wp-content\/uploads\/2022\/05\/Desde-tu-colonia-Cuernavaca-renace-03-300x200.jpg 300w, https:\/\/cuernavaca.gob.mx\/wp-content\/uploads\/2022\/05\/Desde-tu-colonia-Cuernavaca-renace-03-768x512.jpg 768w, https:\/\/cuernavaca.gob.mx\/wp-content\/uploads\/2022\/05\/Desde-tu-colonia-Cuernavaca-renace-03-600x400.jpg 600w, https:\/\/cuernavaca.gob.mx\/wp-content\/uploads\/2022\/05\/Desde-tu-colonia-Cuernavaca-renace-03-560x373.jpg 560w, https:\/\/cuernavaca.gob.mx\/wp-content\/uploads\/2022\/05\/Desde-tu-colonia-Cuernavaca-renace-03.jpg 1280w\" sizes=\"(max-width: 1024px) 100vw, 1024px\" \/><\/figure>\n\n\n\n<figure class=\"wp-block-image size-large\"><img loading=\"lazy\" width=\"1024\" height=\"682\" data-id=\"11721\"  src=\"https:\/\/cuernavaca.gob.mx\/wp-content\/uploads\/2022\/05\/Desde-tu-colonia-Cuernavaca-renace-04-1024x682.jpg\" alt=\"\" class=\"wp-image-11721\" srcset=\"https:\/\/cuernavaca.gob.mx\/wp-content\/uploads\/2022\/05\/Desde-tu-colonia-Cuernavaca-renace-04-1024x682.jpg 1024w, https:\/\/cuernavaca.gob.mx\/wp-content\/uploads\/2022\/05\/Desde-tu-colonia-Cuernavaca-renace-04-300x200.jpg 300w, https:\/\/cuernavaca.gob.mx\/wp-content\/uploads\/2022\/05\/Desde-tu-colonia-Cuernavaca-renace-04-768x512.jpg 768w, https:\/\/cuernavaca.gob.mx\/wp-content\/uploads\/2022\/05\/Desde-tu-colonia-Cuernavaca-renace-04-600x400.jpg 600w, https:\/\/cuernavaca.gob.mx\/wp-content\/uploads\/2022\/05\/Desde-tu-colonia-Cuernavaca-renace-04-560x373.jpg 560w, https:\/\/cuernavaca.gob.mx\/wp-content\/uploads\/2022\/05\/Desde-tu-colonia-Cuernavaca-renace-04.jpg 1280w\" sizes=\"(max-width: 1024px) 100vw, 1024px\" \/><\/figure>\n\n\n\n<figure class=\"wp-block-image size-large\"><img loading=\"lazy\" width=\"1024\" height=\"682\" data-id=\"11716\"  src=\"https:\/\/cuernavaca.gob.mx\/wp-content\/uploads\/2022\/05\/Desde-tu-colonia-Cuernavaca-renace-05-1024x682.jpg\" alt=\"\" class=\"wp-image-11716\" srcset=\"https:\/\/cuernavaca.gob.mx\/wp-content\/uploads\/2022\/05\/Desde-tu-colonia-Cuernavaca-renace-05-1024x682.jpg 1024w, https:\/\/cuernavaca.gob.mx\/wp-content\/uploads\/2022\/05\/Desde-tu-colonia-Cuernavaca-renace-05-300x200.jpg 300w, https:\/\/cuernavaca.gob.mx\/wp-content\/uploads\/2022\/05\/Desde-tu-colonia-Cuernavaca-renace-05-768x512.jpg 768w, https:\/\/cuernavaca.gob.mx\/wp-content\/uploads\/2022\/05\/Desde-tu-colonia-Cuernavaca-renace-05-600x400.jpg 600w, https:\/\/cuernavaca.gob.mx\/wp-content\/uploads\/2022\/05\/Desde-tu-colonia-Cuernavaca-renace-05-560x373.jpg 560w, https:\/\/cuernavaca.gob.mx\/wp-content\/uploads\/2022\/05\/Desde-tu-colonia-Cuernavaca-renace-05.jpg 1280w\" sizes=\"(max-width: 1024px) 100vw, 1024px\" \/><\/figure>\n\n\n\n<figure class=\"wp-block-image size-large\"><img loading=\"lazy\" width=\"1024\" height=\"682\" data-id=\"11718\"  src=\"https:\/\/cuernavaca.gob.mx\/wp-content\/uploads\/2022\/05\/Desde-tu-colonia-Cuernavaca-renace-06-1024x682.jpg\" alt=\"\" class=\"wp-image-11718\" srcset=\"https:\/\/cuernavaca.gob.mx\/wp-content\/uploads\/2022\/05\/Desde-tu-colonia-Cuernavaca-renace-06-1024x682.jpg 1024w, https:\/\/cuernavaca.gob.mx\/wp-content\/uploads\/2022\/05\/Desde-tu-colonia-Cuernavaca-renace-06-300x200.jpg 300w, https:\/\/cuernavaca.gob.mx\/wp-content\/uploads\/2022\/05\/Desde-tu-colonia-Cuernavaca-renace-06-768x512.jpg 768w, https:\/\/cuernavaca.gob.mx\/wp-content\/uploads\/2022\/05\/Desde-tu-colonia-Cuernavaca-renace-06-600x400.jpg 600w, https:\/\/cuernavaca.gob.mx\/wp-content\/uploads\/2022\/05\/Desde-tu-colonia-Cuernavaca-renace-06-560x373.jpg 560w, https:\/\/cuernavaca.gob.mx\/wp-content\/uploads\/2022\/05\/Desde-tu-colonia-Cuernavaca-renace-06.jpg 1280w\" sizes=\"(max-width: 1024px) 100vw, 1024px\" \/><\/figure>\n\n\n\n<figure class=\"wp-block-image size-large\"><img loading=\"lazy\" width=\"1024\" height=\"682\" data-id=\"11722\"  src=\"https:\/\/cuernavaca.gob.mx\/wp-content\/uploads\/2022\/05\/Desde-tu-colonia-Cuernavaca-renace-07-1024x682.jpg\" alt=\"\" class=\"wp-image-11722\" srcset=\"https:\/\/cuernavaca.gob.mx\/wp-content\/uploads\/2022\/05\/Desde-tu-colonia-Cuernavaca-renace-07-1024x682.jpg 1024w, https:\/\/cuernavaca.gob.mx\/wp-content\/uploads\/2022\/05\/Desde-tu-colonia-Cuernavaca-renace-07-300x200.jpg 300w, https:\/\/cuernavaca.gob.mx\/wp-content\/uploads\/2022\/05\/Desde-tu-colonia-Cuernavaca-renace-07-768x512.jpg 768w, https:\/\/cuernavaca.gob.mx\/wp-content\/uploads\/2022\/05\/Desde-tu-colonia-Cuernavaca-renace-07-600x400.jpg 600w, https:\/\/cuernavaca.gob.mx\/wp-content\/uploads\/2022\/05\/Desde-tu-colonia-Cuernavaca-renace-07-560x373.jpg 560w, https:\/\/cuernavaca.gob.mx\/wp-content\/uploads\/2022\/05\/Desde-tu-colonia-Cuernavaca-renace-07.jpg 1280w\" sizes=\"(max-width: 1024px) 100vw, 1024px\" \/><\/figure>\n\n\n\n<figure class=\"wp-block-image size-large\"><img loading=\"lazy\" width=\"1024\" height=\"682\" data-id=\"11723\"  src=\"https:\/\/cuernavaca.gob.mx\/wp-content\/uploads\/2022\/05\/Desde-tu-colonia-Cuernavaca-renace-08-1024x682.jpg\" alt=\"\" class=\"wp-image-11723\" srcset=\"https:\/\/cuernavaca.gob.mx\/wp-content\/uploads\/2022\/05\/Desde-tu-colonia-Cuernavaca-renace-08-1024x682.jpg 1024w, https:\/\/cuernavaca.gob.mx\/wp-content\/uploads\/2022\/05\/Desde-tu-colonia-Cuernavaca-renace-08-300x200.jpg 300w, https:\/\/cuernavaca.gob.mx\/wp-content\/uploads\/2022\/05\/Desde-tu-colonia-Cuernavaca-renace-08-768x512.jpg 768w, https:\/\/cuernavaca.gob.mx\/wp-content\/uploads\/2022\/05\/Desde-tu-colonia-Cuernavaca-renace-08-600x400.jpg 600w, https:\/\/cuernavaca.gob.mx\/wp-content\/uploads\/2022\/05\/Desde-tu-colonia-Cuernavaca-renace-08-560x373.jpg 560w, https:\/\/cuernavaca.gob.mx\/wp-content\/uploads\/2022\/05\/Desde-tu-colonia-Cuernavaca-renace-08.jpg 1280w\" sizes=\"(max-width: 1024px) 100vw, 1024px\" \/><\/figure>\n<\/figure>\n","protected":false},"excerpt":{"rendered":"<p>Pensando en el bienestar de las familias cuernavacenses el Gobierno Municipal acerca programas y servicios municipales Cada 15 d\u00edas la jornada de servicios estar\u00e1 presente en el territorio municipal, ofreciendo adem\u00e1s servicios de nivel federal Para consolidar la pol\u00edtica de cercan\u00eda, practicidad y proximidad que ha implementado el Gobierno Municipal de Cuernavaca, este mi\u00e9rcoles arranc\u00f3 [&hellip;]<\/p>\n","protected":false},"author":1,"featured_media":11723,"comment_status":"closed","ping_status":"closed","sticky":false,"template":"","format":"standard","meta":[],"categories":[862,20],"tags":[121,944,943,983,120,378],"aioseo_notices":[],"_links":{"self":[{"href":"https:\/\/cuernavaca.gob.mx\/index.php?rest_route=\/wp\/v2\/posts\/11715"}],"collection":[{"href":"https:\/\/cuernavaca.gob.mx\/index.php?rest_route=\/wp\/v2\/posts"}],"about":[{"href":"https:\/\/cuernavaca.gob.mx\/index.php?rest_route=\/wp\/v2\/types\/post"}],"author":[{"embeddable":true,"href":"https:\/\/cuernavaca.gob.mx\/index.php?rest_route=\/wp\/v2\/users\/1"}],"replies":[{"embeddable":true,"href":"https:\/\/cuernavaca.gob.mx\/index.php?rest_route=%2Fwp%2Fv2%2Fcomments&post=11715"}],"version-history":[{"count":2,"href":"https:\/\/cuernavaca.gob.mx\/index.php?rest_route=\/wp\/v2\/posts\/11715\/revisions"}],"predecessor-version":[{"id":11725,"href":"https:\/\/cuernavaca.gob.mx\/index.php?rest_route=\/wp\/v2\/posts\/11715\/revisions\/11725"}],"wp:featuredmedia":[{"embeddable":true,"href":"https:\/\/cuernavaca.gob.mx\/index.php?rest_route=\/wp\/v2\/media\/11723"}],"wp:attachment":[{"href":"https:\/\/cuernavaca.gob.mx\/index.php?rest_route=%2Fwp%2Fv2%2Fmedia&parent=11715"}],"wp:term":[{"taxonomy":"category","embeddable":true,"href":"https:\/\/cuernavaca.gob.mx\/index.php?rest_route=%2Fwp%2Fv2%2Fcategories&post=11715"},{"taxonomy":"post_tag","embeddable":true,"href":"https:\/\/cuernavaca.gob.mx\/index.php?rest_route=%2Fwp%2Fv2%2Ftags&post=11715"}],"curies":[{"name":"wp","href":"https:\/\/api.w.org\/{rel}","templated":true}]}}