{"id":11726,"date":"2022-05-26T10:00:00","date_gmt":"2022-05-26T15:00:00","guid":{"rendered":"https:\/\/cuernavaca.gob.mx\/?p=11726"},"modified":"2025-05-06T11:25:10","modified_gmt":"2025-05-06T17:25:10","slug":"estrechan-lazos-institucionales-presidente-del-tsj-y-el-presidente-municipal-de-cuernavaca","status":"publish","type":"post","link":"https:\/\/cuernavaca.gob.mx\/?p=11726","title":{"rendered":"Estrechan lazos institucionales Presidente del TSJ y el Presidente Municipal de Cuernavaca"},"content":{"rendered":"\n<p>Con el fin de impulsar de manera conjunta proyectos de car\u00e1cter institucional, el Magistrado Presidente del Tribunal Superior de Justicia (TSJ), Luis Jorge Gamboa Olea se reuni\u00f3 con el Presidente Municipal de Cuernavaca, Jos\u00e9 Luis Uri\u00f3stegui Salgado.<\/p>\n\n\n\n<p>En el encuentro que se realiz\u00f3 en la sede del Poder Judicial, el Magistrado Presidente y el Presidente Municipal coincidieron en que la suma de esfuerzos de ambas instituciones abonar\u00e1 al fortalecimiento del sistema judicial en beneficio de las y los ciudadanos de la ciudad capital y en general de Morelos.<\/p>\n\n\n\n<figure class=\"wp-container-2 wp-block-gallery-1 wp-block-gallery has-nested-images columns-default is-cropped\">\n<figure class=\"wp-block-image size-large\"><img loading=\"lazy\" width=\"1024\" height=\"682\" data-id=\"11727\"  src=\"https:\/\/cuernavaca.gob.mx\/wp-content\/uploads\/2022\/05\/Presidente-del-TSJ-y-Presidente-de-Cuernavaca-01-1024x682.jpg\" alt=\"\" class=\"wp-image-11727\" srcset=\"https:\/\/cuernavaca.gob.mx\/wp-content\/uploads\/2022\/05\/Presidente-del-TSJ-y-Presidente-de-Cuernavaca-01-1024x682.jpg 1024w, https:\/\/cuernavaca.gob.mx\/wp-content\/uploads\/2022\/05\/Presidente-del-TSJ-y-Presidente-de-Cuernavaca-01-300x200.jpg 300w, https:\/\/cuernavaca.gob.mx\/wp-content\/uploads\/2022\/05\/Presidente-del-TSJ-y-Presidente-de-Cuernavaca-01-768x512.jpg 768w, https:\/\/cuernavaca.gob.mx\/wp-content\/uploads\/2022\/05\/Presidente-del-TSJ-y-Presidente-de-Cuernavaca-01-600x400.jpg 600w, https:\/\/cuernavaca.gob.mx\/wp-content\/uploads\/2022\/05\/Presidente-del-TSJ-y-Presidente-de-Cuernavaca-01-560x373.jpg 560w, https:\/\/cuernavaca.gob.mx\/wp-content\/uploads\/2022\/05\/Presidente-del-TSJ-y-Presidente-de-Cuernavaca-01.jpg 1280w\" sizes=\"(max-width: 1024px) 100vw, 1024px\" \/><\/figure>\n\n\n\n<figure class=\"wp-block-image size-large\"><img loading=\"lazy\" width=\"1024\" height=\"682\" data-id=\"11728\"  src=\"https:\/\/cuernavaca.gob.mx\/wp-content\/uploads\/2022\/05\/Presidente-del-TSJ-y-Presidente-de-Cuernavaca-02-1024x682.jpg\" alt=\"\" class=\"wp-image-11728\" srcset=\"https:\/\/cuernavaca.gob.mx\/wp-content\/uploads\/2022\/05\/Presidente-del-TSJ-y-Presidente-de-Cuernavaca-02-1024x682.jpg 1024w, https:\/\/cuernavaca.gob.mx\/wp-content\/uploads\/2022\/05\/Presidente-del-TSJ-y-Presidente-de-Cuernavaca-02-300x200.jpg 300w, https:\/\/cuernavaca.gob.mx\/wp-content\/uploads\/2022\/05\/Presidente-del-TSJ-y-Presidente-de-Cuernavaca-02-768x512.jpg 768w, https:\/\/cuernavaca.gob.mx\/wp-content\/uploads\/2022\/05\/Presidente-del-TSJ-y-Presidente-de-Cuernavaca-02-600x400.jpg 600w, https:\/\/cuernavaca.gob.mx\/wp-content\/uploads\/2022\/05\/Presidente-del-TSJ-y-Presidente-de-Cuernavaca-02-560x373.jpg 560w, https:\/\/cuernavaca.gob.mx\/wp-content\/uploads\/2022\/05\/Presidente-del-TSJ-y-Presidente-de-Cuernavaca-02.jpg 1280w\" sizes=\"(max-width: 1024px) 100vw, 1024px\" \/><\/figure>\n<\/figure>\n","protected":false},"excerpt":{"rendered":"<p>Con el fin de impulsar de manera conjunta proyectos de car\u00e1cter institucional, el Magistrado Presidente del Tribunal Superior de Justicia (TSJ), Luis Jorge Gamboa Olea se reuni\u00f3 con el Presidente Municipal de Cuernavaca, Jos\u00e9 Luis Uri\u00f3stegui Salgado. En el encuentro que se realiz\u00f3 en la sede del Poder Judicial, el Magistrado Presidente y el Presidente [&hellip;]<\/p>\n","protected":false},"author":1,"featured_media":11728,"comment_status":"closed","ping_status":"closed","sticky":false,"template":"","format":"standard","meta":[],"categories":[20],"tags":[121,120,986,985,984,562],"aioseo_notices":[],"_links":{"self":[{"href":"https:\/\/cuernavaca.gob.mx\/index.php?rest_route=\/wp\/v2\/posts\/11726"}],"collection":[{"href":"https:\/\/cuernavaca.gob.mx\/index.php?rest_route=\/wp\/v2\/posts"}],"about":[{"href":"https:\/\/cuernavaca.gob.mx\/index.php?rest_route=\/wp\/v2\/types\/post"}],"author":[{"embeddable":true,"href":"https:\/\/cuernavaca.gob.mx\/index.php?rest_route=\/wp\/v2\/users\/1"}],"replies":[{"embeddable":true,"href":"https:\/\/cuernavaca.gob.mx\/index.php?rest_route=%2Fwp%2Fv2%2Fcomments&post=11726"}],"version-history":[{"count":2,"href":"https:\/\/cuernavaca.gob.mx\/index.php?rest_route=\/wp\/v2\/posts\/11726\/revisions"}],"predecessor-version":[{"id":11730,"href":"https:\/\/cuernavaca.gob.mx\/index.php?rest_route=\/wp\/v2\/posts\/11726\/revisions\/11730"}],"wp:featuredmedia":[{"embeddable":true,"href":"https:\/\/cuernavaca.gob.mx\/index.php?rest_route=\/wp\/v2\/media\/11728"}],"wp:attachment":[{"href":"https:\/\/cuernavaca.gob.mx\/index.php?rest_route=%2Fwp%2Fv2%2Fmedia&parent=11726"}],"wp:term":[{"taxonomy":"category","embeddable":true,"href":"https:\/\/cuernavaca.gob.mx\/index.php?rest_route=%2Fwp%2Fv2%2Fcategories&post=11726"},{"taxonomy":"post_tag","embeddable":true,"href":"https:\/\/cuernavaca.gob.mx\/index.php?rest_route=%2Fwp%2Fv2%2Ftags&post=11726"}],"curies":[{"name":"wp","href":"https:\/\/api.w.org\/{rel}","templated":true}]}}