{"id":11739,"date":"2022-05-26T14:00:00","date_gmt":"2022-05-26T19:00:00","guid":{"rendered":"https:\/\/cuernavaca.gob.mx\/?p=11739"},"modified":"2025-05-06T11:25:09","modified_gmt":"2025-05-06T17:25:09","slug":"atiende-sapac-a-vecinos-de-la-colonia-los-amates","status":"publish","type":"post","link":"https:\/\/cuernavaca.gob.mx\/?p=11739","title":{"rendered":"Atiende SAPAC a vecinos de la colonia los Amates"},"content":{"rendered":"\n<p>Se busca dar soluci\u00f3n a las constantes fracturas en la red de agua potable.<\/p>\n\n\n\n<p>Dando continuidad con la pol\u00edtica de puertas abiertas, la Directora General del Sistema de Agua Potable y Alcantarillado de Cuernavaca (SAPAC) Evelia Flores Hern\u00e1ndez, atendi\u00f3 a un grupo de vecinos de la colonia Los Amates, para dar soluci\u00f3n a la problem\u00e1tica de constantes fracturas en la red de agua potable.<\/p>\n\n\n\n<p>Reunidos en la sala de juntas del organismo, vecinos de la colonia Los Amates externaron a la titular del SAPAC, su actual problem\u00e1tica, pues explicaron que debido a la fuerte presi\u00f3n de agua en la zona se origina la existencia de rupturas en dicha infraestructura.<\/p>\n\n\n\n<p>Por lo anterior, Evelia Flores, instruy\u00f3 al personal del \u00e1rea t\u00e9cnica y operativa a realizar un recorrido de supervisi\u00f3n por la zona, a fin de conocer las causas de dicha problem\u00e1tica y brindar una pronta soluci\u00f3n.<\/p>\n","protected":false},"excerpt":{"rendered":"<p>Se busca dar soluci\u00f3n a las constantes fracturas en la red de agua potable. Dando continuidad con la pol\u00edtica de puertas abiertas, la Directora General del Sistema de Agua Potable y Alcantarillado de Cuernavaca (SAPAC) Evelia Flores Hern\u00e1ndez, atendi\u00f3 a un grupo de vecinos de la colonia Los Amates, para dar soluci\u00f3n a la problem\u00e1tica [&hellip;]<\/p>\n","protected":false},"author":1,"featured_media":11740,"comment_status":"closed","ping_status":"closed","sticky":false,"template":"","format":"standard","meta":[],"categories":[20,145],"tags":[395,121,120,989,124],"aioseo_notices":[],"_links":{"self":[{"href":"https:\/\/cuernavaca.gob.mx\/index.php?rest_route=\/wp\/v2\/posts\/11739"}],"collection":[{"href":"https:\/\/cuernavaca.gob.mx\/index.php?rest_route=\/wp\/v2\/posts"}],"about":[{"href":"https:\/\/cuernavaca.gob.mx\/index.php?rest_route=\/wp\/v2\/types\/post"}],"author":[{"embeddable":true,"href":"https:\/\/cuernavaca.gob.mx\/index.php?rest_route=\/wp\/v2\/users\/1"}],"replies":[{"embeddable":true,"href":"https:\/\/cuernavaca.gob.mx\/index.php?rest_route=%2Fwp%2Fv2%2Fcomments&post=11739"}],"version-history":[{"count":2,"href":"https:\/\/cuernavaca.gob.mx\/index.php?rest_route=\/wp\/v2\/posts\/11739\/revisions"}],"predecessor-version":[{"id":11742,"href":"https:\/\/cuernavaca.gob.mx\/index.php?rest_route=\/wp\/v2\/posts\/11739\/revisions\/11742"}],"wp:featuredmedia":[{"embeddable":true,"href":"https:\/\/cuernavaca.gob.mx\/index.php?rest_route=\/wp\/v2\/media\/11740"}],"wp:attachment":[{"href":"https:\/\/cuernavaca.gob.mx\/index.php?rest_route=%2Fwp%2Fv2%2Fmedia&parent=11739"}],"wp:term":[{"taxonomy":"category","embeddable":true,"href":"https:\/\/cuernavaca.gob.mx\/index.php?rest_route=%2Fwp%2Fv2%2Fcategories&post=11739"},{"taxonomy":"post_tag","embeddable":true,"href":"https:\/\/cuernavaca.gob.mx\/index.php?rest_route=%2Fwp%2Fv2%2Ftags&post=11739"}],"curies":[{"name":"wp","href":"https:\/\/api.w.org\/{rel}","templated":true}]}}