{"id":12040,"date":"2022-05-31T18:00:00","date_gmt":"2022-05-31T23:00:00","guid":{"rendered":"https:\/\/cuernavaca.gob.mx\/?p=12040"},"modified":"2025-05-06T11:25:40","modified_gmt":"2025-05-06T17:25:40","slug":"firma-convenio-de-colaboracion-gobierno-de-cuernavaca-y-queretaro-para-prevenir-el-extravio-de-personas-con-problemas-de-perdida-de-memoria","status":"publish","type":"post","link":"https:\/\/cuernavaca.gob.mx\/?p=12040","title":{"rendered":"Firma convenio de colaboraci\u00f3n gobierno de Cuernavaca y Quer\u00e9taro para prevenir el extravi\u00f3 de personas con problemas de p\u00e9rdida de memoria"},"content":{"rendered":"\n<p>Para salvaguardar la integridad de los Adultos Mayores y personas con problemas de p\u00e9rdida de memoria, en Cuernavaca se pondr\u00e1 en marcha el programa \u201cDe la Mano por tu Seguridad\u201d<\/p>\n\n\n\n<p>Se dotar\u00e1 de una pulsera o brazalete que a trav\u00e9s de un c\u00f3digo QR incluye toda la informaci\u00f3n de la persona, para que en caso de extrav\u00edo, pueda ser identificada e incorporada a su hogar.<\/p>\n\n\n\n<p>Este programa es el resultado de las gestiones emprendidas por la presidenta del DIF Cuernavaca, Luz Mar\u00eda Zagal, acompa\u00f1ada del director Luis Flores y con el respaldo del alcalde Jos\u00e9 Luis Uri\u00f3stegui Salgado y sobre todo por la buena disposici\u00f3n del gobierno del Municipio de Quer\u00e9taro encabezado por el alcalde Luis Nava.<\/p>\n\n\n\n<figure class=\"wp-container-2 wp-block-gallery-1 wp-block-gallery has-nested-images columns-default is-cropped\">\n<figure class=\"wp-block-image size-large\"><img loading=\"lazy\" width=\"1024\" height=\"682\" data-id=\"12046\"  src=\"https:\/\/cuernavaca.gob.mx\/wp-content\/uploads\/2022\/05\/De-la-Mano-por-tu-Seguridad-01-1024x682.jpg\" alt=\"\" class=\"wp-image-12046\" srcset=\"https:\/\/cuernavaca.gob.mx\/wp-content\/uploads\/2022\/05\/De-la-Mano-por-tu-Seguridad-01-1024x682.jpg 1024w, https:\/\/cuernavaca.gob.mx\/wp-content\/uploads\/2022\/05\/De-la-Mano-por-tu-Seguridad-01-300x200.jpg 300w, https:\/\/cuernavaca.gob.mx\/wp-content\/uploads\/2022\/05\/De-la-Mano-por-tu-Seguridad-01-768x512.jpg 768w, https:\/\/cuernavaca.gob.mx\/wp-content\/uploads\/2022\/05\/De-la-Mano-por-tu-Seguridad-01-600x400.jpg 600w, https:\/\/cuernavaca.gob.mx\/wp-content\/uploads\/2022\/05\/De-la-Mano-por-tu-Seguridad-01-560x373.jpg 560w, https:\/\/cuernavaca.gob.mx\/wp-content\/uploads\/2022\/05\/De-la-Mano-por-tu-Seguridad-01.jpg 1280w\" sizes=\"(max-width: 1024px) 100vw, 1024px\" \/><\/figure>\n\n\n\n<figure class=\"wp-block-image size-large\"><img loading=\"lazy\" width=\"1024\" height=\"682\" data-id=\"12041\"  src=\"https:\/\/cuernavaca.gob.mx\/wp-content\/uploads\/2022\/05\/De-la-Mano-por-tu-Seguridad-02-1024x682.jpg\" alt=\"\" class=\"wp-image-12041\" srcset=\"https:\/\/cuernavaca.gob.mx\/wp-content\/uploads\/2022\/05\/De-la-Mano-por-tu-Seguridad-02-1024x682.jpg 1024w, https:\/\/cuernavaca.gob.mx\/wp-content\/uploads\/2022\/05\/De-la-Mano-por-tu-Seguridad-02-300x200.jpg 300w, https:\/\/cuernavaca.gob.mx\/wp-content\/uploads\/2022\/05\/De-la-Mano-por-tu-Seguridad-02-768x512.jpg 768w, https:\/\/cuernavaca.gob.mx\/wp-content\/uploads\/2022\/05\/De-la-Mano-por-tu-Seguridad-02-600x400.jpg 600w, https:\/\/cuernavaca.gob.mx\/wp-content\/uploads\/2022\/05\/De-la-Mano-por-tu-Seguridad-02-560x373.jpg 560w, https:\/\/cuernavaca.gob.mx\/wp-content\/uploads\/2022\/05\/De-la-Mano-por-tu-Seguridad-02.jpg 1280w\" sizes=\"(max-width: 1024px) 100vw, 1024px\" \/><\/figure>\n\n\n\n<figure class=\"wp-block-image size-large\"><img loading=\"lazy\" width=\"1024\" height=\"682\" data-id=\"12045\"  src=\"https:\/\/cuernavaca.gob.mx\/wp-content\/uploads\/2022\/05\/De-la-Mano-por-tu-Seguridad-03-1024x682.jpg\" alt=\"\" class=\"wp-image-12045\" srcset=\"https:\/\/cuernavaca.gob.mx\/wp-content\/uploads\/2022\/05\/De-la-Mano-por-tu-Seguridad-03-1024x682.jpg 1024w, https:\/\/cuernavaca.gob.mx\/wp-content\/uploads\/2022\/05\/De-la-Mano-por-tu-Seguridad-03-300x200.jpg 300w, https:\/\/cuernavaca.gob.mx\/wp-content\/uploads\/2022\/05\/De-la-Mano-por-tu-Seguridad-03-768x512.jpg 768w, https:\/\/cuernavaca.gob.mx\/wp-content\/uploads\/2022\/05\/De-la-Mano-por-tu-Seguridad-03-600x400.jpg 600w, https:\/\/cuernavaca.gob.mx\/wp-content\/uploads\/2022\/05\/De-la-Mano-por-tu-Seguridad-03-560x373.jpg 560w, https:\/\/cuernavaca.gob.mx\/wp-content\/uploads\/2022\/05\/De-la-Mano-por-tu-Seguridad-03.jpg 1280w\" sizes=\"(max-width: 1024px) 100vw, 1024px\" \/><\/figure>\n\n\n\n<figure class=\"wp-block-image size-large\"><img loading=\"lazy\" width=\"1024\" height=\"682\" data-id=\"12044\"  src=\"https:\/\/cuernavaca.gob.mx\/wp-content\/uploads\/2022\/05\/De-la-Mano-por-tu-Seguridad-04-1024x682.jpg\" alt=\"\" class=\"wp-image-12044\" srcset=\"https:\/\/cuernavaca.gob.mx\/wp-content\/uploads\/2022\/05\/De-la-Mano-por-tu-Seguridad-04-1024x682.jpg 1024w, https:\/\/cuernavaca.gob.mx\/wp-content\/uploads\/2022\/05\/De-la-Mano-por-tu-Seguridad-04-300x200.jpg 300w, https:\/\/cuernavaca.gob.mx\/wp-content\/uploads\/2022\/05\/De-la-Mano-por-tu-Seguridad-04-768x512.jpg 768w, https:\/\/cuernavaca.gob.mx\/wp-content\/uploads\/2022\/05\/De-la-Mano-por-tu-Seguridad-04-600x400.jpg 600w, https:\/\/cuernavaca.gob.mx\/wp-content\/uploads\/2022\/05\/De-la-Mano-por-tu-Seguridad-04-560x373.jpg 560w, https:\/\/cuernavaca.gob.mx\/wp-content\/uploads\/2022\/05\/De-la-Mano-por-tu-Seguridad-04.jpg 1280w\" sizes=\"(max-width: 1024px) 100vw, 1024px\" \/><\/figure>\n\n\n\n<figure class=\"wp-block-image size-large\"><img loading=\"lazy\" width=\"1024\" height=\"576\" data-id=\"12042\"  src=\"https:\/\/cuernavaca.gob.mx\/wp-content\/uploads\/2022\/05\/De-la-Mano-por-tu-Seguridad-05-1024x576.jpg\" alt=\"\" class=\"wp-image-12042\" srcset=\"https:\/\/cuernavaca.gob.mx\/wp-content\/uploads\/2022\/05\/De-la-Mano-por-tu-Seguridad-05-1024x576.jpg 1024w, https:\/\/cuernavaca.gob.mx\/wp-content\/uploads\/2022\/05\/De-la-Mano-por-tu-Seguridad-05-300x169.jpg 300w, https:\/\/cuernavaca.gob.mx\/wp-content\/uploads\/2022\/05\/De-la-Mano-por-tu-Seguridad-05-768x432.jpg 768w, https:\/\/cuernavaca.gob.mx\/wp-content\/uploads\/2022\/05\/De-la-Mano-por-tu-Seguridad-05-600x338.jpg 600w, https:\/\/cuernavaca.gob.mx\/wp-content\/uploads\/2022\/05\/De-la-Mano-por-tu-Seguridad-05-560x315.jpg 560w, https:\/\/cuernavaca.gob.mx\/wp-content\/uploads\/2022\/05\/De-la-Mano-por-tu-Seguridad-05.jpg 1280w\" sizes=\"(max-width: 1024px) 100vw, 1024px\" \/><\/figure>\n\n\n\n<figure class=\"wp-block-image size-large\"><img loading=\"lazy\" width=\"1024\" height=\"682\" data-id=\"12043\"  src=\"https:\/\/cuernavaca.gob.mx\/wp-content\/uploads\/2022\/05\/De-la-Mano-por-tu-Seguridad-06-1024x682.jpg\" alt=\"\" class=\"wp-image-12043\" srcset=\"https:\/\/cuernavaca.gob.mx\/wp-content\/uploads\/2022\/05\/De-la-Mano-por-tu-Seguridad-06-1024x682.jpg 1024w, https:\/\/cuernavaca.gob.mx\/wp-content\/uploads\/2022\/05\/De-la-Mano-por-tu-Seguridad-06-300x200.jpg 300w, https:\/\/cuernavaca.gob.mx\/wp-content\/uploads\/2022\/05\/De-la-Mano-por-tu-Seguridad-06-768x512.jpg 768w, https:\/\/cuernavaca.gob.mx\/wp-content\/uploads\/2022\/05\/De-la-Mano-por-tu-Seguridad-06-600x400.jpg 600w, https:\/\/cuernavaca.gob.mx\/wp-content\/uploads\/2022\/05\/De-la-Mano-por-tu-Seguridad-06-560x373.jpg 560w, https:\/\/cuernavaca.gob.mx\/wp-content\/uploads\/2022\/05\/De-la-Mano-por-tu-Seguridad-06.jpg 1280w\" sizes=\"(max-width: 1024px) 100vw, 1024px\" \/><\/figure>\n<\/figure>\n","protected":false},"excerpt":{"rendered":"<p>Para salvaguardar la integridad de los Adultos Mayores y personas con problemas de p\u00e9rdida de memoria, en Cuernavaca se pondr\u00e1 en marcha el programa \u201cDe la Mano por tu Seguridad\u201d Se dotar\u00e1 de una pulsera o brazalete que a trav\u00e9s de un c\u00f3digo QR incluye toda la informaci\u00f3n de la persona, para que en caso [&hellip;]<\/p>\n","protected":false},"author":1,"featured_media":12043,"comment_status":"closed","ping_status":"closed","sticky":false,"template":"","format":"standard","meta":[],"categories":[16,20],"tags":[520,121,132,120,133,125],"aioseo_notices":[],"_links":{"self":[{"href":"https:\/\/cuernavaca.gob.mx\/index.php?rest_route=\/wp\/v2\/posts\/12040"}],"collection":[{"href":"https:\/\/cuernavaca.gob.mx\/index.php?rest_route=\/wp\/v2\/posts"}],"about":[{"href":"https:\/\/cuernavaca.gob.mx\/index.php?rest_route=\/wp\/v2\/types\/post"}],"author":[{"embeddable":true,"href":"https:\/\/cuernavaca.gob.mx\/index.php?rest_route=\/wp\/v2\/users\/1"}],"replies":[{"embeddable":true,"href":"https:\/\/cuernavaca.gob.mx\/index.php?rest_route=%2Fwp%2Fv2%2Fcomments&post=12040"}],"version-history":[{"count":2,"href":"https:\/\/cuernavaca.gob.mx\/index.php?rest_route=\/wp\/v2\/posts\/12040\/revisions"}],"predecessor-version":[{"id":12048,"href":"https:\/\/cuernavaca.gob.mx\/index.php?rest_route=\/wp\/v2\/posts\/12040\/revisions\/12048"}],"wp:featuredmedia":[{"embeddable":true,"href":"https:\/\/cuernavaca.gob.mx\/index.php?rest_route=\/wp\/v2\/media\/12043"}],"wp:attachment":[{"href":"https:\/\/cuernavaca.gob.mx\/index.php?rest_route=%2Fwp%2Fv2%2Fmedia&parent=12040"}],"wp:term":[{"taxonomy":"category","embeddable":true,"href":"https:\/\/cuernavaca.gob.mx\/index.php?rest_route=%2Fwp%2Fv2%2Fcategories&post=12040"},{"taxonomy":"post_tag","embeddable":true,"href":"https:\/\/cuernavaca.gob.mx\/index.php?rest_route=%2Fwp%2Fv2%2Ftags&post=12040"}],"curies":[{"name":"wp","href":"https:\/\/api.w.org\/{rel}","templated":true}]}}