{"id":12052,"date":"2022-06-01T09:00:00","date_gmt":"2022-06-01T14:00:00","guid":{"rendered":"https:\/\/cuernavaca.gob.mx\/?p=12052"},"modified":"2025-05-06T11:25:40","modified_gmt":"2025-05-06T17:25:40","slug":"comunicado-seprac-1-de-junio-2022","status":"publish","type":"post","link":"https:\/\/cuernavaca.gob.mx\/?p=12052","title":{"rendered":"Comunicado &#8211; SEPRAC 1 de junio 2022"},"content":{"rendered":"\n<p><strong>En relaci\u00f3n al hecho de transito registrado el pasado lunes 30 de mayo del a\u00f1o en curso a las 23:36 horas, se informa:<\/strong><\/p>\n\n\n\n<p>\u2022 Que, derivado de la atenci\u00f3n a un auxilio de emergencia la unidad 1898 patrulla marca Dodge, tipo Ram, color azul de la polic\u00eda preventiva de la SEPRAC, se vio involucrada en un hecho de tr\u00e1nsito al impactarse con un autom\u00f3vil particular veh\u00edculo Volkswagen Jetta color azul, modelo 2016, con placas del estado de Morelos en el cruce de Avenida Morelos Norte con calle Ocampo Poniente de la colonia La Esperanza.<\/p>\n\n\n\n<p>\u2022 Resultado del accidente result\u00f3 con lesiones la oficial Azucena \u201cN\u201d quien fue trasladada al Hospital Bicentenario del ISSSTE en el municipio de Emiliano Zapata para su atenci\u00f3n y valoraci\u00f3n, report\u00e1ndose estable y fuera de peligro por las lesiones presentadas; en el lugar de los hechos fue atendida la conductora del auto particular Er\u00e9ndira \u201cN\u201d, sin que requiriera de su traslado a un centro hospitalario.<\/p>\n\n\n\n<p>\u2022 Al sitio se reportaron los representantes de las empresas de seguros para el procedimiento correspondiente de atenci\u00f3n a las personas y unidades involucradas, valorar los da\u00f1os y el retiro posteriormente de los veh\u00edculos en gr\u00faas.<\/p>\n\n\n\n<p>\u2022 Cabe precisar que la SEPRAC atender\u00e1 de manera puntual lo que en responsabilidad se determine consecuencia de este accidente, apoyando a la conductora del auto particular impactado tal y como qued\u00f3 establecido con las aseguradoras.<\/p>\n\n\n\n<p>\u2022 Tambi\u00e9n es importante referir que la unidad 1898 patrulla marca Dodge, tipo Ram, color azul de la polic\u00eda preventiva, no pertenece a las 10 nuevas unidades que el lunes 30 de mayo se entregaron por parte de autoridades del Ayuntamiento de Cuernavaca para reforzar la prevenci\u00f3n y seguridad de la ciudad.<\/p>\n","protected":false},"excerpt":{"rendered":"<p>En relaci\u00f3n al hecho de transito registrado el pasado lunes 30 de mayo del a\u00f1o en curso a las 23:36 horas, se informa: \u2022 Que, derivado de la atenci\u00f3n a un auxilio de emergencia la unidad 1898 patrulla marca Dodge, tipo Ram, color azul de la polic\u00eda preventiva de la SEPRAC, se vio involucrada en [&hellip;]<\/p>\n","protected":false},"author":1,"featured_media":8604,"comment_status":"closed","ping_status":"closed","sticky":false,"template":"","format":"standard","meta":[],"categories":[20,17],"tags":[1060,121,120,252,143],"aioseo_notices":[],"_links":{"self":[{"href":"https:\/\/cuernavaca.gob.mx\/index.php?rest_route=\/wp\/v2\/posts\/12052"}],"collection":[{"href":"https:\/\/cuernavaca.gob.mx\/index.php?rest_route=\/wp\/v2\/posts"}],"about":[{"href":"https:\/\/cuernavaca.gob.mx\/index.php?rest_route=\/wp\/v2\/types\/post"}],"author":[{"embeddable":true,"href":"https:\/\/cuernavaca.gob.mx\/index.php?rest_route=\/wp\/v2\/users\/1"}],"replies":[{"embeddable":true,"href":"https:\/\/cuernavaca.gob.mx\/index.php?rest_route=%2Fwp%2Fv2%2Fcomments&post=12052"}],"version-history":[{"count":1,"href":"https:\/\/cuernavaca.gob.mx\/index.php?rest_route=\/wp\/v2\/posts\/12052\/revisions"}],"predecessor-version":[{"id":12053,"href":"https:\/\/cuernavaca.gob.mx\/index.php?rest_route=\/wp\/v2\/posts\/12052\/revisions\/12053"}],"wp:featuredmedia":[{"embeddable":true,"href":"https:\/\/cuernavaca.gob.mx\/index.php?rest_route=\/wp\/v2\/media\/8604"}],"wp:attachment":[{"href":"https:\/\/cuernavaca.gob.mx\/index.php?rest_route=%2Fwp%2Fv2%2Fmedia&parent=12052"}],"wp:term":[{"taxonomy":"category","embeddable":true,"href":"https:\/\/cuernavaca.gob.mx\/index.php?rest_route=%2Fwp%2Fv2%2Fcategories&post=12052"},{"taxonomy":"post_tag","embeddable":true,"href":"https:\/\/cuernavaca.gob.mx\/index.php?rest_route=%2Fwp%2Fv2%2Ftags&post=12052"}],"curies":[{"name":"wp","href":"https:\/\/api.w.org\/{rel}","templated":true}]}}