{"id":12076,"date":"2022-06-01T16:00:25","date_gmt":"2022-06-01T21:00:25","guid":{"rendered":"https:\/\/cuernavaca.gob.mx\/?p=12076"},"modified":"2025-05-06T11:25:39","modified_gmt":"2025-05-06T17:25:39","slug":"formalizan-inah-uaem-y-ayuntamiento-acuerdo-para-gestionar-declaratoria-de-la-zona-de-monumentos-para-cuernavaca","status":"publish","type":"post","link":"https:\/\/cuernavaca.gob.mx\/?p=12076","title":{"rendered":"Formalizan INAH, UAEM y Ayuntamiento acuerdo para gestionar declaratoria de la zona de monumentos para Cuernavaca"},"content":{"rendered":"\n<p><strong>El prop\u00f3sito es lograr la integraci\u00f3n del expediente t\u00e9cnico que permita gestionar el reconocimiento que otorga el Gobierno Federal<\/strong><\/p>\n\n\n\n<p><strong>Se contempla la integraci\u00f3n de una Comisi\u00f3n Operativa para dar seguimiento a los compromisos y lograr el reconocimiento la Declaratoria<\/strong><\/p>\n\n\n\n<p>El Instituto Nacional de Antropolog\u00eda e Historia (INAH), la Universidad Aut\u00f3noma del Estado de Morelos (UAEM) y el Ayuntamiento de Cuernavaca formalizaron este mi\u00e9rcoles la firma de las Bases de Colaboraci\u00f3n para llevar a cabo de manera conjunta y coordinada las acciones que permitan una prospecci\u00f3n-estudio para valorar la posibilidad de integrar el expediente t\u00e9cnico que permita gestionar el reconocimiento a nivel federal de la Declaratoria de la Zona de Monumentos para la Ciudad de Cuernavaca.<\/p>\n\n\n\n<p>Teniendo como escenario el interior del Museo Cuauhn\u00e1huac, mejor conocido como Palacio de Cort\u00e9s, este acto protocolario se desarroll\u00f3 con la participaci\u00f3n de V\u00edctor Hugo Valencia Varela, director del Centro INAH-Morelos, el rector de la UAEM, Gustavo Urquiza Beltr\u00e1n, de los directores de la Facultad de Arquitectura, Adolfo Sald\u00edvar Cazalez, de la Escuela de Turismo, Gerardo Gama Hern\u00e1ndez, y el presidente municipal de Cuernavaca, Jos\u00e9 Luis Uri\u00f3stegui Salgado, firmantes e impulsores de un trabajo de actualizaci\u00f3n de la ficha del Cat\u00e1logo de Monumentos Hist\u00f3ricos de los inmuebles que se circunscriben dentro de la poligonal que se ha propuesto integre el Centro Hist\u00f3rico.<\/p>\n\n\n\n<p>El director del Centro INAH-Morelos, V\u00edctor Hugo Valencia, a manera de contexto refiri\u00f3 que, dentro de los avances ya registrados en este proceso para sustentar la petici\u00f3n de la Declaratoria de la Zona de Monumentos para la Ciudad de Cuernavaca, se tiene un registro de 138 inmuebles de la poligonal que conforma el Centro Hist\u00f3rico, que abarca desde la Zona de El Calvario hasta la calle Cuauhtemotzin, previamente delineada por los especialistas del INAH.<\/p>\n\n\n\n<p>Al respecto, Jos\u00e9 Luis Uri\u00f3stegui acot\u00f3 que \u201cNo es un trabajo nuevo, es un trabajo que data de m\u00e1s de 10 a\u00f1os y el reconocimiento es para el antrop\u00f3logo V\u00edctor Hugo Valencia, quien desde el INAH ha sido impulsor de lograr la obtenci\u00f3n de la Declaratoria de la Zona de Monumentos para la Ciudad de Cuernavaca, y a nosotros por contagio de entusiasmo de inmediato nos acercamos para que se contin\u00fae con esta gesti\u00f3n\u201d.<\/p>\n\n\n\n<p>En presencia de regidoras, regidores y del secretario del Ayuntamiento de Cuernavaca, el presidente municipal se\u00f1al\u00f3 que el trabajo que se hace desde el Ayuntamiento se suma a los esfuerzos para crear un corredor cultural que integre otros atractivos adem\u00e1s de los museos, inmuebles y sitios hist\u00f3ricos que est\u00e1n bajo resguardo de la UAEM, el INAH, el Gobierno del Estado y del propio Ayuntamiento.<\/p>\n\n\n\n<p>En este acuerdo firmado, se destaca la capacitaci\u00f3n y asesor\u00eda t\u00e9cnica impartida a estudiantes de la Facultad de Arquitectura y de la Escuela de Turismo de la UAEM, que son quienes participan en los trabajos de campo y gabinete para la actualizaci\u00f3n del cat\u00e1logo de monumentos hist\u00f3ricos, realizando visitas domiciliarias para obtener datos t\u00e9cnicos de los inmuebles de esta poligonal.<\/p>\n\n\n\n<p>Para lograr este prop\u00f3sito, el Ayuntamiento har\u00e1 la labor de gestionar las acciones para que los propietarios o poseedores de los inmuebles hist\u00f3ricos, otorguen el permiso para que los estudiantes de la UAEM debidamente acreditados, hagan las visitas domiciliarias para el levantamiento de la informaci\u00f3n t\u00e9cnica, que adem\u00e1s contempla trabajos de levantamientos topogr\u00e1ficos, arquitect\u00f3nicos y fotogr\u00e1ficos, seg\u00fan se requiera, para lo cual el rector Gustavo Urquiza refrend\u00f3 su apoyo y acompa\u00f1amiento para el cumplimiento de esta labor a los alumnos desde la m\u00e1xima casas de estudios.<\/p>\n\n\n\n<p>En el documento firmado por el Centro INAH Morelos, la UAEM y el Ayuntamiento de Cuernavaca, se contempla la integraci\u00f3n de una Comisi\u00f3n Operativa para dar seguimiento a los compromisos y lograr el reconocimiento la Declaratoria de la Zona de Monumentos para la Ciudad de Cuernavaca; esta Comisi\u00f3n Operativa estar\u00e1 integrada por Fernando Duarte Soriano, jefe del Departamento de Monumentos Hist\u00f3ricos y Alma Rosa Cienfuegos Dom\u00ednguez, jefa del Departamento de Tr\u00e1mites y Servicios Legales del INAH.<\/p>\n\n\n\n<p>Por parte del Ayuntamiento, Alejandro Rosas L\u00f3pez, Secretario de Desarrollo Urbano y Obras P\u00fablicas y Fernando Streber Montagne, director de Predial y Catastro del municipio; en tanto que, por parte de la UAEM, se integra Adolfo Sald\u00edvar C\u00e1zales, director de la Facultad de Arquitectura y Gerardo Gama Hern\u00e1ndez, director de la Escuela de Turismo, quienes junto con todos los miembros de la Comisi\u00f3n Operativa se reunir\u00e1n peri\u00f3dicamente para informar de resultados y avances.<\/p>\n\n\n\n<p>Finalmente, Jos\u00e9 Luis Uri\u00f3stegui dijo que de lo que se trata es que tanto habitantes como el turismo que llega a la ciudad en un futuro inmediato, dediquen dos o tres d\u00edas para redescubrir la oferta cultural e hist\u00f3rica de lo hay en Cuernavaca, que va de la mano con la hospitalidad de los que residen en el municipio, \u201cporque el valor de la ciudad est\u00e1 en su gente, y somos un pueblo que es amable por naturaleza, es c\u00e1lido y un gran anfitri\u00f3n y todo eso est\u00e1 alrededor de una Declaratoria de Centro Hist\u00f3rico\u201d concluy\u00f3.<\/p>\n\n\n\n<figure class=\"wp-container-2 wp-block-gallery-1 wp-block-gallery has-nested-images columns-default is-cropped\">\n<figure class=\"wp-block-image size-large\"><img loading=\"lazy\" width=\"1024\" height=\"576\" data-id=\"12078\"  src=\"https:\/\/cuernavaca.gob.mx\/wp-content\/uploads\/2022\/06\/Convenio-INAH-y-UAEM-01-1024x576.jpg\" alt=\"\" class=\"wp-image-12078\" srcset=\"https:\/\/cuernavaca.gob.mx\/wp-content\/uploads\/2022\/06\/Convenio-INAH-y-UAEM-01-1024x576.jpg 1024w, https:\/\/cuernavaca.gob.mx\/wp-content\/uploads\/2022\/06\/Convenio-INAH-y-UAEM-01-300x169.jpg 300w, https:\/\/cuernavaca.gob.mx\/wp-content\/uploads\/2022\/06\/Convenio-INAH-y-UAEM-01-768x432.jpg 768w, https:\/\/cuernavaca.gob.mx\/wp-content\/uploads\/2022\/06\/Convenio-INAH-y-UAEM-01-600x338.jpg 600w, https:\/\/cuernavaca.gob.mx\/wp-content\/uploads\/2022\/06\/Convenio-INAH-y-UAEM-01-560x315.jpg 560w, https:\/\/cuernavaca.gob.mx\/wp-content\/uploads\/2022\/06\/Convenio-INAH-y-UAEM-01.jpg 1280w\" sizes=\"(max-width: 1024px) 100vw, 1024px\" \/><\/figure>\n\n\n\n<figure class=\"wp-block-image size-large\"><img loading=\"lazy\" width=\"1024\" height=\"682\" data-id=\"12077\"  src=\"https:\/\/cuernavaca.gob.mx\/wp-content\/uploads\/2022\/06\/Convenio-INAH-y-UAEM-02-1024x682.jpg\" alt=\"\" class=\"wp-image-12077\" srcset=\"https:\/\/cuernavaca.gob.mx\/wp-content\/uploads\/2022\/06\/Convenio-INAH-y-UAEM-02-1024x682.jpg 1024w, https:\/\/cuernavaca.gob.mx\/wp-content\/uploads\/2022\/06\/Convenio-INAH-y-UAEM-02-300x200.jpg 300w, https:\/\/cuernavaca.gob.mx\/wp-content\/uploads\/2022\/06\/Convenio-INAH-y-UAEM-02-768x512.jpg 768w, https:\/\/cuernavaca.gob.mx\/wp-content\/uploads\/2022\/06\/Convenio-INAH-y-UAEM-02-600x400.jpg 600w, https:\/\/cuernavaca.gob.mx\/wp-content\/uploads\/2022\/06\/Convenio-INAH-y-UAEM-02-560x373.jpg 560w, https:\/\/cuernavaca.gob.mx\/wp-content\/uploads\/2022\/06\/Convenio-INAH-y-UAEM-02.jpg 1280w\" sizes=\"(max-width: 1024px) 100vw, 1024px\" \/><\/figure>\n\n\n\n<figure class=\"wp-block-image size-large\"><img loading=\"lazy\" width=\"1024\" height=\"682\" data-id=\"12081\"  src=\"https:\/\/cuernavaca.gob.mx\/wp-content\/uploads\/2022\/06\/Convenio-INAH-y-UAEM-03-1024x682.jpg\" alt=\"\" class=\"wp-image-12081\" srcset=\"https:\/\/cuernavaca.gob.mx\/wp-content\/uploads\/2022\/06\/Convenio-INAH-y-UAEM-03-1024x682.jpg 1024w, https:\/\/cuernavaca.gob.mx\/wp-content\/uploads\/2022\/06\/Convenio-INAH-y-UAEM-03-300x200.jpg 300w, https:\/\/cuernavaca.gob.mx\/wp-content\/uploads\/2022\/06\/Convenio-INAH-y-UAEM-03-768x511.jpg 768w, https:\/\/cuernavaca.gob.mx\/wp-content\/uploads\/2022\/06\/Convenio-INAH-y-UAEM-03-600x399.jpg 600w, https:\/\/cuernavaca.gob.mx\/wp-content\/uploads\/2022\/06\/Convenio-INAH-y-UAEM-03-560x373.jpg 560w, https:\/\/cuernavaca.gob.mx\/wp-content\/uploads\/2022\/06\/Convenio-INAH-y-UAEM-03.jpg 1280w\" sizes=\"(max-width: 1024px) 100vw, 1024px\" \/><\/figure>\n\n\n\n<figure class=\"wp-block-image size-large\"><img loading=\"lazy\" width=\"1024\" height=\"682\" data-id=\"12082\"  src=\"https:\/\/cuernavaca.gob.mx\/wp-content\/uploads\/2022\/06\/Convenio-INAH-y-UAEM-05-1024x682.jpg\" alt=\"\" class=\"wp-image-12082\" srcset=\"https:\/\/cuernavaca.gob.mx\/wp-content\/uploads\/2022\/06\/Convenio-INAH-y-UAEM-05-1024x682.jpg 1024w, https:\/\/cuernavaca.gob.mx\/wp-content\/uploads\/2022\/06\/Convenio-INAH-y-UAEM-05-300x200.jpg 300w, https:\/\/cuernavaca.gob.mx\/wp-content\/uploads\/2022\/06\/Convenio-INAH-y-UAEM-05-768x512.jpg 768w, https:\/\/cuernavaca.gob.mx\/wp-content\/uploads\/2022\/06\/Convenio-INAH-y-UAEM-05-600x400.jpg 600w, https:\/\/cuernavaca.gob.mx\/wp-content\/uploads\/2022\/06\/Convenio-INAH-y-UAEM-05-560x373.jpg 560w, https:\/\/cuernavaca.gob.mx\/wp-content\/uploads\/2022\/06\/Convenio-INAH-y-UAEM-05.jpg 1280w\" sizes=\"(max-width: 1024px) 100vw, 1024px\" \/><\/figure>\n\n\n\n<figure class=\"wp-block-image size-large\"><img loading=\"lazy\" width=\"1024\" height=\"576\" data-id=\"12080\"  src=\"https:\/\/cuernavaca.gob.mx\/wp-content\/uploads\/2022\/06\/Convenio-INAH-y-UAEM-06-1024x576.jpg\" alt=\"\" class=\"wp-image-12080\" srcset=\"https:\/\/cuernavaca.gob.mx\/wp-content\/uploads\/2022\/06\/Convenio-INAH-y-UAEM-06-1024x576.jpg 1024w, https:\/\/cuernavaca.gob.mx\/wp-content\/uploads\/2022\/06\/Convenio-INAH-y-UAEM-06-300x169.jpg 300w, https:\/\/cuernavaca.gob.mx\/wp-content\/uploads\/2022\/06\/Convenio-INAH-y-UAEM-06-768x432.jpg 768w, https:\/\/cuernavaca.gob.mx\/wp-content\/uploads\/2022\/06\/Convenio-INAH-y-UAEM-06-600x338.jpg 600w, https:\/\/cuernavaca.gob.mx\/wp-content\/uploads\/2022\/06\/Convenio-INAH-y-UAEM-06-560x315.jpg 560w, https:\/\/cuernavaca.gob.mx\/wp-content\/uploads\/2022\/06\/Convenio-INAH-y-UAEM-06.jpg 1280w\" sizes=\"(max-width: 1024px) 100vw, 1024px\" \/><\/figure>\n\n\n\n<figure class=\"wp-block-image size-large\"><img loading=\"lazy\" width=\"1024\" height=\"682\" data-id=\"12083\"  src=\"https:\/\/cuernavaca.gob.mx\/wp-content\/uploads\/2022\/06\/Convenio-INAH-y-UAEM-07-1024x682.jpg\" alt=\"\" class=\"wp-image-12083\" srcset=\"https:\/\/cuernavaca.gob.mx\/wp-content\/uploads\/2022\/06\/Convenio-INAH-y-UAEM-07-1024x682.jpg 1024w, https:\/\/cuernavaca.gob.mx\/wp-content\/uploads\/2022\/06\/Convenio-INAH-y-UAEM-07-300x200.jpg 300w, https:\/\/cuernavaca.gob.mx\/wp-content\/uploads\/2022\/06\/Convenio-INAH-y-UAEM-07-768x512.jpg 768w, https:\/\/cuernavaca.gob.mx\/wp-content\/uploads\/2022\/06\/Convenio-INAH-y-UAEM-07-600x400.jpg 600w, https:\/\/cuernavaca.gob.mx\/wp-content\/uploads\/2022\/06\/Convenio-INAH-y-UAEM-07-560x373.jpg 560w, https:\/\/cuernavaca.gob.mx\/wp-content\/uploads\/2022\/06\/Convenio-INAH-y-UAEM-07.jpg 1280w\" sizes=\"(max-width: 1024px) 100vw, 1024px\" \/><\/figure>\n\n\n\n<figure class=\"wp-block-image size-large\"><img loading=\"lazy\" width=\"1024\" height=\"682\" data-id=\"12079\"  src=\"https:\/\/cuernavaca.gob.mx\/wp-content\/uploads\/2022\/06\/Convenio-INAH-y-UAEM-04-1024x682.jpg\" alt=\"\" class=\"wp-image-12079\" srcset=\"https:\/\/cuernavaca.gob.mx\/wp-content\/uploads\/2022\/06\/Convenio-INAH-y-UAEM-04-1024x682.jpg 1024w, https:\/\/cuernavaca.gob.mx\/wp-content\/uploads\/2022\/06\/Convenio-INAH-y-UAEM-04-300x200.jpg 300w, https:\/\/cuernavaca.gob.mx\/wp-content\/uploads\/2022\/06\/Convenio-INAH-y-UAEM-04-768x512.jpg 768w, https:\/\/cuernavaca.gob.mx\/wp-content\/uploads\/2022\/06\/Convenio-INAH-y-UAEM-04-600x400.jpg 600w, https:\/\/cuernavaca.gob.mx\/wp-content\/uploads\/2022\/06\/Convenio-INAH-y-UAEM-04-560x373.jpg 560w, https:\/\/cuernavaca.gob.mx\/wp-content\/uploads\/2022\/06\/Convenio-INAH-y-UAEM-04.jpg 1280w\" sizes=\"(max-width: 1024px) 100vw, 1024px\" \/><\/figure>\n<\/figure>\n","protected":false},"excerpt":{"rendered":"<p>El prop\u00f3sito es lograr la integraci\u00f3n del expediente t\u00e9cnico que permita gestionar el reconocimiento que otorga el Gobierno Federal Se contempla la integraci\u00f3n de una Comisi\u00f3n Operativa para dar seguimiento a los compromisos y lograr el reconocimiento la Declaratoria El Instituto Nacional de Antropolog\u00eda e Historia (INAH), la Universidad Aut\u00f3noma del Estado de Morelos (UAEM) [&hellip;]<\/p>\n","protected":false},"author":1,"featured_media":12081,"comment_status":"closed","ping_status":"closed","sticky":false,"template":"","format":"standard","meta":[],"categories":[20,21],"tags":[158,1067,121,190,1071,1070,120,1069],"aioseo_notices":[],"_links":{"self":[{"href":"https:\/\/cuernavaca.gob.mx\/index.php?rest_route=\/wp\/v2\/posts\/12076"}],"collection":[{"href":"https:\/\/cuernavaca.gob.mx\/index.php?rest_route=\/wp\/v2\/posts"}],"about":[{"href":"https:\/\/cuernavaca.gob.mx\/index.php?rest_route=\/wp\/v2\/types\/post"}],"author":[{"embeddable":true,"href":"https:\/\/cuernavaca.gob.mx\/index.php?rest_route=\/wp\/v2\/users\/1"}],"replies":[{"embeddable":true,"href":"https:\/\/cuernavaca.gob.mx\/index.php?rest_route=%2Fwp%2Fv2%2Fcomments&post=12076"}],"version-history":[{"count":2,"href":"https:\/\/cuernavaca.gob.mx\/index.php?rest_route=\/wp\/v2\/posts\/12076\/revisions"}],"predecessor-version":[{"id":12085,"href":"https:\/\/cuernavaca.gob.mx\/index.php?rest_route=\/wp\/v2\/posts\/12076\/revisions\/12085"}],"wp:featuredmedia":[{"embeddable":true,"href":"https:\/\/cuernavaca.gob.mx\/index.php?rest_route=\/wp\/v2\/media\/12081"}],"wp:attachment":[{"href":"https:\/\/cuernavaca.gob.mx\/index.php?rest_route=%2Fwp%2Fv2%2Fmedia&parent=12076"}],"wp:term":[{"taxonomy":"category","embeddable":true,"href":"https:\/\/cuernavaca.gob.mx\/index.php?rest_route=%2Fwp%2Fv2%2Fcategories&post=12076"},{"taxonomy":"post_tag","embeddable":true,"href":"https:\/\/cuernavaca.gob.mx\/index.php?rest_route=%2Fwp%2Fv2%2Ftags&post=12076"}],"curies":[{"name":"wp","href":"https:\/\/api.w.org\/{rel}","templated":true}]}}