{"id":12164,"date":"2022-01-27T13:00:00","date_gmt":"2022-01-27T19:00:00","guid":{"rendered":"https:\/\/cuernavaca.gob.mx\/?p=12164"},"modified":"2025-05-06T10:54:24","modified_gmt":"2025-05-06T16:54:24","slug":"se-pronuncia-jose-luis-uriostegui-dejar-atras-el-paternalismo-y-dar-paso-a-la-participacion-ciudadana%ef%bf%bc","status":"publish","type":"post","link":"https:\/\/cuernavaca.gob.mx\/?p=12164","title":{"rendered":"Se pronuncia Jos\u00e9 Luis Uri\u00f3stegui dejar atr\u00e1s el paternalismo y dar paso a la participaci\u00f3n ciudadana\ufffc"},"content":{"rendered":"\n<p><strong>El presidente municipal de Cuernavaca particip\u00f3 en la instalaci\u00f3n de la Comisi\u00f3n de Participaci\u00f3n Ciudadana que preside el regidor Jes\u00fas Rosales<\/strong><\/p>\n\n\n\n<p>Para la nueva administraci\u00f3n del Gobierno Municipal de Cuernavaca, el reposicionar la filosof\u00eda del \u201cBien Com\u00fan\u201d, que implica el mayor bien para el mayor n\u00famero de personas, es por lo que se est\u00e1 trabajando de manera cotidiana y de ah\u00ed que se debe pasar del paternalismo tradicional a fomentar la participaci\u00f3n ciudadana para atender y resolver los temas que permitan a la ciudad alcanzar un mejor desarrollo, expres\u00f3 el presidente municipal, Jos\u00e9 Luis Uri\u00f3stegui Salgado.<\/p>\n\n\n\n<p>Al participar en la instalaci\u00f3n de la Comisi\u00f3n de Participaci\u00f3n Ciudadana que preside el regidor Jes\u00fas Tlacaelel Rosales Puebla, el presidente municipal enfatiz\u00f3 que es momento de darle importancia a la participaci\u00f3n de la gente en lo individual y en lo colectivo, para que sus iniciativas y propuestas tengan eco en las acciones p\u00fablicas.<\/p>\n\n\n\n<p>\u201cTenemos que transitar de una actitud paternalista donde el bien com\u00fan se gesta desde las instituciones p\u00fablicas, a alcanzarlo con la participaci\u00f3n ciudadana. Las organizaciones no gubernamentales, l\u00edderes sociales, l\u00edderes de comunidades tienen hoy un gran peso en el desarrollo de la ciudad; por lo que el compromiso de esta administraci\u00f3n es mantener una comunicaci\u00f3n directa con los representantes de la comunidad para encontrar juntos las soluciones pr\u00e1cticas para que la ciudad se vaya trasformando\u201d, se\u00f1al\u00f3 Uri\u00f3stegui Salgado.<\/p>\n\n\n\n<p>En este contexto, el presidente municipal anunci\u00f3 que, en una muestra de la inclusi\u00f3n de propuestas ciudadanas al plan de gobierno, el pr\u00f3ximo 31 de enero acudir\u00e1 junto con los integrantes del Cabildo del Ayuntamiento de Cuernavaca al Congreso del Estado para presentar a diputadas y diputados el proyecto de modificaciones a la Ley de Ingresos del 2022.<\/p>\n\n\n\n<p>Al respecto, luego de saludar la presencia de las diputadas Mirna Zavala Z\u00fa\u00f1iga, Ariadna Barrera y Alejandro Mart\u00ednez Berm\u00fadez, invitados a la instalaci\u00f3n de esta Comisi\u00f3n de Participaci\u00f3n Ciudadana, Jos\u00e9 Luis Uri\u00f3stegui confi\u00f3 en que se lograr\u00e1n los consensos legislativos para que la ciudad capital del estado cuente con los recursos indispensables para cumplir con el plan de desarrollo municipal, que tambi\u00e9n se est\u00e1 integrando para ser presentado al poder legislativo.<\/p>\n\n\n\n<p>Durante la presentaci\u00f3n de los objetivos y agenda de la Comisi\u00f3n de Participaci\u00f3n Ciudadana, el regidor Jes\u00fas Tlacaelel Rosales, subray\u00f3 que la participaci\u00f3n ciudadana no debe asumirse como una moda o de preferencias, sino una consecuencia necesaria de la evoluci\u00f3n de la relaci\u00f3n entre gobierno y gobernados donde la construcci\u00f3n de la confianza es la principal raz\u00f3n.<\/p>\n\n\n\n<p>Anunci\u00f3 la presentaci\u00f3n del reglamento de participaci\u00f3n ciudadana y vecinal, que estimule los procesos donde la gente se involucre y sea protagonista en las pol\u00edticas p\u00fablicas que impulsan de los \u00f3rganos de gobiernos, un proyecto que contemplar\u00e1 como instrumentos el plebiscito, el refer\u00e9ndum, la iniciativa ciudadana, los comit\u00e9s de participaci\u00f3n social, el cabildo abierto, el presupuesto participativo entre otros.<\/p>\n\n\n\n<p>La Comisi\u00f3n de Participaci\u00f3n Ciudadana est\u00e1 integrada tambi\u00e9n por la regidora Paz Hern\u00e1ndez Pardo y el regidor Christian Mishell P\u00e9rez Jaimes, quienes coincidieron en que los retos actuales de la sociedad como la pandemia de Covid-19 y el rezago social, s\u00f3lo ser\u00e1n superados con unidad y coordinaci\u00f3n entre la comunidad y el gobierno.<\/p>\n\n\n\n<figure class=\"wp-container-2 wp-block-gallery-1 wp-block-gallery has-nested-images columns-default is-cropped\">\n<figure class=\"wp-block-image size-large\"><img loading=\"lazy\" width=\"1024\" height=\"682\" data-id=\"12167\"  src=\"https:\/\/cuernavaca.gob.mx\/wp-content\/uploads\/2022\/06\/Participacio\u0301n-Ciudadana-01-1024x682.jpg\" alt=\"\" class=\"wp-image-12167\" srcset=\"https:\/\/cuernavaca.gob.mx\/wp-content\/uploads\/2022\/06\/Participacio\u0301n-Ciudadana-01-1024x682.jpg 1024w, https:\/\/cuernavaca.gob.mx\/wp-content\/uploads\/2022\/06\/Participacio\u0301n-Ciudadana-01-300x200.jpg 300w, https:\/\/cuernavaca.gob.mx\/wp-content\/uploads\/2022\/06\/Participacio\u0301n-Ciudadana-01-768x512.jpg 768w, https:\/\/cuernavaca.gob.mx\/wp-content\/uploads\/2022\/06\/Participacio\u0301n-Ciudadana-01-600x400.jpg 600w, https:\/\/cuernavaca.gob.mx\/wp-content\/uploads\/2022\/06\/Participacio\u0301n-Ciudadana-01-560x373.jpg 560w, https:\/\/cuernavaca.gob.mx\/wp-content\/uploads\/2022\/06\/Participacio\u0301n-Ciudadana-01.jpg 1280w\" sizes=\"(max-width: 1024px) 100vw, 1024px\" \/><\/figure>\n\n\n\n<figure class=\"wp-block-image size-large\"><img loading=\"lazy\" width=\"1024\" height=\"682\" data-id=\"12166\"  src=\"https:\/\/cuernavaca.gob.mx\/wp-content\/uploads\/2022\/06\/Participacio\u0301n-Ciudadana-02-1024x682.jpg\" alt=\"\" class=\"wp-image-12166\" srcset=\"https:\/\/cuernavaca.gob.mx\/wp-content\/uploads\/2022\/06\/Participacio\u0301n-Ciudadana-02-1024x682.jpg 1024w, https:\/\/cuernavaca.gob.mx\/wp-content\/uploads\/2022\/06\/Participacio\u0301n-Ciudadana-02-300x200.jpg 300w, https:\/\/cuernavaca.gob.mx\/wp-content\/uploads\/2022\/06\/Participacio\u0301n-Ciudadana-02-768x512.jpg 768w, https:\/\/cuernavaca.gob.mx\/wp-content\/uploads\/2022\/06\/Participacio\u0301n-Ciudadana-02-600x400.jpg 600w, https:\/\/cuernavaca.gob.mx\/wp-content\/uploads\/2022\/06\/Participacio\u0301n-Ciudadana-02-560x373.jpg 560w, https:\/\/cuernavaca.gob.mx\/wp-content\/uploads\/2022\/06\/Participacio\u0301n-Ciudadana-02.jpg 1280w\" sizes=\"(max-width: 1024px) 100vw, 1024px\" \/><\/figure>\n\n\n\n<figure class=\"wp-block-image size-large\"><img loading=\"lazy\" width=\"1024\" height=\"682\" data-id=\"12165\"  src=\"https:\/\/cuernavaca.gob.mx\/wp-content\/uploads\/2022\/06\/Participacio\u0301n-Ciudadana-03-1024x682.jpg\" alt=\"\" class=\"wp-image-12165\" srcset=\"https:\/\/cuernavaca.gob.mx\/wp-content\/uploads\/2022\/06\/Participacio\u0301n-Ciudadana-03-1024x682.jpg 1024w, https:\/\/cuernavaca.gob.mx\/wp-content\/uploads\/2022\/06\/Participacio\u0301n-Ciudadana-03-300x200.jpg 300w, https:\/\/cuernavaca.gob.mx\/wp-content\/uploads\/2022\/06\/Participacio\u0301n-Ciudadana-03-768x512.jpg 768w, https:\/\/cuernavaca.gob.mx\/wp-content\/uploads\/2022\/06\/Participacio\u0301n-Ciudadana-03-600x400.jpg 600w, https:\/\/cuernavaca.gob.mx\/wp-content\/uploads\/2022\/06\/Participacio\u0301n-Ciudadana-03-560x373.jpg 560w, https:\/\/cuernavaca.gob.mx\/wp-content\/uploads\/2022\/06\/Participacio\u0301n-Ciudadana-03.jpg 1280w\" sizes=\"(max-width: 1024px) 100vw, 1024px\" \/><\/figure>\n<\/figure>\n","protected":false},"excerpt":{"rendered":"<p>El presidente municipal de Cuernavaca particip\u00f3 en la instalaci\u00f3n de la Comisi\u00f3n de Participaci\u00f3n Ciudadana que preside el regidor Jes\u00fas Rosales Para la nueva administraci\u00f3n del Gobierno Municipal de Cuernavaca, el reposicionar la filosof\u00eda del \u201cBien Com\u00fan\u201d, que implica el mayor bien para el mayor n\u00famero de personas, es por lo que se est\u00e1 trabajando [&hellip;]<\/p>\n","protected":false},"author":1,"featured_media":12165,"comment_status":"closed","ping_status":"closed","sticky":false,"template":"","format":"standard","meta":[],"categories":[20],"tags":[1101,158,121,1100,120,1098,1099],"aioseo_notices":[],"_links":{"self":[{"href":"https:\/\/cuernavaca.gob.mx\/index.php?rest_route=\/wp\/v2\/posts\/12164"}],"collection":[{"href":"https:\/\/cuernavaca.gob.mx\/index.php?rest_route=\/wp\/v2\/posts"}],"about":[{"href":"https:\/\/cuernavaca.gob.mx\/index.php?rest_route=\/wp\/v2\/types\/post"}],"author":[{"embeddable":true,"href":"https:\/\/cuernavaca.gob.mx\/index.php?rest_route=\/wp\/v2\/users\/1"}],"replies":[{"embeddable":true,"href":"https:\/\/cuernavaca.gob.mx\/index.php?rest_route=%2Fwp%2Fv2%2Fcomments&post=12164"}],"version-history":[{"count":1,"href":"https:\/\/cuernavaca.gob.mx\/index.php?rest_route=\/wp\/v2\/posts\/12164\/revisions"}],"predecessor-version":[{"id":12168,"href":"https:\/\/cuernavaca.gob.mx\/index.php?rest_route=\/wp\/v2\/posts\/12164\/revisions\/12168"}],"wp:featuredmedia":[{"embeddable":true,"href":"https:\/\/cuernavaca.gob.mx\/index.php?rest_route=\/wp\/v2\/media\/12165"}],"wp:attachment":[{"href":"https:\/\/cuernavaca.gob.mx\/index.php?rest_route=%2Fwp%2Fv2%2Fmedia&parent=12164"}],"wp:term":[{"taxonomy":"category","embeddable":true,"href":"https:\/\/cuernavaca.gob.mx\/index.php?rest_route=%2Fwp%2Fv2%2Fcategories&post=12164"},{"taxonomy":"post_tag","embeddable":true,"href":"https:\/\/cuernavaca.gob.mx\/index.php?rest_route=%2Fwp%2Fv2%2Ftags&post=12164"}],"curies":[{"name":"wp","href":"https:\/\/api.w.org\/{rel}","templated":true}]}}