{"id":12336,"date":"2022-02-03T17:00:00","date_gmt":"2022-02-03T23:00:00","guid":{"rendered":"https:\/\/cuernavaca.gob.mx\/?p=12336"},"modified":"2025-05-06T10:54:52","modified_gmt":"2025-05-06T16:54:52","slug":"b073-03-02-22-firma-ayuntamiento-de-cuernavaca-convenio-de-colaboracion-de-apoyo-al-empleo","status":"publish","type":"post","link":"https:\/\/cuernavaca.gob.mx\/?p=12336","title":{"rendered":"B073 03\/02\/22 FIRMA AYUNTAMIENTO DE CUERNAVACA CONVENIO DE COLABORACI\u00d3N DE APOYO AL EMPLEO"},"content":{"rendered":"\n<p><strong>Municipios de la zona metropolitana trabajar\u00e1n en colaboraci\u00f3n con la SDEyT, SNE y J\u00f3venes Construyendo el Futuro<\/strong><\/p>\n\n\n\n<p><strong>El SNE acercar\u00e1 sus servicios a cada uno de los municipios para generar m\u00e1s y mejores capacitaciones y oportunidades laborales<\/strong><\/p>\n\n\n\n<p>Con el objetivo de acercar los diversos servicios de vinculaci\u00f3n y movilidad laboral, as\u00ed como capacitaci\u00f3n y fomento al autoempleo, el Gobierno Municipal de Cuernavaca firm\u00f3 un convenio de colaboraci\u00f3n convocado por el Servicio Nacional del Empleo (SNE) Morelos con los municipios de la zona metropolitana y dependencias federales y estatales.<\/p>\n\n\n\n<p>El presidente municipal, Jos\u00e9 Luis Uri\u00f3stegui Salgado, se\u00f1al\u00f3 que la suma de esfuerzos entre los tres \u00f3rdenes de gobierno es primordial para que el desarrollo econ\u00f3mico se logre y de esta manera, las personas que necesitan una oportunidad laboral tengan acceso a ella.<\/p>\n\n\n\n<p>\u201cLa capacitaci\u00f3n es fundamental, las becas para capacitarse son determinantes porque muchas personas no tienen los conocimientos o habilidades suficientes para desempe\u00f1ar una actividad laboral con remuneraci\u00f3n, por lo tanto, cuando se abren estas oportunidades hay que tomarlas y los municipios debemos estar m\u00e1s que dispuestos a respaldarlas\u201d, enfatiz\u00f3 Uri\u00f3stegui Salgado.<\/p>\n\n\n\n<p>Resalt\u00f3 que este tipo de convenios genera diversas actividades como la que se present\u00f3 hace algunos d\u00edas en Cuernavaca en donde se llevaron las oficinas m\u00f3viles del programa J\u00f3venes Construyendo el Futuro a diferentes colonias de Cuernavaca para ofrecer capacitaci\u00f3n y oportunidades laborales para j\u00f3venes de 18 a 29 a\u00f1os.<\/p>\n\n\n\n<p>Ana Cecilia Rodr\u00edguez Gonz\u00e1les, Secretaria de Desarrollo Econ\u00f3mico y del Trabajo del Estado de Morelos (SDEyT), explic\u00f3 que este instrumento de colaboraci\u00f3n acercar\u00e1 las actividades del Servicio Nacional del Empleo (SNE) a cada uno de los municipios, ayudando as\u00ed a la creaci\u00f3n de m\u00e1s y mejores oportunidades de capacitaci\u00f3n y por ende de una eventual vinculaci\u00f3n a los puestos de trabajo.<\/p>\n\n\n\n<p>Por su parte, Jorge Mario Garc\u00eda \u00c1vila, director del SNE Morelos, refiri\u00f3 que la relevancia de estos acuerdos, radica en generar alianzas para reactivar la econom\u00eda en el estado de Morelos, tomando en cuenta que son los municipios donde los esfuerzos se pueden potencializar programas como las ferias del empleo, movilidad laboral y empleabilidad.<\/p>\n\n\n\n<p>Este convenio fue signado entre la SDEyT, el SNE, el programa federal de J\u00f3venes Construyendo el Futuro y los municipios de Emiliano Zapata, Xochitepec, Temixco, Huitzilac y Cuernavaca, siendo la ciudad capital la anfitriona y teniendo como sede el Museo de la Ciudad.<\/p>\n\n\n\n<figure class=\"wp-container-2 wp-block-gallery-1 wp-block-gallery has-nested-images columns-default is-cropped\">\n<figure class=\"wp-block-image size-large\"><img loading=\"lazy\" width=\"1024\" height=\"576\" data-id=\"12337\"  src=\"https:\/\/cuernavaca.gob.mx\/wp-content\/uploads\/2022\/06\/Convenio-apoyo-al-empleo-01-1024x576.jpg\" alt=\"\" class=\"wp-image-12337\" srcset=\"https:\/\/cuernavaca.gob.mx\/wp-content\/uploads\/2022\/06\/Convenio-apoyo-al-empleo-01-1024x576.jpg 1024w, https:\/\/cuernavaca.gob.mx\/wp-content\/uploads\/2022\/06\/Convenio-apoyo-al-empleo-01-300x169.jpg 300w, https:\/\/cuernavaca.gob.mx\/wp-content\/uploads\/2022\/06\/Convenio-apoyo-al-empleo-01-768x432.jpg 768w, https:\/\/cuernavaca.gob.mx\/wp-content\/uploads\/2022\/06\/Convenio-apoyo-al-empleo-01-600x338.jpg 600w, https:\/\/cuernavaca.gob.mx\/wp-content\/uploads\/2022\/06\/Convenio-apoyo-al-empleo-01-560x315.jpg 560w, https:\/\/cuernavaca.gob.mx\/wp-content\/uploads\/2022\/06\/Convenio-apoyo-al-empleo-01.jpg 1280w\" sizes=\"(max-width: 1024px) 100vw, 1024px\" \/><\/figure>\n\n\n\n<figure class=\"wp-block-image size-large\"><img loading=\"lazy\" width=\"1024\" height=\"576\" data-id=\"12338\"  src=\"https:\/\/cuernavaca.gob.mx\/wp-content\/uploads\/2022\/06\/Convenio-apoyo-al-empleo-02-1024x576.jpg\" alt=\"\" class=\"wp-image-12338\" srcset=\"https:\/\/cuernavaca.gob.mx\/wp-content\/uploads\/2022\/06\/Convenio-apoyo-al-empleo-02-1024x576.jpg 1024w, https:\/\/cuernavaca.gob.mx\/wp-content\/uploads\/2022\/06\/Convenio-apoyo-al-empleo-02-300x169.jpg 300w, https:\/\/cuernavaca.gob.mx\/wp-content\/uploads\/2022\/06\/Convenio-apoyo-al-empleo-02-768x432.jpg 768w, https:\/\/cuernavaca.gob.mx\/wp-content\/uploads\/2022\/06\/Convenio-apoyo-al-empleo-02-600x338.jpg 600w, https:\/\/cuernavaca.gob.mx\/wp-content\/uploads\/2022\/06\/Convenio-apoyo-al-empleo-02-560x315.jpg 560w, https:\/\/cuernavaca.gob.mx\/wp-content\/uploads\/2022\/06\/Convenio-apoyo-al-empleo-02.jpg 1280w\" sizes=\"(max-width: 1024px) 100vw, 1024px\" \/><\/figure>\n\n\n\n<figure class=\"wp-block-image size-large\"><img loading=\"lazy\" width=\"1024\" height=\"682\" data-id=\"12340\"  src=\"https:\/\/cuernavaca.gob.mx\/wp-content\/uploads\/2022\/06\/Convenio-apoyo-al-empleo-03-1024x682.jpg\" alt=\"\" class=\"wp-image-12340\" srcset=\"https:\/\/cuernavaca.gob.mx\/wp-content\/uploads\/2022\/06\/Convenio-apoyo-al-empleo-03-1024x682.jpg 1024w, https:\/\/cuernavaca.gob.mx\/wp-content\/uploads\/2022\/06\/Convenio-apoyo-al-empleo-03-300x200.jpg 300w, https:\/\/cuernavaca.gob.mx\/wp-content\/uploads\/2022\/06\/Convenio-apoyo-al-empleo-03-768x512.jpg 768w, https:\/\/cuernavaca.gob.mx\/wp-content\/uploads\/2022\/06\/Convenio-apoyo-al-empleo-03-600x400.jpg 600w, https:\/\/cuernavaca.gob.mx\/wp-content\/uploads\/2022\/06\/Convenio-apoyo-al-empleo-03-560x373.jpg 560w, https:\/\/cuernavaca.gob.mx\/wp-content\/uploads\/2022\/06\/Convenio-apoyo-al-empleo-03.jpg 1280w\" sizes=\"(max-width: 1024px) 100vw, 1024px\" \/><\/figure>\n\n\n\n<figure class=\"wp-block-image size-large\"><img loading=\"lazy\" width=\"1024\" height=\"682\" data-id=\"12341\"  src=\"https:\/\/cuernavaca.gob.mx\/wp-content\/uploads\/2022\/06\/Convenio-apoyo-al-empleo-04-1024x682.jpg\" alt=\"\" class=\"wp-image-12341\" srcset=\"https:\/\/cuernavaca.gob.mx\/wp-content\/uploads\/2022\/06\/Convenio-apoyo-al-empleo-04-1024x682.jpg 1024w, https:\/\/cuernavaca.gob.mx\/wp-content\/uploads\/2022\/06\/Convenio-apoyo-al-empleo-04-300x200.jpg 300w, https:\/\/cuernavaca.gob.mx\/wp-content\/uploads\/2022\/06\/Convenio-apoyo-al-empleo-04-768x512.jpg 768w, https:\/\/cuernavaca.gob.mx\/wp-content\/uploads\/2022\/06\/Convenio-apoyo-al-empleo-04-600x400.jpg 600w, https:\/\/cuernavaca.gob.mx\/wp-content\/uploads\/2022\/06\/Convenio-apoyo-al-empleo-04-560x373.jpg 560w, https:\/\/cuernavaca.gob.mx\/wp-content\/uploads\/2022\/06\/Convenio-apoyo-al-empleo-04.jpg 1280w\" sizes=\"(max-width: 1024px) 100vw, 1024px\" \/><\/figure>\n\n\n\n<figure class=\"wp-block-image size-large\"><img loading=\"lazy\" width=\"1024\" height=\"682\" data-id=\"12339\"  src=\"https:\/\/cuernavaca.gob.mx\/wp-content\/uploads\/2022\/06\/Convenio-apoyo-al-empleo-05-1024x682.jpg\" alt=\"\" class=\"wp-image-12339\" srcset=\"https:\/\/cuernavaca.gob.mx\/wp-content\/uploads\/2022\/06\/Convenio-apoyo-al-empleo-05-1024x682.jpg 1024w, https:\/\/cuernavaca.gob.mx\/wp-content\/uploads\/2022\/06\/Convenio-apoyo-al-empleo-05-300x200.jpg 300w, https:\/\/cuernavaca.gob.mx\/wp-content\/uploads\/2022\/06\/Convenio-apoyo-al-empleo-05-768x512.jpg 768w, https:\/\/cuernavaca.gob.mx\/wp-content\/uploads\/2022\/06\/Convenio-apoyo-al-empleo-05-600x400.jpg 600w, https:\/\/cuernavaca.gob.mx\/wp-content\/uploads\/2022\/06\/Convenio-apoyo-al-empleo-05-560x373.jpg 560w, https:\/\/cuernavaca.gob.mx\/wp-content\/uploads\/2022\/06\/Convenio-apoyo-al-empleo-05.jpg 1280w\" sizes=\"(max-width: 1024px) 100vw, 1024px\" \/><\/figure>\n<\/figure>\n","protected":false},"excerpt":{"rendered":"<p>Municipios de la zona metropolitana trabajar\u00e1n en colaboraci\u00f3n con la SDEyT, SNE y J\u00f3venes Construyendo el Futuro El SNE acercar\u00e1 sus servicios a cada uno de los municipios para generar m\u00e1s y mejores capacitaciones y oportunidades laborales Con el objetivo de acercar los diversos servicios de vinculaci\u00f3n y movilidad laboral, as\u00ed como capacitaci\u00f3n y fomento [&hellip;]<\/p>\n","protected":false},"author":1,"featured_media":12338,"comment_status":"closed","ping_status":"closed","sticky":false,"template":"","format":"standard","meta":[],"categories":[20],"tags":[854,334,121,330,1169,120,327,1170],"aioseo_notices":[],"_links":{"self":[{"href":"https:\/\/cuernavaca.gob.mx\/index.php?rest_route=\/wp\/v2\/posts\/12336"}],"collection":[{"href":"https:\/\/cuernavaca.gob.mx\/index.php?rest_route=\/wp\/v2\/posts"}],"about":[{"href":"https:\/\/cuernavaca.gob.mx\/index.php?rest_route=\/wp\/v2\/types\/post"}],"author":[{"embeddable":true,"href":"https:\/\/cuernavaca.gob.mx\/index.php?rest_route=\/wp\/v2\/users\/1"}],"replies":[{"embeddable":true,"href":"https:\/\/cuernavaca.gob.mx\/index.php?rest_route=%2Fwp%2Fv2%2Fcomments&post=12336"}],"version-history":[{"count":1,"href":"https:\/\/cuernavaca.gob.mx\/index.php?rest_route=\/wp\/v2\/posts\/12336\/revisions"}],"predecessor-version":[{"id":12342,"href":"https:\/\/cuernavaca.gob.mx\/index.php?rest_route=\/wp\/v2\/posts\/12336\/revisions\/12342"}],"wp:featuredmedia":[{"embeddable":true,"href":"https:\/\/cuernavaca.gob.mx\/index.php?rest_route=\/wp\/v2\/media\/12338"}],"wp:attachment":[{"href":"https:\/\/cuernavaca.gob.mx\/index.php?rest_route=%2Fwp%2Fv2%2Fmedia&parent=12336"}],"wp:term":[{"taxonomy":"category","embeddable":true,"href":"https:\/\/cuernavaca.gob.mx\/index.php?rest_route=%2Fwp%2Fv2%2Fcategories&post=12336"},{"taxonomy":"post_tag","embeddable":true,"href":"https:\/\/cuernavaca.gob.mx\/index.php?rest_route=%2Fwp%2Fv2%2Ftags&post=12336"}],"curies":[{"name":"wp","href":"https:\/\/api.w.org\/{rel}","templated":true}]}}