{"id":12521,"date":"2022-02-16T11:00:00","date_gmt":"2022-02-16T17:00:00","guid":{"rendered":"https:\/\/cuernavaca.gob.mx\/?p=12521"},"modified":"2025-05-06T10:58:17","modified_gmt":"2025-05-06T16:58:17","slug":"b093-16-02-22-presentan-a-autoridades-de-cuernavaca-informe-sobre-condiciones-de-centros-de-retencion-y-arresto","status":"publish","type":"post","link":"https:\/\/cuernavaca.gob.mx\/?p=12521","title":{"rendered":"B093 16\/02\/22 PRESENTAN A AUTORIDADES DE CUERNAVACA INFORME SOBRE CONDICIONES DE CENTROS DE RETENCI\u00d3N Y ARRESTO"},"content":{"rendered":"\n<p><strong>El reporte fue elaborado por la CDHEM durante el 2021 como parte de una revisi\u00f3n a los 36 municipios<\/strong><\/p>\n\n\n\n<p><strong>Se atender\u00e1n recomendaciones para dignificar estos sitios donde se traslada a infractores<\/strong><\/p>\n\n\n\n<p>En sesi\u00f3n de la Comisi\u00f3n de Seguridad P\u00fablica y Tr\u00e1nsito del Ayuntamiento de Cuernavaca, fue presentado por parte de autoridades de la Comisi\u00f3n de Derechos Humanos del Estado de Morelos (CDHEM), un informe de la supervisi\u00f3n de las condiciones que para el 2021 se encontraban las instalaciones de los Centros de Arresto y Retenci\u00f3n a cargo de juzgados c\u00edvicos municipales para los infractores a disposiciones municipales.<\/p>\n\n\n\n<p>En este reporte que integra la informaci\u00f3n recabada en los 36 municipios, la CDHEM califica las condiciones de estancia digna, medidas para salvaguardar la integridad f\u00edsica de las personas retenidas, cumplir con el debido proceso y medidas para atender los protocolos establecidos por la emergencia sanitaria por COVID-19 en los centros de arresto.<\/p>\n\n\n\n<p>Autoridades de la Sindicatura Municipal, as\u00ed como los regidores integrantes de la Comisi\u00f3n de Seguridad P\u00fablica y Tr\u00e1nsito, expresaron la disposici\u00f3n de subsanar las observaciones hechas por el organismo en un reporte que considera entre otros puntos, capacitar al personal de los centros de arresto en materia de derechos humanos, a efecto de minimizar la cantidad de actos u omisiones.<\/p>\n\n\n\n<p>Para atender las deficiencias en los Centros de Arresto y Retenci\u00f3n, se acord\u00f3 un seguimiento del Ayuntamiento de Cuernavaca a trav\u00e9s de la Sindicatura Municipal en conjunto con la CDHEM y la invitaci\u00f3n a la Secretar\u00eda de Protecci\u00f3n y Auxilio Ciudadano para atender en lo que le corresponde a protocolos de uso de la fuerza y de actuaci\u00f3n.<\/p>\n\n\n\n<p>Entre las recomendaciones emitidas por la CDHEM en este reporte del 2021 en los centros de Arresto de los 36 municipios, se hizo \u00e9nfasis en mejorar las condiciones de higiene y saneamiento al interior de las celdas; garantizar la separaci\u00f3n entre hombres, mujeres y personas de la comunidad LGBTTTIQA+; asegurar una adecuada ventilaci\u00f3n, luz natural y artificial en las celdas; contar con inodoros funcionales y dignos en espacios que brinden privacidad; contar con colchonetas para la persona infractora; proporcionales durante su arresto alimentos y agua para consumo humano suficiente; adem\u00e1s de garantizar condiciones para la atenci\u00f3n a personas con discapacidad.<\/p>\n\n\n\n<figure class=\"wp-container-2 wp-block-gallery-1 wp-block-gallery has-nested-images columns-default is-cropped\">\n<figure class=\"wp-block-image size-large\"><img loading=\"lazy\" width=\"1024\" height=\"683\" data-id=\"12523\"  src=\"https:\/\/cuernavaca.gob.mx\/wp-content\/uploads\/2022\/06\/Informe-centros-de-retencio\u0301n-y-arresto-01-1024x683.jpg\" alt=\"\" class=\"wp-image-12523\" srcset=\"https:\/\/cuernavaca.gob.mx\/wp-content\/uploads\/2022\/06\/Informe-centros-de-retencio\u0301n-y-arresto-01-1024x683.jpg 1024w, https:\/\/cuernavaca.gob.mx\/wp-content\/uploads\/2022\/06\/Informe-centros-de-retencio\u0301n-y-arresto-01-300x200.jpg 300w, https:\/\/cuernavaca.gob.mx\/wp-content\/uploads\/2022\/06\/Informe-centros-de-retencio\u0301n-y-arresto-01-768x512.jpg 768w, https:\/\/cuernavaca.gob.mx\/wp-content\/uploads\/2022\/06\/Informe-centros-de-retencio\u0301n-y-arresto-01-1536x1024.jpg 1536w, https:\/\/cuernavaca.gob.mx\/wp-content\/uploads\/2022\/06\/Informe-centros-de-retencio\u0301n-y-arresto-01-600x400.jpg 600w, https:\/\/cuernavaca.gob.mx\/wp-content\/uploads\/2022\/06\/Informe-centros-de-retencio\u0301n-y-arresto-01-560x373.jpg 560w, https:\/\/cuernavaca.gob.mx\/wp-content\/uploads\/2022\/06\/Informe-centros-de-retencio\u0301n-y-arresto-01.jpg 1599w\" sizes=\"(max-width: 1024px) 100vw, 1024px\" \/><\/figure>\n\n\n\n<figure class=\"wp-block-image size-large\"><img loading=\"lazy\" width=\"1024\" height=\"683\" data-id=\"12525\"  src=\"https:\/\/cuernavaca.gob.mx\/wp-content\/uploads\/2022\/06\/Informe-centros-de-retencio\u0301n-y-arresto-02-1024x683.jpg\" alt=\"\" class=\"wp-image-12525\" srcset=\"https:\/\/cuernavaca.gob.mx\/wp-content\/uploads\/2022\/06\/Informe-centros-de-retencio\u0301n-y-arresto-02-1024x683.jpg 1024w, https:\/\/cuernavaca.gob.mx\/wp-content\/uploads\/2022\/06\/Informe-centros-de-retencio\u0301n-y-arresto-02-300x200.jpg 300w, https:\/\/cuernavaca.gob.mx\/wp-content\/uploads\/2022\/06\/Informe-centros-de-retencio\u0301n-y-arresto-02-768x512.jpg 768w, https:\/\/cuernavaca.gob.mx\/wp-content\/uploads\/2022\/06\/Informe-centros-de-retencio\u0301n-y-arresto-02-1536x1024.jpg 1536w, https:\/\/cuernavaca.gob.mx\/wp-content\/uploads\/2022\/06\/Informe-centros-de-retencio\u0301n-y-arresto-02-600x400.jpg 600w, https:\/\/cuernavaca.gob.mx\/wp-content\/uploads\/2022\/06\/Informe-centros-de-retencio\u0301n-y-arresto-02-560x373.jpg 560w, https:\/\/cuernavaca.gob.mx\/wp-content\/uploads\/2022\/06\/Informe-centros-de-retencio\u0301n-y-arresto-02.jpg 1599w\" sizes=\"(max-width: 1024px) 100vw, 1024px\" \/><\/figure>\n\n\n\n<figure class=\"wp-block-image size-large\"><img loading=\"lazy\" width=\"1024\" height=\"683\" data-id=\"12524\"  src=\"https:\/\/cuernavaca.gob.mx\/wp-content\/uploads\/2022\/06\/Informe-centros-de-retencio\u0301n-y-arresto-03-1024x683.jpg\" alt=\"\" class=\"wp-image-12524\" srcset=\"https:\/\/cuernavaca.gob.mx\/wp-content\/uploads\/2022\/06\/Informe-centros-de-retencio\u0301n-y-arresto-03-1024x683.jpg 1024w, https:\/\/cuernavaca.gob.mx\/wp-content\/uploads\/2022\/06\/Informe-centros-de-retencio\u0301n-y-arresto-03-300x200.jpg 300w, https:\/\/cuernavaca.gob.mx\/wp-content\/uploads\/2022\/06\/Informe-centros-de-retencio\u0301n-y-arresto-03-768x512.jpg 768w, https:\/\/cuernavaca.gob.mx\/wp-content\/uploads\/2022\/06\/Informe-centros-de-retencio\u0301n-y-arresto-03-1536x1024.jpg 1536w, https:\/\/cuernavaca.gob.mx\/wp-content\/uploads\/2022\/06\/Informe-centros-de-retencio\u0301n-y-arresto-03-600x400.jpg 600w, https:\/\/cuernavaca.gob.mx\/wp-content\/uploads\/2022\/06\/Informe-centros-de-retencio\u0301n-y-arresto-03-560x373.jpg 560w, https:\/\/cuernavaca.gob.mx\/wp-content\/uploads\/2022\/06\/Informe-centros-de-retencio\u0301n-y-arresto-03.jpg 1599w\" sizes=\"(max-width: 1024px) 100vw, 1024px\" \/><\/figure>\n\n\n\n<figure class=\"wp-block-image size-large\"><img loading=\"lazy\" width=\"1024\" height=\"683\" data-id=\"12522\"  src=\"https:\/\/cuernavaca.gob.mx\/wp-content\/uploads\/2022\/06\/Informe-centros-de-retencio\u0301n-y-arresto-04-1024x683.jpg\" alt=\"\" class=\"wp-image-12522\" srcset=\"https:\/\/cuernavaca.gob.mx\/wp-content\/uploads\/2022\/06\/Informe-centros-de-retencio\u0301n-y-arresto-04-1024x683.jpg 1024w, https:\/\/cuernavaca.gob.mx\/wp-content\/uploads\/2022\/06\/Informe-centros-de-retencio\u0301n-y-arresto-04-300x200.jpg 300w, https:\/\/cuernavaca.gob.mx\/wp-content\/uploads\/2022\/06\/Informe-centros-de-retencio\u0301n-y-arresto-04-768x512.jpg 768w, https:\/\/cuernavaca.gob.mx\/wp-content\/uploads\/2022\/06\/Informe-centros-de-retencio\u0301n-y-arresto-04-1536x1024.jpg 1536w, https:\/\/cuernavaca.gob.mx\/wp-content\/uploads\/2022\/06\/Informe-centros-de-retencio\u0301n-y-arresto-04-600x400.jpg 600w, https:\/\/cuernavaca.gob.mx\/wp-content\/uploads\/2022\/06\/Informe-centros-de-retencio\u0301n-y-arresto-04-560x373.jpg 560w, https:\/\/cuernavaca.gob.mx\/wp-content\/uploads\/2022\/06\/Informe-centros-de-retencio\u0301n-y-arresto-04.jpg 1599w\" sizes=\"(max-width: 1024px) 100vw, 1024px\" \/><\/figure>\n<\/figure>\n","protected":false},"excerpt":{"rendered":"<p>El reporte fue elaborado por la CDHEM durante el 2021 como parte de una revisi\u00f3n a los 36 municipios Se atender\u00e1n recomendaciones para dignificar estos sitios donde se traslada a infractores En sesi\u00f3n de la Comisi\u00f3n de Seguridad P\u00fablica y Tr\u00e1nsito del Ayuntamiento de Cuernavaca, fue presentado por parte de autoridades de la Comisi\u00f3n de [&hellip;]<\/p>\n","protected":false},"author":1,"featured_media":12523,"comment_status":"closed","ping_status":"closed","sticky":false,"template":"","format":"standard","meta":[],"categories":[20],"tags":[1262,158,1260,1263,1261,121,301,120,125,252,143],"aioseo_notices":[],"_links":{"self":[{"href":"https:\/\/cuernavaca.gob.mx\/index.php?rest_route=\/wp\/v2\/posts\/12521"}],"collection":[{"href":"https:\/\/cuernavaca.gob.mx\/index.php?rest_route=\/wp\/v2\/posts"}],"about":[{"href":"https:\/\/cuernavaca.gob.mx\/index.php?rest_route=\/wp\/v2\/types\/post"}],"author":[{"embeddable":true,"href":"https:\/\/cuernavaca.gob.mx\/index.php?rest_route=\/wp\/v2\/users\/1"}],"replies":[{"embeddable":true,"href":"https:\/\/cuernavaca.gob.mx\/index.php?rest_route=%2Fwp%2Fv2%2Fcomments&post=12521"}],"version-history":[{"count":1,"href":"https:\/\/cuernavaca.gob.mx\/index.php?rest_route=\/wp\/v2\/posts\/12521\/revisions"}],"predecessor-version":[{"id":12526,"href":"https:\/\/cuernavaca.gob.mx\/index.php?rest_route=\/wp\/v2\/posts\/12521\/revisions\/12526"}],"wp:featuredmedia":[{"embeddable":true,"href":"https:\/\/cuernavaca.gob.mx\/index.php?rest_route=\/wp\/v2\/media\/12523"}],"wp:attachment":[{"href":"https:\/\/cuernavaca.gob.mx\/index.php?rest_route=%2Fwp%2Fv2%2Fmedia&parent=12521"}],"wp:term":[{"taxonomy":"category","embeddable":true,"href":"https:\/\/cuernavaca.gob.mx\/index.php?rest_route=%2Fwp%2Fv2%2Fcategories&post=12521"},{"taxonomy":"post_tag","embeddable":true,"href":"https:\/\/cuernavaca.gob.mx\/index.php?rest_route=%2Fwp%2Fv2%2Ftags&post=12521"}],"curies":[{"name":"wp","href":"https:\/\/api.w.org\/{rel}","templated":true}]}}