{"id":12536,"date":"2022-02-17T11:00:00","date_gmt":"2022-02-17T17:00:00","guid":{"rendered":"https:\/\/cuernavaca.gob.mx\/?p=12536"},"modified":"2025-05-06T10:58:16","modified_gmt":"2025-05-06T16:58:16","slug":"b096-17-02-22-autoridades-de-salud-responden-a-dudas-sobre-el-protocolo-sanitario-en-escuelas-de-cuernavaca","status":"publish","type":"post","link":"https:\/\/cuernavaca.gob.mx\/?p=12536","title":{"rendered":"B096 17\/02\/22 AUTORIDADES DE SALUD RESPONDEN A DUDAS SOBRE EL PROTOCOLO SANITARIO EN ESCUELAS DE CUERNAVACA"},"content":{"rendered":"\n<p><strong>Asesoran a madres y padres del Comit\u00e9 de Salud del Jard\u00edn de Ni\u00f1os \u201cXitle\u201d<\/strong><\/p>\n\n\n\n<p>Para aclarar dudas respecto de c\u00f3mo mejorar el protocolo sanitario en favor de las y los ni\u00f1os que asisten al Jard\u00edn de Ni\u00f1os \u201cXitle\u201d, ubicado en la colonia Lomas de Cort\u00e9s, autoridades del Ayuntamiento de Cuernavaca se reunieron con madres y padres de familia que conforman el Comit\u00e9 de Salud del plantel.<\/p>\n\n\n\n<p>De acuerdo con autoridades de la Direcci\u00f3n de Salud y Educaci\u00f3n, adscrita a la Secretar\u00eda de Desarrollo Humano y Participaci\u00f3n Social, ante madres y padres de alumnos del jard\u00edn de ni\u00f1os impartieron una pl\u00e1tica informativa acerca de c\u00f3mo coadyuvar con los directivos escolares y el personal docente para prevenir contagios por el virus SARS-CoV-2 (coronavirus) entre la comunidad escolar.<\/p>\n\n\n\n<p>La interacci\u00f3n con las autoridades municipales dio espacio a preguntas y respuestas, ante una serie de inquietudes de los tutores de los menores, a quienes se les reiter\u00f3 durante la cual reiteraron la implementaci\u00f3n de las medidas b\u00e1sicas sanitarias, como uso correcto de cubreboca en espacios p\u00fablicos, la sana distancia y el lavado constante de manos con agua y jab\u00f3n, as\u00ed como uso de alcohol en gel al 70 por ciento.<\/p>\n\n\n\n<p>Los directivos de planteles escolares de Cuernavaca pueden solicitar el acompa\u00f1amiento gratuito de las autoridades especializadas de Salud y Educaci\u00f3n municipal referente a c\u00f3mo mejorar la implementaci\u00f3n de medidas sanitarias antes, durante y despu\u00e9s del horario escolar, en favor de la salud de las infancias que cursan preescolar, en el n\u00famero telef\u00f3nico 777-312-52-03 de lunes a viernes de 8:00 a 15:00 horas.<\/p>\n\n\n\n<figure class=\"wp-container-2 wp-block-gallery-1 wp-block-gallery has-nested-images columns-default is-cropped\">\n<figure class=\"wp-block-image size-large\"><img loading=\"lazy\" width=\"1024\" height=\"768\" data-id=\"12537\"  src=\"https:\/\/cuernavaca.gob.mx\/wp-content\/uploads\/2022\/06\/Salud-en-Escuelas-01-1024x768.jpg\" alt=\"\" class=\"wp-image-12537\" srcset=\"https:\/\/cuernavaca.gob.mx\/wp-content\/uploads\/2022\/06\/Salud-en-Escuelas-01-1024x768.jpg 1024w, https:\/\/cuernavaca.gob.mx\/wp-content\/uploads\/2022\/06\/Salud-en-Escuelas-01-300x225.jpg 300w, https:\/\/cuernavaca.gob.mx\/wp-content\/uploads\/2022\/06\/Salud-en-Escuelas-01-768x576.jpg 768w, https:\/\/cuernavaca.gob.mx\/wp-content\/uploads\/2022\/06\/Salud-en-Escuelas-01-600x450.jpg 600w, https:\/\/cuernavaca.gob.mx\/wp-content\/uploads\/2022\/06\/Salud-en-Escuelas-01-560x420.jpg 560w, https:\/\/cuernavaca.gob.mx\/wp-content\/uploads\/2022\/06\/Salud-en-Escuelas-01.jpg 1280w\" sizes=\"(max-width: 1024px) 100vw, 1024px\" \/><\/figure>\n\n\n\n<figure class=\"wp-block-image size-large\"><img loading=\"lazy\" width=\"1024\" height=\"768\" data-id=\"12538\"  src=\"https:\/\/cuernavaca.gob.mx\/wp-content\/uploads\/2022\/06\/Salud-en-Escuelas-02-1024x768.jpg\" alt=\"\" class=\"wp-image-12538\" srcset=\"https:\/\/cuernavaca.gob.mx\/wp-content\/uploads\/2022\/06\/Salud-en-Escuelas-02-1024x768.jpg 1024w, https:\/\/cuernavaca.gob.mx\/wp-content\/uploads\/2022\/06\/Salud-en-Escuelas-02-300x225.jpg 300w, https:\/\/cuernavaca.gob.mx\/wp-content\/uploads\/2022\/06\/Salud-en-Escuelas-02-768x576.jpg 768w, https:\/\/cuernavaca.gob.mx\/wp-content\/uploads\/2022\/06\/Salud-en-Escuelas-02-600x450.jpg 600w, https:\/\/cuernavaca.gob.mx\/wp-content\/uploads\/2022\/06\/Salud-en-Escuelas-02-560x420.jpg 560w, https:\/\/cuernavaca.gob.mx\/wp-content\/uploads\/2022\/06\/Salud-en-Escuelas-02.jpg 1280w\" sizes=\"(max-width: 1024px) 100vw, 1024px\" \/><\/figure>\n<\/figure>\n","protected":false},"excerpt":{"rendered":"<p>Asesoran a madres y padres del Comit\u00e9 de Salud del Jard\u00edn de Ni\u00f1os \u201cXitle\u201d Para aclarar dudas respecto de c\u00f3mo mejorar el protocolo sanitario en favor de las y los ni\u00f1os que asisten al Jard\u00edn de Ni\u00f1os \u201cXitle\u201d, ubicado en la colonia Lomas de Cort\u00e9s, autoridades del Ayuntamiento de Cuernavaca se reunieron con madres y [&hellip;]<\/p>\n","protected":false},"author":1,"featured_media":12538,"comment_status":"closed","ping_status":"closed","sticky":false,"template":"","format":"standard","meta":[],"categories":[118,20,899],"tags":[1269,186,121,1268,120,1270,154],"aioseo_notices":[],"_links":{"self":[{"href":"https:\/\/cuernavaca.gob.mx\/index.php?rest_route=\/wp\/v2\/posts\/12536"}],"collection":[{"href":"https:\/\/cuernavaca.gob.mx\/index.php?rest_route=\/wp\/v2\/posts"}],"about":[{"href":"https:\/\/cuernavaca.gob.mx\/index.php?rest_route=\/wp\/v2\/types\/post"}],"author":[{"embeddable":true,"href":"https:\/\/cuernavaca.gob.mx\/index.php?rest_route=\/wp\/v2\/users\/1"}],"replies":[{"embeddable":true,"href":"https:\/\/cuernavaca.gob.mx\/index.php?rest_route=%2Fwp%2Fv2%2Fcomments&post=12536"}],"version-history":[{"count":1,"href":"https:\/\/cuernavaca.gob.mx\/index.php?rest_route=\/wp\/v2\/posts\/12536\/revisions"}],"predecessor-version":[{"id":12539,"href":"https:\/\/cuernavaca.gob.mx\/index.php?rest_route=\/wp\/v2\/posts\/12536\/revisions\/12539"}],"wp:featuredmedia":[{"embeddable":true,"href":"https:\/\/cuernavaca.gob.mx\/index.php?rest_route=\/wp\/v2\/media\/12538"}],"wp:attachment":[{"href":"https:\/\/cuernavaca.gob.mx\/index.php?rest_route=%2Fwp%2Fv2%2Fmedia&parent=12536"}],"wp:term":[{"taxonomy":"category","embeddable":true,"href":"https:\/\/cuernavaca.gob.mx\/index.php?rest_route=%2Fwp%2Fv2%2Fcategories&post=12536"},{"taxonomy":"post_tag","embeddable":true,"href":"https:\/\/cuernavaca.gob.mx\/index.php?rest_route=%2Fwp%2Fv2%2Ftags&post=12536"}],"curies":[{"name":"wp","href":"https:\/\/api.w.org\/{rel}","templated":true}]}}