{"id":12545,"date":"2022-02-18T09:00:00","date_gmt":"2022-02-18T15:00:00","guid":{"rendered":"https:\/\/cuernavaca.gob.mx\/?p=12545"},"modified":"2025-05-06T10:58:16","modified_gmt":"2025-05-06T16:58:16","slug":"b098-18-02-22-se-inicia-reactivacion-de-energia-electrica-en-pozos-del-sapac","status":"publish","type":"post","link":"https:\/\/cuernavaca.gob.mx\/?p=12545","title":{"rendered":"B098 18\/02\/22 SE INICIA REACTIVACI\u00d3N DE ENERG\u00cdA EL\u00c9CTRICA EN POZOS DEL SAPAC"},"content":{"rendered":"\n<p><strong>Tras acuerdo establecido con autoridades de la CFE, personal de la paraestatal restablece de manera progresiva el suministro de energ\u00eda.<\/strong><\/p>\n\n\n\n<p>El Sistema de Agua potable y Alcantarillado de Cuernavaca (SAPAC) informa a la ciudadan\u00eda de la capital morelense, que tras un acuerdo establecido con autoridades de la Comisi\u00f3n Federal de Electricidad (CFE) por el adeudo hist\u00f3rico que se mantiene, este viernes se inici\u00f3 de manera progresiva con la reconexi\u00f3n de energ\u00eda el\u00e9ctrica en los pozos afectados por los cortes de luz.<\/p>\n\n\n\n<p>A las 13:00 horas de este viernes, el \u00e1rea operativa report\u00f3 la reactivaci\u00f3n de las fuentes de abastecimiento: Camino Real, Reforma, Jardines de Cuernavaca, Monasterio, Vista Hermosa, Bugambilias y Maravillas, por lo que el sistema se encuentra en el proceso de regularizaci\u00f3n del servicio, esto mientras tarda el llenado de tuber\u00edas al cien por ciento.<\/p>\n\n\n\n<p>Consiente del problema social que se ha originado por la falta del l\u00edquido, el organismo operador pidi\u00f3 comprensi\u00f3n a la ciudadan\u00eda, toda vez que se trabaja para que situaciones de esta naturaleza no vuelvan presentarse, salvaguardando el abasto de agua a todos los usuarios del sistema.<\/p>\n\n\n\n<p>De igual forma se invita a los usuarios a contribuir con el SAPAC, realizando su pago de manera puntual, permitiendo con ello, que el sistema pueda cumplir con sus obligaciones, como es el caso del pago de energ\u00eda el\u00e9ctrica.<\/p>\n\n\n\n<figure class=\"wp-container-2 wp-block-gallery-1 wp-block-gallery has-nested-images columns-default is-cropped\">\n<figure class=\"wp-block-image size-large\"><img loading=\"lazy\" width=\"1024\" height=\"768\" data-id=\"12546\"  src=\"https:\/\/cuernavaca.gob.mx\/wp-content\/uploads\/2022\/06\/Reestablecen-energia-electrica-01-1024x768.jpg\" alt=\"\" class=\"wp-image-12546\" srcset=\"https:\/\/cuernavaca.gob.mx\/wp-content\/uploads\/2022\/06\/Reestablecen-energia-electrica-01-1024x768.jpg 1024w, https:\/\/cuernavaca.gob.mx\/wp-content\/uploads\/2022\/06\/Reestablecen-energia-electrica-01-300x225.jpg 300w, https:\/\/cuernavaca.gob.mx\/wp-content\/uploads\/2022\/06\/Reestablecen-energia-electrica-01-768x576.jpg 768w, https:\/\/cuernavaca.gob.mx\/wp-content\/uploads\/2022\/06\/Reestablecen-energia-electrica-01-1536x1152.jpg 1536w, https:\/\/cuernavaca.gob.mx\/wp-content\/uploads\/2022\/06\/Reestablecen-energia-electrica-01-600x450.jpg 600w, https:\/\/cuernavaca.gob.mx\/wp-content\/uploads\/2022\/06\/Reestablecen-energia-electrica-01-560x420.jpg 560w, https:\/\/cuernavaca.gob.mx\/wp-content\/uploads\/2022\/06\/Reestablecen-energia-electrica-01.jpg 1600w\" sizes=\"(max-width: 1024px) 100vw, 1024px\" \/><\/figure>\n\n\n\n<figure class=\"wp-block-image size-large\"><img loading=\"lazy\" width=\"460\" height=\"1024\" data-id=\"12547\"  src=\"https:\/\/cuernavaca.gob.mx\/wp-content\/uploads\/2022\/06\/Reestablecen-energia-electrica-02-460x1024.jpg\" alt=\"\" class=\"wp-image-12547\" srcset=\"https:\/\/cuernavaca.gob.mx\/wp-content\/uploads\/2022\/06\/Reestablecen-energia-electrica-02-460x1024.jpg 460w, https:\/\/cuernavaca.gob.mx\/wp-content\/uploads\/2022\/06\/Reestablecen-energia-electrica-02-135x300.jpg 135w, https:\/\/cuernavaca.gob.mx\/wp-content\/uploads\/2022\/06\/Reestablecen-energia-electrica-02-690x1536.jpg 690w, https:\/\/cuernavaca.gob.mx\/wp-content\/uploads\/2022\/06\/Reestablecen-energia-electrica-02-270x600.jpg 270w, https:\/\/cuernavaca.gob.mx\/wp-content\/uploads\/2022\/06\/Reestablecen-energia-electrica-02-252x560.jpg 252w, https:\/\/cuernavaca.gob.mx\/wp-content\/uploads\/2022\/06\/Reestablecen-energia-electrica-02.jpg 719w\" sizes=\"(max-width: 460px) 100vw, 460px\" \/><\/figure>\n\n\n\n<figure class=\"wp-block-image size-large\"><img loading=\"lazy\" width=\"460\" height=\"1024\" data-id=\"12548\"  src=\"https:\/\/cuernavaca.gob.mx\/wp-content\/uploads\/2022\/06\/Reestablecen-energia-electrica-03-460x1024.jpg\" alt=\"\" class=\"wp-image-12548\" srcset=\"https:\/\/cuernavaca.gob.mx\/wp-content\/uploads\/2022\/06\/Reestablecen-energia-electrica-03-460x1024.jpg 460w, https:\/\/cuernavaca.gob.mx\/wp-content\/uploads\/2022\/06\/Reestablecen-energia-electrica-03-135x300.jpg 135w, https:\/\/cuernavaca.gob.mx\/wp-content\/uploads\/2022\/06\/Reestablecen-energia-electrica-03-690x1536.jpg 690w, https:\/\/cuernavaca.gob.mx\/wp-content\/uploads\/2022\/06\/Reestablecen-energia-electrica-03-270x600.jpg 270w, https:\/\/cuernavaca.gob.mx\/wp-content\/uploads\/2022\/06\/Reestablecen-energia-electrica-03-252x560.jpg 252w, https:\/\/cuernavaca.gob.mx\/wp-content\/uploads\/2022\/06\/Reestablecen-energia-electrica-03.jpg 719w\" sizes=\"(max-width: 460px) 100vw, 460px\" \/><\/figure>\n\n\n\n<figure class=\"wp-block-image size-large\"><img loading=\"lazy\" width=\"768\" height=\"1024\" data-id=\"12550\"  src=\"https:\/\/cuernavaca.gob.mx\/wp-content\/uploads\/2022\/06\/Reestablecen-energia-electrica-04-768x1024.jpg\" alt=\"\" class=\"wp-image-12550\" srcset=\"https:\/\/cuernavaca.gob.mx\/wp-content\/uploads\/2022\/06\/Reestablecen-energia-electrica-04-768x1024.jpg 768w, https:\/\/cuernavaca.gob.mx\/wp-content\/uploads\/2022\/06\/Reestablecen-energia-electrica-04-225x300.jpg 225w, https:\/\/cuernavaca.gob.mx\/wp-content\/uploads\/2022\/06\/Reestablecen-energia-electrica-04-1152x1536.jpg 1152w, https:\/\/cuernavaca.gob.mx\/wp-content\/uploads\/2022\/06\/Reestablecen-energia-electrica-04-450x600.jpg 450w, https:\/\/cuernavaca.gob.mx\/wp-content\/uploads\/2022\/06\/Reestablecen-energia-electrica-04-420x560.jpg 420w, https:\/\/cuernavaca.gob.mx\/wp-content\/uploads\/2022\/06\/Reestablecen-energia-electrica-04.jpg 1200w\" sizes=\"(max-width: 768px) 100vw, 768px\" \/><\/figure>\n\n\n\n<figure class=\"wp-block-image size-large\"><img loading=\"lazy\" width=\"1024\" height=\"768\" data-id=\"12549\"  src=\"https:\/\/cuernavaca.gob.mx\/wp-content\/uploads\/2022\/06\/Reestablecen-energia-electrica-05-1024x768.jpg\" alt=\"\" class=\"wp-image-12549\" srcset=\"https:\/\/cuernavaca.gob.mx\/wp-content\/uploads\/2022\/06\/Reestablecen-energia-electrica-05-1024x768.jpg 1024w, https:\/\/cuernavaca.gob.mx\/wp-content\/uploads\/2022\/06\/Reestablecen-energia-electrica-05-300x225.jpg 300w, https:\/\/cuernavaca.gob.mx\/wp-content\/uploads\/2022\/06\/Reestablecen-energia-electrica-05-768x576.jpg 768w, https:\/\/cuernavaca.gob.mx\/wp-content\/uploads\/2022\/06\/Reestablecen-energia-electrica-05-1536x1152.jpg 1536w, https:\/\/cuernavaca.gob.mx\/wp-content\/uploads\/2022\/06\/Reestablecen-energia-electrica-05-600x450.jpg 600w, https:\/\/cuernavaca.gob.mx\/wp-content\/uploads\/2022\/06\/Reestablecen-energia-electrica-05-560x420.jpg 560w, https:\/\/cuernavaca.gob.mx\/wp-content\/uploads\/2022\/06\/Reestablecen-energia-electrica-05.jpg 1600w\" sizes=\"(max-width: 1024px) 100vw, 1024px\" \/><\/figure>\n<\/figure>\n","protected":false},"excerpt":{"rendered":"<p>Tras acuerdo establecido con autoridades de la CFE, personal de la paraestatal restablece de manera progresiva el suministro de energ\u00eda. El Sistema de Agua potable y Alcantarillado de Cuernavaca (SAPAC) informa a la ciudadan\u00eda de la capital morelense, que tras un acuerdo establecido con autoridades de la Comisi\u00f3n Federal de Electricidad (CFE) por el adeudo [&hellip;]<\/p>\n","protected":false},"author":1,"featured_media":12549,"comment_status":"closed","ping_status":"closed","sticky":false,"template":"","format":"standard","meta":[],"categories":[20,145],"tags":[663,1277,121,941,120,1276,124],"aioseo_notices":[],"_links":{"self":[{"href":"https:\/\/cuernavaca.gob.mx\/index.php?rest_route=\/wp\/v2\/posts\/12545"}],"collection":[{"href":"https:\/\/cuernavaca.gob.mx\/index.php?rest_route=\/wp\/v2\/posts"}],"about":[{"href":"https:\/\/cuernavaca.gob.mx\/index.php?rest_route=\/wp\/v2\/types\/post"}],"author":[{"embeddable":true,"href":"https:\/\/cuernavaca.gob.mx\/index.php?rest_route=\/wp\/v2\/users\/1"}],"replies":[{"embeddable":true,"href":"https:\/\/cuernavaca.gob.mx\/index.php?rest_route=%2Fwp%2Fv2%2Fcomments&post=12545"}],"version-history":[{"count":1,"href":"https:\/\/cuernavaca.gob.mx\/index.php?rest_route=\/wp\/v2\/posts\/12545\/revisions"}],"predecessor-version":[{"id":12551,"href":"https:\/\/cuernavaca.gob.mx\/index.php?rest_route=\/wp\/v2\/posts\/12545\/revisions\/12551"}],"wp:featuredmedia":[{"embeddable":true,"href":"https:\/\/cuernavaca.gob.mx\/index.php?rest_route=\/wp\/v2\/media\/12549"}],"wp:attachment":[{"href":"https:\/\/cuernavaca.gob.mx\/index.php?rest_route=%2Fwp%2Fv2%2Fmedia&parent=12545"}],"wp:term":[{"taxonomy":"category","embeddable":true,"href":"https:\/\/cuernavaca.gob.mx\/index.php?rest_route=%2Fwp%2Fv2%2Fcategories&post=12545"},{"taxonomy":"post_tag","embeddable":true,"href":"https:\/\/cuernavaca.gob.mx\/index.php?rest_route=%2Fwp%2Fv2%2Ftags&post=12545"}],"curies":[{"name":"wp","href":"https:\/\/api.w.org\/{rel}","templated":true}]}}