{"id":12701,"date":"2022-02-25T09:00:00","date_gmt":"2022-02-25T15:00:00","guid":{"rendered":"https:\/\/cuernavaca.gob.mx\/?p=12701"},"modified":"2025-05-06T10:58:45","modified_gmt":"2025-05-06T16:58:45","slug":"b113-25-02-22-recuperar-la-confianza-del-sector-privado-para-reactivar-el-desarrollo-de-cuernavaca-prioridad-del-gobierno-municipal","status":"publish","type":"post","link":"https:\/\/cuernavaca.gob.mx\/?p=12701","title":{"rendered":"B113 25\/02\/22 RECUPERAR LA CONFIANZA DEL SECTOR PRIVADO PARA REACTIVAR EL DESARROLLO DE CUERNAVACA, PRIORIDAD DEL GOBIERNO MUNICIPAL"},"content":{"rendered":"\n<p><strong>Se llev\u00f3 a cabo la 1\u00aa. Asamblea Empresarial &#8220;Cuernavaca Emprende&#8221;<\/strong><\/p>\n\n\n\n<p>Recuperar y preservar la confianza del sector privado para reactivar el desarrollo que le urge a Cuernavaca, fue parte de las reflexiones expresadas por el presidente municipal al acudir como invitado a la 1\u00aa. Asamblea Empresarial &#8220;Cuernavaca Emprende&#8221; realizada por la Secretar\u00eda de Desarrollo Econ\u00f3mico y Turismo a trav\u00e9s de la Direcci\u00f3n de Fomento Empresarial y al Empleo.<\/p>\n\n\n\n<p>Ante empresarias y empresarios, autoridades del sector educativo de nivel bachillerato profesional t\u00e9cnico y grupos de la sociedad civil, el presidente municipal coment\u00f3 que una de las prioridades de su administraci\u00f3n es crear las condiciones que fueron trastocadas desde hace varios a\u00f1os por abandono, abusos y falta de proyectos en la ciudad capital del estado.<\/p>\n\n\n\n<p>Dijo que este tipo de encuentros y sus participantes auguran buenos resultados para Cuernavaca, reconociendo que, si bien generar empleos no es sencillo para el sector privado, lo ser\u00e1 en cuanto el Gobierno Municipal en lugar de ser considerado como el primer empleador, se avoque a contar solo con el personal estrictamente indispensable para prestar servicios de calidad, implementando estrategias que se reflejen en mejores condiciones de certeza jur\u00eddica, de seguridad y la recuperaci\u00f3n de la imagen urbana, que buscan los inversionistas.<\/p>\n\n\n\n<p>El mensaje que se estar\u00e1 impulsando desde el Ayuntamiento de Cuernavaca, es que hay armon\u00eda y unidad entre el sector publico municipal y el sector privado, lo que puede ser un atractivo para que empresarios volteen a ver al municipio para desarrollar sus modelos de negocio, y con la experiencia de liderazgos reconocidos en Morelos, pronto se cambie la percepci\u00f3n de descuido en la que se mantuvo a la ciudad.<\/p>\n\n\n\n<p>A trav\u00e9s de la Asamblea &#8220;Cuernavaca Emprende&#8221;, se organizar\u00e1n foros, exposiciones, ferias, asesor\u00edas en l\u00ednea y presenciales, vinculando al sector empresarial con la sociedad para apoyar los proyectos detonantes del desarrollo econ\u00f3mico local y del turismo, que es uno de los grandes motores de ingresos de manera comprobada.<\/p>\n\n\n\n<figure class=\"wp-container-2 wp-block-gallery-1 wp-block-gallery has-nested-images columns-default is-cropped\">\n<figure class=\"wp-block-image size-large\"><img loading=\"lazy\" width=\"1024\" height=\"683\" data-id=\"12702\"  src=\"https:\/\/cuernavaca.gob.mx\/wp-content\/uploads\/2022\/06\/Cuernavaca-emprende-01-1024x683.jpg\" alt=\"\" class=\"wp-image-12702\" srcset=\"https:\/\/cuernavaca.gob.mx\/wp-content\/uploads\/2022\/06\/Cuernavaca-emprende-01-1024x683.jpg 1024w, https:\/\/cuernavaca.gob.mx\/wp-content\/uploads\/2022\/06\/Cuernavaca-emprende-01-300x200.jpg 300w, https:\/\/cuernavaca.gob.mx\/wp-content\/uploads\/2022\/06\/Cuernavaca-emprende-01-768x512.jpg 768w, https:\/\/cuernavaca.gob.mx\/wp-content\/uploads\/2022\/06\/Cuernavaca-emprende-01-1536x1024.jpg 1536w, https:\/\/cuernavaca.gob.mx\/wp-content\/uploads\/2022\/06\/Cuernavaca-emprende-01-600x400.jpg 600w, https:\/\/cuernavaca.gob.mx\/wp-content\/uploads\/2022\/06\/Cuernavaca-emprende-01-560x373.jpg 560w, https:\/\/cuernavaca.gob.mx\/wp-content\/uploads\/2022\/06\/Cuernavaca-emprende-01.jpg 1599w\" sizes=\"(max-width: 1024px) 100vw, 1024px\" \/><\/figure>\n\n\n\n<figure class=\"wp-block-image size-large\"><img loading=\"lazy\" width=\"1024\" height=\"681\" data-id=\"12706\"  src=\"https:\/\/cuernavaca.gob.mx\/wp-content\/uploads\/2022\/06\/Cuernavaca-emprende-02-1024x681.jpg\" alt=\"\" class=\"wp-image-12706\" srcset=\"https:\/\/cuernavaca.gob.mx\/wp-content\/uploads\/2022\/06\/Cuernavaca-emprende-02-1024x681.jpg 1024w, https:\/\/cuernavaca.gob.mx\/wp-content\/uploads\/2022\/06\/Cuernavaca-emprende-02-300x199.jpg 300w, https:\/\/cuernavaca.gob.mx\/wp-content\/uploads\/2022\/06\/Cuernavaca-emprende-02-768x511.jpg 768w, https:\/\/cuernavaca.gob.mx\/wp-content\/uploads\/2022\/06\/Cuernavaca-emprende-02-600x399.jpg 600w, https:\/\/cuernavaca.gob.mx\/wp-content\/uploads\/2022\/06\/Cuernavaca-emprende-02-560x372.jpg 560w, https:\/\/cuernavaca.gob.mx\/wp-content\/uploads\/2022\/06\/Cuernavaca-emprende-02.jpg 1280w\" sizes=\"(max-width: 1024px) 100vw, 1024px\" \/><\/figure>\n\n\n\n<figure class=\"wp-block-image size-large\"><img loading=\"lazy\" width=\"1024\" height=\"681\" data-id=\"12704\"  src=\"https:\/\/cuernavaca.gob.mx\/wp-content\/uploads\/2022\/06\/Cuernavaca-emprende-03-1024x681.jpg\" alt=\"\" class=\"wp-image-12704\" srcset=\"https:\/\/cuernavaca.gob.mx\/wp-content\/uploads\/2022\/06\/Cuernavaca-emprende-03-1024x681.jpg 1024w, https:\/\/cuernavaca.gob.mx\/wp-content\/uploads\/2022\/06\/Cuernavaca-emprende-03-300x199.jpg 300w, https:\/\/cuernavaca.gob.mx\/wp-content\/uploads\/2022\/06\/Cuernavaca-emprende-03-768x511.jpg 768w, https:\/\/cuernavaca.gob.mx\/wp-content\/uploads\/2022\/06\/Cuernavaca-emprende-03-600x399.jpg 600w, https:\/\/cuernavaca.gob.mx\/wp-content\/uploads\/2022\/06\/Cuernavaca-emprende-03-560x372.jpg 560w, https:\/\/cuernavaca.gob.mx\/wp-content\/uploads\/2022\/06\/Cuernavaca-emprende-03.jpg 1280w\" sizes=\"(max-width: 1024px) 100vw, 1024px\" \/><\/figure>\n\n\n\n<figure class=\"wp-block-image size-large\"><img loading=\"lazy\" width=\"1024\" height=\"681\" data-id=\"12705\"  src=\"https:\/\/cuernavaca.gob.mx\/wp-content\/uploads\/2022\/06\/Cuernavaca-emprende-04-1024x681.jpg\" alt=\"\" class=\"wp-image-12705\" srcset=\"https:\/\/cuernavaca.gob.mx\/wp-content\/uploads\/2022\/06\/Cuernavaca-emprende-04-1024x681.jpg 1024w, https:\/\/cuernavaca.gob.mx\/wp-content\/uploads\/2022\/06\/Cuernavaca-emprende-04-300x199.jpg 300w, https:\/\/cuernavaca.gob.mx\/wp-content\/uploads\/2022\/06\/Cuernavaca-emprende-04-768x511.jpg 768w, https:\/\/cuernavaca.gob.mx\/wp-content\/uploads\/2022\/06\/Cuernavaca-emprende-04-600x399.jpg 600w, https:\/\/cuernavaca.gob.mx\/wp-content\/uploads\/2022\/06\/Cuernavaca-emprende-04-560x372.jpg 560w, https:\/\/cuernavaca.gob.mx\/wp-content\/uploads\/2022\/06\/Cuernavaca-emprende-04.jpg 1280w\" sizes=\"(max-width: 1024px) 100vw, 1024px\" \/><\/figure>\n\n\n\n<figure class=\"wp-block-image size-large\"><img loading=\"lazy\" width=\"1024\" height=\"683\" data-id=\"12703\"  src=\"https:\/\/cuernavaca.gob.mx\/wp-content\/uploads\/2022\/06\/Cuernavaca-emprende-05-1024x683.jpg\" alt=\"\" class=\"wp-image-12703\" srcset=\"https:\/\/cuernavaca.gob.mx\/wp-content\/uploads\/2022\/06\/Cuernavaca-emprende-05-1024x683.jpg 1024w, https:\/\/cuernavaca.gob.mx\/wp-content\/uploads\/2022\/06\/Cuernavaca-emprende-05-300x200.jpg 300w, https:\/\/cuernavaca.gob.mx\/wp-content\/uploads\/2022\/06\/Cuernavaca-emprende-05-768x512.jpg 768w, https:\/\/cuernavaca.gob.mx\/wp-content\/uploads\/2022\/06\/Cuernavaca-emprende-05-1536x1024.jpg 1536w, https:\/\/cuernavaca.gob.mx\/wp-content\/uploads\/2022\/06\/Cuernavaca-emprende-05-600x400.jpg 600w, https:\/\/cuernavaca.gob.mx\/wp-content\/uploads\/2022\/06\/Cuernavaca-emprende-05-560x373.jpg 560w, https:\/\/cuernavaca.gob.mx\/wp-content\/uploads\/2022\/06\/Cuernavaca-emprende-05.jpg 1599w\" sizes=\"(max-width: 1024px) 100vw, 1024px\" \/><\/figure>\n<\/figure>\n","protected":false},"excerpt":{"rendered":"<p>Se llev\u00f3 a cabo la 1\u00aa. Asamblea Empresarial &#8220;Cuernavaca Emprende&#8221; Recuperar y preservar la confianza del sector privado para reactivar el desarrollo que le urge a Cuernavaca, fue parte de las reflexiones expresadas por el presidente municipal al acudir como invitado a la 1\u00aa. Asamblea Empresarial &#8220;Cuernavaca Emprende&#8221; realizada por la Secretar\u00eda de Desarrollo Econ\u00f3mico [&hellip;]<\/p>\n","protected":false},"author":1,"featured_media":12706,"comment_status":"closed","ping_status":"closed","sticky":false,"template":"","format":"standard","meta":[],"categories":[20,21],"tags":[1327,158,121,1325,836,120,1326],"aioseo_notices":[],"_links":{"self":[{"href":"https:\/\/cuernavaca.gob.mx\/index.php?rest_route=\/wp\/v2\/posts\/12701"}],"collection":[{"href":"https:\/\/cuernavaca.gob.mx\/index.php?rest_route=\/wp\/v2\/posts"}],"about":[{"href":"https:\/\/cuernavaca.gob.mx\/index.php?rest_route=\/wp\/v2\/types\/post"}],"author":[{"embeddable":true,"href":"https:\/\/cuernavaca.gob.mx\/index.php?rest_route=\/wp\/v2\/users\/1"}],"replies":[{"embeddable":true,"href":"https:\/\/cuernavaca.gob.mx\/index.php?rest_route=%2Fwp%2Fv2%2Fcomments&post=12701"}],"version-history":[{"count":1,"href":"https:\/\/cuernavaca.gob.mx\/index.php?rest_route=\/wp\/v2\/posts\/12701\/revisions"}],"predecessor-version":[{"id":12707,"href":"https:\/\/cuernavaca.gob.mx\/index.php?rest_route=\/wp\/v2\/posts\/12701\/revisions\/12707"}],"wp:featuredmedia":[{"embeddable":true,"href":"https:\/\/cuernavaca.gob.mx\/index.php?rest_route=\/wp\/v2\/media\/12706"}],"wp:attachment":[{"href":"https:\/\/cuernavaca.gob.mx\/index.php?rest_route=%2Fwp%2Fv2%2Fmedia&parent=12701"}],"wp:term":[{"taxonomy":"category","embeddable":true,"href":"https:\/\/cuernavaca.gob.mx\/index.php?rest_route=%2Fwp%2Fv2%2Fcategories&post=12701"},{"taxonomy":"post_tag","embeddable":true,"href":"https:\/\/cuernavaca.gob.mx\/index.php?rest_route=%2Fwp%2Fv2%2Ftags&post=12701"}],"curies":[{"name":"wp","href":"https:\/\/api.w.org\/{rel}","templated":true}]}}