{"id":12716,"date":"2022-02-25T13:00:00","date_gmt":"2022-02-25T19:00:00","guid":{"rendered":"https:\/\/cuernavaca.gob.mx\/?p=12716"},"modified":"2025-05-06T10:58:45","modified_gmt":"2025-05-06T16:58:45","slug":"b115-25-02-22-dan-inicio-los-foros-de-consulta-ciudadana-2022-2024-convocados-por-el-ayuntamiento-de-cuernavaca","status":"publish","type":"post","link":"https:\/\/cuernavaca.gob.mx\/?p=12716","title":{"rendered":"B115 25\/02\/22 DAN INICIO LOS FOROS DE CONSULTA CIUDADANA 2022-2024 CONVOCADOS POR EL AYUNTAMIENTO DE CUERNAVACA"},"content":{"rendered":"\n<p><strong>En total son 6 los ejercicios a los que se invita a habitantes de la ciudad, representantes de sectores y organizaciones no gubernamentales<\/strong><\/p>\n\n\n\n<p><strong>Se comenz\u00f3 con el tema de Cuernavaca Sostenible, Medio Ambiente, Agua y Servicios P\u00fablicos<\/strong><\/p>\n\n\n\n<p>A partir de este 25 de febrero y hasta el 04 de marzo, el Ayuntamiento de Cuernavaca con fundamento en lo que establece la Constituci\u00f3n Pol\u00edtica de los Estado Unidos Mexicanos, la Constituci\u00f3n Pol\u00edtica del Estado de Morelos, la Ley Estatal de Planeaci\u00f3n, la Ley Org\u00e1nica Municipal del Estado de Morelos y el Reglamento del Comit\u00e9 de Planeaci\u00f3n para el Desarrollo del Municipio de Cuernavaca, realiza los Foros de Consulta Ciudadana 2022-2024.<\/p>\n\n\n\n<p>Un total de 6 sesiones abiertas a las que se invita a habitantes del municipio, representantes de sectores sociales, obreros, empresarios, acad\u00e9micos, servidores p\u00fablicos de los tres niveles de Gobierno, organizaciones no gubernamentales y ciudadanos especializados en materias de desarrollo municipal, a participar en estos espacios que versan en tem\u00e1ticas centrales: Cuernavaca Sostenible; Cuernavaca Socialmente Inclusiva; Cuernavaca Productiva y Eficiente; Cuernavaca con Movilidad y Desarrollo Urbano; Cuernavaca con Seguridad e Igualdad de G\u00e9nero.<\/p>\n\n\n\n<p>El primero de estos foros se realiz\u00f3 en la explanada del parque &#8220;Luis Donaldo Colosio&#8221; Alameda de la Solidaridad con la tem\u00e1tica Cuernavaca Sostenible, donde los asistentes presentaron sus propuestas relacionadas a Medio Ambiente, Agua y Servicios P\u00fablicos a las autoridades del Gobierno Municipal coordinadas por personal del Instituto Municipal de Planeaci\u00f3n (IMPLAN) y del Comit\u00e9 de Planeaci\u00f3n para el Desarrollo del Municipio de Cuernavaca (COMPLADEMUN).<\/p>\n\n\n\n<p>El titular del IMPLAN explic\u00f3 que las propuestas y peticiones ciudadanas recibidas, tienen la posibilidad de que sean consideradas en la integraci\u00f3n del Plan Municipal de Desarrollo 2022-2024, previa revisi\u00f3n para determinar competencia, viabilidad, pero sobre todo la contribuci\u00f3n a hacer frente a los grandes desaf\u00edos de Cuernavaca.<\/p>\n\n\n\n<p>Agreg\u00f3 que los ciudadanos interesados en participar en los Foros de Consulta Ciudadana 2022-2024, pueden llenar un formulario de registro habilitado en la p\u00e1gina www.cuernavaca.gob.mx o bien entregar sus propuestas de manera f\u00edsica anticipada en las instalaciones de la Direcci\u00f3n de COPLADEMUN, ubicadas en la Calle Cuauhtemotz\u00edn No. 4 colonia Centro de Cuernavaca, en un horario de atenci\u00f3n de 08:00 a 15:00 horas o enviarlas al correo electr\u00f3nico forosciudadanos@cuernavaca.gob.mx<\/p>\n\n\n\n<p>El segundo foro se desarrollar\u00e1 el pr\u00f3ximo lunes 28 de febrero en la Cancha Techada de la Escuela Secundaria 10 \u201cMiguel Salinas\u201d de la colonia San Miguel Acapantzingo con la tem\u00e1tica Cuernavaca Socialmente Inclusiva, donde se recibir\u00e1n propuestas relacionadas al arte y cultura, participaci\u00f3n ciudadana, juventud, familia, personas Vulnerables y Salud, en un horario de 10:00 a 13:00 horas<\/p>\n\n\n\n<figure class=\"wp-container-2 wp-block-gallery-1 wp-block-gallery has-nested-images columns-default is-cropped\">\n<figure class=\"wp-block-image size-large\"><img loading=\"lazy\" width=\"1024\" height=\"681\" data-id=\"12719\"  src=\"https:\/\/cuernavaca.gob.mx\/wp-content\/uploads\/2022\/06\/Foros-de-consulta-ciudadana-01-1-1024x681.jpg\" alt=\"\" class=\"wp-image-12719\" srcset=\"https:\/\/cuernavaca.gob.mx\/wp-content\/uploads\/2022\/06\/Foros-de-consulta-ciudadana-01-1-1024x681.jpg 1024w, https:\/\/cuernavaca.gob.mx\/wp-content\/uploads\/2022\/06\/Foros-de-consulta-ciudadana-01-1-300x199.jpg 300w, https:\/\/cuernavaca.gob.mx\/wp-content\/uploads\/2022\/06\/Foros-de-consulta-ciudadana-01-1-768x511.jpg 768w, https:\/\/cuernavaca.gob.mx\/wp-content\/uploads\/2022\/06\/Foros-de-consulta-ciudadana-01-1-600x399.jpg 600w, https:\/\/cuernavaca.gob.mx\/wp-content\/uploads\/2022\/06\/Foros-de-consulta-ciudadana-01-1-560x372.jpg 560w, https:\/\/cuernavaca.gob.mx\/wp-content\/uploads\/2022\/06\/Foros-de-consulta-ciudadana-01-1.jpg 1280w\" sizes=\"(max-width: 1024px) 100vw, 1024px\" \/><\/figure>\n\n\n\n<figure class=\"wp-block-image size-large\"><img loading=\"lazy\" width=\"1024\" height=\"681\" data-id=\"12717\"  src=\"https:\/\/cuernavaca.gob.mx\/wp-content\/uploads\/2022\/06\/Foros-de-consulta-ciudadana-02-1-1024x681.jpg\" alt=\"\" class=\"wp-image-12717\" srcset=\"https:\/\/cuernavaca.gob.mx\/wp-content\/uploads\/2022\/06\/Foros-de-consulta-ciudadana-02-1-1024x681.jpg 1024w, https:\/\/cuernavaca.gob.mx\/wp-content\/uploads\/2022\/06\/Foros-de-consulta-ciudadana-02-1-300x199.jpg 300w, https:\/\/cuernavaca.gob.mx\/wp-content\/uploads\/2022\/06\/Foros-de-consulta-ciudadana-02-1-768x511.jpg 768w, https:\/\/cuernavaca.gob.mx\/wp-content\/uploads\/2022\/06\/Foros-de-consulta-ciudadana-02-1-600x399.jpg 600w, https:\/\/cuernavaca.gob.mx\/wp-content\/uploads\/2022\/06\/Foros-de-consulta-ciudadana-02-1-560x372.jpg 560w, https:\/\/cuernavaca.gob.mx\/wp-content\/uploads\/2022\/06\/Foros-de-consulta-ciudadana-02-1.jpg 1280w\" sizes=\"(max-width: 1024px) 100vw, 1024px\" \/><\/figure>\n\n\n\n<figure class=\"wp-block-image size-large\"><img loading=\"lazy\" width=\"1024\" height=\"681\" data-id=\"12720\"  src=\"https:\/\/cuernavaca.gob.mx\/wp-content\/uploads\/2022\/06\/Foros-de-consulta-ciudadana-03-1-1024x681.jpg\" alt=\"\" class=\"wp-image-12720\" srcset=\"https:\/\/cuernavaca.gob.mx\/wp-content\/uploads\/2022\/06\/Foros-de-consulta-ciudadana-03-1-1024x681.jpg 1024w, https:\/\/cuernavaca.gob.mx\/wp-content\/uploads\/2022\/06\/Foros-de-consulta-ciudadana-03-1-300x199.jpg 300w, https:\/\/cuernavaca.gob.mx\/wp-content\/uploads\/2022\/06\/Foros-de-consulta-ciudadana-03-1-768x511.jpg 768w, https:\/\/cuernavaca.gob.mx\/wp-content\/uploads\/2022\/06\/Foros-de-consulta-ciudadana-03-1-600x399.jpg 600w, https:\/\/cuernavaca.gob.mx\/wp-content\/uploads\/2022\/06\/Foros-de-consulta-ciudadana-03-1-560x372.jpg 560w, https:\/\/cuernavaca.gob.mx\/wp-content\/uploads\/2022\/06\/Foros-de-consulta-ciudadana-03-1.jpg 1280w\" sizes=\"(max-width: 1024px) 100vw, 1024px\" \/><\/figure>\n\n\n\n<figure class=\"wp-block-image size-large\"><img loading=\"lazy\" width=\"1024\" height=\"681\" data-id=\"12718\"  src=\"https:\/\/cuernavaca.gob.mx\/wp-content\/uploads\/2022\/06\/Foros-de-consulta-ciudadana-04-1024x681.jpg\" alt=\"\" class=\"wp-image-12718\" srcset=\"https:\/\/cuernavaca.gob.mx\/wp-content\/uploads\/2022\/06\/Foros-de-consulta-ciudadana-04-1024x681.jpg 1024w, https:\/\/cuernavaca.gob.mx\/wp-content\/uploads\/2022\/06\/Foros-de-consulta-ciudadana-04-300x199.jpg 300w, https:\/\/cuernavaca.gob.mx\/wp-content\/uploads\/2022\/06\/Foros-de-consulta-ciudadana-04-768x511.jpg 768w, https:\/\/cuernavaca.gob.mx\/wp-content\/uploads\/2022\/06\/Foros-de-consulta-ciudadana-04-600x399.jpg 600w, https:\/\/cuernavaca.gob.mx\/wp-content\/uploads\/2022\/06\/Foros-de-consulta-ciudadana-04-560x372.jpg 560w, https:\/\/cuernavaca.gob.mx\/wp-content\/uploads\/2022\/06\/Foros-de-consulta-ciudadana-04.jpg 1280w\" sizes=\"(max-width: 1024px) 100vw, 1024px\" \/><\/figure>\n<\/figure>\n","protected":false},"excerpt":{"rendered":"<p>En total son 6 los ejercicios a los que se invita a habitantes de la ciudad, representantes de sectores y organizaciones no gubernamentales Se comenz\u00f3 con el tema de Cuernavaca Sostenible, Medio Ambiente, Agua y Servicios P\u00fablicos A partir de este 25 de febrero y hasta el 04 de marzo, el Ayuntamiento de Cuernavaca con [&hellip;]<\/p>\n","protected":false},"author":1,"featured_media":12719,"comment_status":"closed","ping_status":"closed","sticky":false,"template":"","format":"standard","meta":[],"categories":[20],"tags":[317,121,796,1329,318,120,1055,1054],"aioseo_notices":[],"_links":{"self":[{"href":"https:\/\/cuernavaca.gob.mx\/index.php?rest_route=\/wp\/v2\/posts\/12716"}],"collection":[{"href":"https:\/\/cuernavaca.gob.mx\/index.php?rest_route=\/wp\/v2\/posts"}],"about":[{"href":"https:\/\/cuernavaca.gob.mx\/index.php?rest_route=\/wp\/v2\/types\/post"}],"author":[{"embeddable":true,"href":"https:\/\/cuernavaca.gob.mx\/index.php?rest_route=\/wp\/v2\/users\/1"}],"replies":[{"embeddable":true,"href":"https:\/\/cuernavaca.gob.mx\/index.php?rest_route=%2Fwp%2Fv2%2Fcomments&post=12716"}],"version-history":[{"count":1,"href":"https:\/\/cuernavaca.gob.mx\/index.php?rest_route=\/wp\/v2\/posts\/12716\/revisions"}],"predecessor-version":[{"id":12721,"href":"https:\/\/cuernavaca.gob.mx\/index.php?rest_route=\/wp\/v2\/posts\/12716\/revisions\/12721"}],"wp:featuredmedia":[{"embeddable":true,"href":"https:\/\/cuernavaca.gob.mx\/index.php?rest_route=\/wp\/v2\/media\/12719"}],"wp:attachment":[{"href":"https:\/\/cuernavaca.gob.mx\/index.php?rest_route=%2Fwp%2Fv2%2Fmedia&parent=12716"}],"wp:term":[{"taxonomy":"category","embeddable":true,"href":"https:\/\/cuernavaca.gob.mx\/index.php?rest_route=%2Fwp%2Fv2%2Fcategories&post=12716"},{"taxonomy":"post_tag","embeddable":true,"href":"https:\/\/cuernavaca.gob.mx\/index.php?rest_route=%2Fwp%2Fv2%2Ftags&post=12716"}],"curies":[{"name":"wp","href":"https:\/\/api.w.org\/{rel}","templated":true}]}}