{"id":12722,"date":"2022-02-25T15:00:00","date_gmt":"2022-02-25T21:00:00","guid":{"rendered":"https:\/\/cuernavaca.gob.mx\/?p=12722"},"modified":"2025-05-06T10:58:44","modified_gmt":"2025-05-06T16:58:44","slug":"f-25-02-22-con-activacion-fisica-y-platicas-conmemora-el-instituto-de-la-mujer-en-cuernavaca-el-dia-naranja","status":"publish","type":"post","link":"https:\/\/cuernavaca.gob.mx\/?p=12722","title":{"rendered":"F 25\/02\/22 CON ACTIVACI\u00d3N F\u00cdSICA Y PLATICAS CONMEMORA EL INSTITUTO DE LA MUJER EN CUERNAVACA EL D\u00cdA NARANJA"},"content":{"rendered":"\n<p>Con el mensaje de erradicar cualquier expresi\u00f3n y acto de violencia por cuesti\u00f3n de g\u00e9nero, en la cancha de usos m\u00faltiples de la colonia Sat\u00e9lite, el Instituto de la Mujer de Cuernavaca en conjunto con la Delegaci\u00f3n Vicente Guerrero, llevaron a cabo una serie de actividades para conmemorar como cada d\u00eda 25 de mes el denominado D\u00eda Naranja dedicado a generar conciencia y prevenir la violencia contra mujeres y ni\u00f1as.<\/p>\n\n\n\n<p>Con una intensa activaci\u00f3n f\u00edsica, mujeres de diferentes edades convocadas este 25 de febrero, lograron desarrollar no tan solo ejercicio, sino aprender instrucci\u00f3n b\u00e1sica de defensa personal, su desarrollo cognitivo a trav\u00e9s de diferentes din\u00e1micas de esfuerzo f\u00edsico, pero sobre todo una integraci\u00f3n entre las participantes de esta colonia.<\/p>\n\n\n\n<p>La titular del Instituto de la Mujer de Cuernavaca, inform\u00f3 que estas actividades que se estar\u00e1n realizando en las diferentes delegaciones y Ayudant\u00edas, van acompa\u00f1adas de asesor\u00edas psicol\u00f3gicas y jur\u00eddicas, pl\u00e1ticas sobre econom\u00eda dom\u00e9stica y emprendimiento de proyectos, que permitan a las mujeres un desarrollo personal, con el acompa\u00f1amiento de especialistas y organismos municipales como el Instituto del Deporte, el Instituto de la Juventud, la Secretar\u00eda de Desarrollo Humano y Participaci\u00f3n Social, entre otras dependencias.<\/p>\n\n\n\n<figure class=\"wp-container-2 wp-block-gallery-1 wp-block-gallery has-nested-images columns-default is-cropped\">\n<figure class=\"wp-block-image size-large\"><img loading=\"lazy\" width=\"1024\" height=\"681\" data-id=\"12726\"  src=\"https:\/\/cuernavaca.gob.mx\/wp-content\/uploads\/2022\/06\/IMC-Di\u0301a-Naranja-01-1024x681.jpg\" alt=\"\" class=\"wp-image-12726\" srcset=\"https:\/\/cuernavaca.gob.mx\/wp-content\/uploads\/2022\/06\/IMC-Di\u0301a-Naranja-01-1024x681.jpg 1024w, https:\/\/cuernavaca.gob.mx\/wp-content\/uploads\/2022\/06\/IMC-Di\u0301a-Naranja-01-300x199.jpg 300w, https:\/\/cuernavaca.gob.mx\/wp-content\/uploads\/2022\/06\/IMC-Di\u0301a-Naranja-01-768x511.jpg 768w, https:\/\/cuernavaca.gob.mx\/wp-content\/uploads\/2022\/06\/IMC-Di\u0301a-Naranja-01-600x399.jpg 600w, https:\/\/cuernavaca.gob.mx\/wp-content\/uploads\/2022\/06\/IMC-Di\u0301a-Naranja-01-560x372.jpg 560w, https:\/\/cuernavaca.gob.mx\/wp-content\/uploads\/2022\/06\/IMC-Di\u0301a-Naranja-01.jpg 1280w\" sizes=\"(max-width: 1024px) 100vw, 1024px\" \/><\/figure>\n\n\n\n<figure class=\"wp-block-image size-large\"><img loading=\"lazy\" width=\"1024\" height=\"681\" data-id=\"12725\"  src=\"https:\/\/cuernavaca.gob.mx\/wp-content\/uploads\/2022\/06\/IMC-Di\u0301a-Naranja-02-1024x681.jpg\" alt=\"\" class=\"wp-image-12725\" srcset=\"https:\/\/cuernavaca.gob.mx\/wp-content\/uploads\/2022\/06\/IMC-Di\u0301a-Naranja-02-1024x681.jpg 1024w, https:\/\/cuernavaca.gob.mx\/wp-content\/uploads\/2022\/06\/IMC-Di\u0301a-Naranja-02-300x199.jpg 300w, https:\/\/cuernavaca.gob.mx\/wp-content\/uploads\/2022\/06\/IMC-Di\u0301a-Naranja-02-768x511.jpg 768w, https:\/\/cuernavaca.gob.mx\/wp-content\/uploads\/2022\/06\/IMC-Di\u0301a-Naranja-02-600x399.jpg 600w, https:\/\/cuernavaca.gob.mx\/wp-content\/uploads\/2022\/06\/IMC-Di\u0301a-Naranja-02-560x372.jpg 560w, https:\/\/cuernavaca.gob.mx\/wp-content\/uploads\/2022\/06\/IMC-Di\u0301a-Naranja-02.jpg 1280w\" sizes=\"(max-width: 1024px) 100vw, 1024px\" \/><\/figure>\n\n\n\n<figure class=\"wp-block-image size-large\"><img loading=\"lazy\" width=\"1024\" height=\"681\" data-id=\"12724\"  src=\"https:\/\/cuernavaca.gob.mx\/wp-content\/uploads\/2022\/06\/IMC-Di\u0301a-Naranja-03-1024x681.jpg\" alt=\"\" class=\"wp-image-12724\" srcset=\"https:\/\/cuernavaca.gob.mx\/wp-content\/uploads\/2022\/06\/IMC-Di\u0301a-Naranja-03-1024x681.jpg 1024w, https:\/\/cuernavaca.gob.mx\/wp-content\/uploads\/2022\/06\/IMC-Di\u0301a-Naranja-03-300x199.jpg 300w, https:\/\/cuernavaca.gob.mx\/wp-content\/uploads\/2022\/06\/IMC-Di\u0301a-Naranja-03-768x511.jpg 768w, https:\/\/cuernavaca.gob.mx\/wp-content\/uploads\/2022\/06\/IMC-Di\u0301a-Naranja-03-600x399.jpg 600w, https:\/\/cuernavaca.gob.mx\/wp-content\/uploads\/2022\/06\/IMC-Di\u0301a-Naranja-03-560x372.jpg 560w, https:\/\/cuernavaca.gob.mx\/wp-content\/uploads\/2022\/06\/IMC-Di\u0301a-Naranja-03.jpg 1280w\" sizes=\"(max-width: 1024px) 100vw, 1024px\" \/><\/figure>\n\n\n\n<figure class=\"wp-block-image size-large\"><img loading=\"lazy\" width=\"1024\" height=\"681\" data-id=\"12727\"  src=\"https:\/\/cuernavaca.gob.mx\/wp-content\/uploads\/2022\/06\/IMC-Di\u0301a-Naranja-04-1024x681.jpg\" alt=\"\" class=\"wp-image-12727\" srcset=\"https:\/\/cuernavaca.gob.mx\/wp-content\/uploads\/2022\/06\/IMC-Di\u0301a-Naranja-04-1024x681.jpg 1024w, https:\/\/cuernavaca.gob.mx\/wp-content\/uploads\/2022\/06\/IMC-Di\u0301a-Naranja-04-300x199.jpg 300w, https:\/\/cuernavaca.gob.mx\/wp-content\/uploads\/2022\/06\/IMC-Di\u0301a-Naranja-04-768x511.jpg 768w, https:\/\/cuernavaca.gob.mx\/wp-content\/uploads\/2022\/06\/IMC-Di\u0301a-Naranja-04-600x399.jpg 600w, https:\/\/cuernavaca.gob.mx\/wp-content\/uploads\/2022\/06\/IMC-Di\u0301a-Naranja-04-560x372.jpg 560w, https:\/\/cuernavaca.gob.mx\/wp-content\/uploads\/2022\/06\/IMC-Di\u0301a-Naranja-04.jpg 1280w\" sizes=\"(max-width: 1024px) 100vw, 1024px\" \/><\/figure>\n\n\n\n<figure class=\"wp-block-image size-large\"><img loading=\"lazy\" width=\"1024\" height=\"681\" data-id=\"12723\"  src=\"https:\/\/cuernavaca.gob.mx\/wp-content\/uploads\/2022\/06\/IMC-Di\u0301a-Naranja-05-1024x681.jpg\" alt=\"\" class=\"wp-image-12723\" srcset=\"https:\/\/cuernavaca.gob.mx\/wp-content\/uploads\/2022\/06\/IMC-Di\u0301a-Naranja-05-1024x681.jpg 1024w, https:\/\/cuernavaca.gob.mx\/wp-content\/uploads\/2022\/06\/IMC-Di\u0301a-Naranja-05-300x199.jpg 300w, https:\/\/cuernavaca.gob.mx\/wp-content\/uploads\/2022\/06\/IMC-Di\u0301a-Naranja-05-768x511.jpg 768w, https:\/\/cuernavaca.gob.mx\/wp-content\/uploads\/2022\/06\/IMC-Di\u0301a-Naranja-05-600x399.jpg 600w, https:\/\/cuernavaca.gob.mx\/wp-content\/uploads\/2022\/06\/IMC-Di\u0301a-Naranja-05-560x372.jpg 560w, https:\/\/cuernavaca.gob.mx\/wp-content\/uploads\/2022\/06\/IMC-Di\u0301a-Naranja-05.jpg 1280w\" sizes=\"(max-width: 1024px) 100vw, 1024px\" \/><\/figure>\n<\/figure>\n","protected":false},"excerpt":{"rendered":"<p>Con el mensaje de erradicar cualquier expresi\u00f3n y acto de violencia por cuesti\u00f3n de g\u00e9nero, en la cancha de usos m\u00faltiples de la colonia Sat\u00e9lite, el Instituto de la Mujer de Cuernavaca en conjunto con la Delegaci\u00f3n Vicente Guerrero, llevaron a cabo una serie de actividades para conmemorar como cada d\u00eda 25 de mes el [&hellip;]<\/p>\n","protected":false},"author":1,"featured_media":12727,"comment_status":"closed","ping_status":"closed","sticky":false,"template":"","format":"standard","meta":[],"categories":[20,280],"tags":[121,1330,637,289,120,202,379],"aioseo_notices":[],"_links":{"self":[{"href":"https:\/\/cuernavaca.gob.mx\/index.php?rest_route=\/wp\/v2\/posts\/12722"}],"collection":[{"href":"https:\/\/cuernavaca.gob.mx\/index.php?rest_route=\/wp\/v2\/posts"}],"about":[{"href":"https:\/\/cuernavaca.gob.mx\/index.php?rest_route=\/wp\/v2\/types\/post"}],"author":[{"embeddable":true,"href":"https:\/\/cuernavaca.gob.mx\/index.php?rest_route=\/wp\/v2\/users\/1"}],"replies":[{"embeddable":true,"href":"https:\/\/cuernavaca.gob.mx\/index.php?rest_route=%2Fwp%2Fv2%2Fcomments&post=12722"}],"version-history":[{"count":1,"href":"https:\/\/cuernavaca.gob.mx\/index.php?rest_route=\/wp\/v2\/posts\/12722\/revisions"}],"predecessor-version":[{"id":12728,"href":"https:\/\/cuernavaca.gob.mx\/index.php?rest_route=\/wp\/v2\/posts\/12722\/revisions\/12728"}],"wp:featuredmedia":[{"embeddable":true,"href":"https:\/\/cuernavaca.gob.mx\/index.php?rest_route=\/wp\/v2\/media\/12727"}],"wp:attachment":[{"href":"https:\/\/cuernavaca.gob.mx\/index.php?rest_route=%2Fwp%2Fv2%2Fmedia&parent=12722"}],"wp:term":[{"taxonomy":"category","embeddable":true,"href":"https:\/\/cuernavaca.gob.mx\/index.php?rest_route=%2Fwp%2Fv2%2Fcategories&post=12722"},{"taxonomy":"post_tag","embeddable":true,"href":"https:\/\/cuernavaca.gob.mx\/index.php?rest_route=%2Fwp%2Fv2%2Ftags&post=12722"}],"curies":[{"name":"wp","href":"https:\/\/api.w.org\/{rel}","templated":true}]}}