{"id":12778,"date":"2022-02-28T11:00:00","date_gmt":"2022-02-28T17:00:00","guid":{"rendered":"https:\/\/cuernavaca.gob.mx\/?p=12778"},"modified":"2025-05-06T10:58:43","modified_gmt":"2025-05-06T16:58:43","slug":"b122-28-02-22-dialogo-permanente-con-todos-los-pueblos-de-cuernavaca-secretaria-del-ayuntamiento","status":"publish","type":"post","link":"https:\/\/cuernavaca.gob.mx\/?p=12778","title":{"rendered":"B122 28\/02\/22 DI\u00c1LOGO PERMANENTE CON TODOS LOS PUEBLOS DE CUERNAVACA: SECRETAR\u00cdA DEL AYUNTAMIENTO"},"content":{"rendered":"\n<p><strong>Autoridades municipales reciben a vecinos inconformes por modificaciones en Convocatoria para elegir a Ayudantes Municipales<\/strong><\/p>\n\n\n\n<p>El Gobierno Municipal a trav\u00e9s del Secretario del Ayuntamiento refrend\u00f3 el compromiso de mantener un di\u00e1logo permanente con los habitantes de los 12 pueblos originales de Cuernavaca, para que sea solo por esta v\u00eda y respetando lo que establece las normas electorales vigentes, c\u00f3mo se lleve el proceso de registro y elecci\u00f3n para renovar las Ayudant\u00edas Municipales.<\/p>\n\n\n\n<p>A partir de inquietudes expresadas este lunes por parte de algunos vecinos y aspirantes, en el marco de la emisi\u00f3n de la Convocatoria para la elegir a las autoridades auxiliares municipales caso espec\u00edfico de las Ayudant\u00edas, por modificaciones en secciones y n\u00famero de casillas para este ejercicio democr\u00e1tico, se hizo un llamado para que con respeto y civilidad se aclaren las dudas surgidas en torno a lo publicado.<\/p>\n\n\n\n<p>Dada la inconformidad bajo argumentos de cambios que dijeron no les fueron notificados con anticipaci\u00f3n, el Secretario de Gobierno atendi\u00f3 a las personas que acudieron a las instalaciones de la sede Papagayo del Ayuntamiento de Cuernavaca, explic\u00e1ndoles que la convocatoria en menci\u00f3n fue la aprobada por el Instituto Morelense de Procesos Electorales y Participaci\u00f3n Ciudadana (IMPEPAC), \u00f3rgano al que se acudir\u00e1 para hacer las precisiones del caso.<\/p>\n\n\n\n<p>En este sentido, el Secretario del Ayuntamiento acord\u00f3 con los vecinos de los 11 pueblos que en esta ocasi\u00f3n participan, sostener una reuni\u00f3n el martes 1\u00ba de marzo con autoridades del IMPEPAC e integrantes de la Junta Local Electoral Municipal, para que con total transparencia y escuchando las inquietudes de los inconformes, se lleve a cabo la revisi\u00f3n correspondiente de la Convocatoria y el proceso transcurra atendiendo los principios democr\u00e1ticos que rigen al estado, as\u00ed como los usos y costumbres de cada poblaci\u00f3n.<\/p>\n\n\n\n<figure class=\"wp-container-2 wp-block-gallery-1 wp-block-gallery has-nested-images columns-default is-cropped\">\n<figure class=\"wp-block-image size-large\"><img loading=\"lazy\" width=\"1024\" height=\"682\" data-id=\"12779\"  src=\"https:\/\/cuernavaca.gob.mx\/wp-content\/uploads\/2022\/06\/Registro-aspirantes-a-Ayudantes-01-1024x682.jpg\" alt=\"\" class=\"wp-image-12779\" srcset=\"https:\/\/cuernavaca.gob.mx\/wp-content\/uploads\/2022\/06\/Registro-aspirantes-a-Ayudantes-01-1024x682.jpg 1024w, https:\/\/cuernavaca.gob.mx\/wp-content\/uploads\/2022\/06\/Registro-aspirantes-a-Ayudantes-01-300x200.jpg 300w, https:\/\/cuernavaca.gob.mx\/wp-content\/uploads\/2022\/06\/Registro-aspirantes-a-Ayudantes-01-768x512.jpg 768w, https:\/\/cuernavaca.gob.mx\/wp-content\/uploads\/2022\/06\/Registro-aspirantes-a-Ayudantes-01-600x400.jpg 600w, https:\/\/cuernavaca.gob.mx\/wp-content\/uploads\/2022\/06\/Registro-aspirantes-a-Ayudantes-01-560x373.jpg 560w, https:\/\/cuernavaca.gob.mx\/wp-content\/uploads\/2022\/06\/Registro-aspirantes-a-Ayudantes-01.jpg 1280w\" sizes=\"(max-width: 1024px) 100vw, 1024px\" \/><\/figure>\n\n\n\n<figure class=\"wp-block-image size-large\"><img loading=\"lazy\" width=\"1024\" height=\"682\" data-id=\"12781\"  src=\"https:\/\/cuernavaca.gob.mx\/wp-content\/uploads\/2022\/06\/Registro-aspirantes-a-Ayudantes-02-1024x682.jpg\" alt=\"\" class=\"wp-image-12781\" srcset=\"https:\/\/cuernavaca.gob.mx\/wp-content\/uploads\/2022\/06\/Registro-aspirantes-a-Ayudantes-02-1024x682.jpg 1024w, https:\/\/cuernavaca.gob.mx\/wp-content\/uploads\/2022\/06\/Registro-aspirantes-a-Ayudantes-02-300x200.jpg 300w, https:\/\/cuernavaca.gob.mx\/wp-content\/uploads\/2022\/06\/Registro-aspirantes-a-Ayudantes-02-768x512.jpg 768w, https:\/\/cuernavaca.gob.mx\/wp-content\/uploads\/2022\/06\/Registro-aspirantes-a-Ayudantes-02-600x400.jpg 600w, https:\/\/cuernavaca.gob.mx\/wp-content\/uploads\/2022\/06\/Registro-aspirantes-a-Ayudantes-02-560x373.jpg 560w, https:\/\/cuernavaca.gob.mx\/wp-content\/uploads\/2022\/06\/Registro-aspirantes-a-Ayudantes-02.jpg 1280w\" sizes=\"(max-width: 1024px) 100vw, 1024px\" \/><\/figure>\n\n\n\n<figure class=\"wp-block-image size-large\"><img loading=\"lazy\" width=\"1024\" height=\"682\" data-id=\"12780\"  src=\"https:\/\/cuernavaca.gob.mx\/wp-content\/uploads\/2022\/06\/Registro-aspirantes-a-Ayudantes-03-1024x682.jpg\" alt=\"\" class=\"wp-image-12780\" srcset=\"https:\/\/cuernavaca.gob.mx\/wp-content\/uploads\/2022\/06\/Registro-aspirantes-a-Ayudantes-03-1024x682.jpg 1024w, https:\/\/cuernavaca.gob.mx\/wp-content\/uploads\/2022\/06\/Registro-aspirantes-a-Ayudantes-03-300x200.jpg 300w, https:\/\/cuernavaca.gob.mx\/wp-content\/uploads\/2022\/06\/Registro-aspirantes-a-Ayudantes-03-768x512.jpg 768w, https:\/\/cuernavaca.gob.mx\/wp-content\/uploads\/2022\/06\/Registro-aspirantes-a-Ayudantes-03-600x400.jpg 600w, https:\/\/cuernavaca.gob.mx\/wp-content\/uploads\/2022\/06\/Registro-aspirantes-a-Ayudantes-03-560x373.jpg 560w, https:\/\/cuernavaca.gob.mx\/wp-content\/uploads\/2022\/06\/Registro-aspirantes-a-Ayudantes-03.jpg 1280w\" sizes=\"(max-width: 1024px) 100vw, 1024px\" \/><\/figure>\n<\/figure>\n","protected":false},"excerpt":{"rendered":"<p>Autoridades municipales reciben a vecinos inconformes por modificaciones en Convocatoria para elegir a Ayudantes Municipales El Gobierno Municipal a trav\u00e9s del Secretario del Ayuntamiento refrend\u00f3 el compromiso de mantener un di\u00e1logo permanente con los habitantes de los 12 pueblos originales de Cuernavaca, para que sea solo por esta v\u00eda y respetando lo que establece las [&hellip;]<\/p>\n","protected":false},"author":1,"featured_media":12780,"comment_status":"closed","ping_status":"closed","sticky":false,"template":"","format":"standard","meta":[],"categories":[20],"tags":[200,405,121,321,120,1346],"aioseo_notices":[],"_links":{"self":[{"href":"https:\/\/cuernavaca.gob.mx\/index.php?rest_route=\/wp\/v2\/posts\/12778"}],"collection":[{"href":"https:\/\/cuernavaca.gob.mx\/index.php?rest_route=\/wp\/v2\/posts"}],"about":[{"href":"https:\/\/cuernavaca.gob.mx\/index.php?rest_route=\/wp\/v2\/types\/post"}],"author":[{"embeddable":true,"href":"https:\/\/cuernavaca.gob.mx\/index.php?rest_route=\/wp\/v2\/users\/1"}],"replies":[{"embeddable":true,"href":"https:\/\/cuernavaca.gob.mx\/index.php?rest_route=%2Fwp%2Fv2%2Fcomments&post=12778"}],"version-history":[{"count":1,"href":"https:\/\/cuernavaca.gob.mx\/index.php?rest_route=\/wp\/v2\/posts\/12778\/revisions"}],"predecessor-version":[{"id":12782,"href":"https:\/\/cuernavaca.gob.mx\/index.php?rest_route=\/wp\/v2\/posts\/12778\/revisions\/12782"}],"wp:featuredmedia":[{"embeddable":true,"href":"https:\/\/cuernavaca.gob.mx\/index.php?rest_route=\/wp\/v2\/media\/12780"}],"wp:attachment":[{"href":"https:\/\/cuernavaca.gob.mx\/index.php?rest_route=%2Fwp%2Fv2%2Fmedia&parent=12778"}],"wp:term":[{"taxonomy":"category","embeddable":true,"href":"https:\/\/cuernavaca.gob.mx\/index.php?rest_route=%2Fwp%2Fv2%2Fcategories&post=12778"},{"taxonomy":"post_tag","embeddable":true,"href":"https:\/\/cuernavaca.gob.mx\/index.php?rest_route=%2Fwp%2Fv2%2Ftags&post=12778"}],"curies":[{"name":"wp","href":"https:\/\/api.w.org\/{rel}","templated":true}]}}