{"id":12783,"date":"2022-02-28T13:00:00","date_gmt":"2022-02-28T19:00:00","guid":{"rendered":"https:\/\/cuernavaca.gob.mx\/?p=12783"},"modified":"2025-05-06T10:58:43","modified_gmt":"2025-05-06T16:58:43","slug":"b123-28-02-22-cuernavaca-sera-una-ciudad-de-derechos-y-socialmente-inclusiva-autoridades-municipales","status":"publish","type":"post","link":"https:\/\/cuernavaca.gob.mx\/?p=12783","title":{"rendered":"B123 28\/02\/22 CUERNAVACA SER\u00c1 UNA CIUDAD DE DERECHOS Y SOCIALMENTE INCLUSIVA: AUTORIDADES MUNICIPALES"},"content":{"rendered":"\n<p><strong>Se realiza segundo Foro de Consulta Ciudadana 2022-2024 con temas relacionados a la participaci\u00f3n ciudadana, juventud, familia, personas vulnerables y salud<\/strong><\/p>\n\n\n\n<p>Este lunes se llev\u00f3 a cabo el segundo foro de Consulta Ciudadana 2022-2024, convocado por el Ayuntamiento de Cuernavaca, en donde ciudadanos presentaron sus propuestas y proyectos referentes al arte, cultura, participaci\u00f3n ciudadana, juventud, familia, personas vulnerables y salud, los cuales ser\u00e1n susceptibles de ser tomados en cuenta para integrarse al Plan de Municipal de Desarrollo 2022- 20224.<\/p>\n\n\n\n<p>La Secretaria de Desarrollo Humano y Participaci\u00f3n Social, asegur\u00f3 que es muy importante para el Gobierno Municipal escuchar a todos los ciudadanos, por lo que es imperante crear canales de comunicaci\u00f3n efectivos para presentar sus propuestas ya sean a trav\u00e9s de las redes sociales o en foros como estos.<\/p>\n\n\n\n<p>Dijo que es oportunidad de los ciudadanos para sumar esfuerzos con sus autoridades, para que Cuernavaca recupere las condiciones para ser uno de los municipios m\u00e1s importantes de la zona centro del pa\u00eds, por sus condiciones de bienestar, de desarrollo y de respeto a todas las expresiones sociales al mantenerse como una ciudad cosmopolita a nivel mundial.<\/p>\n\n\n\n<p>Se hizo un reconocimiento a los asistentes por la amplia participaci\u00f3n ciudadana a este Foro donde se presentaron propuestas para integrar al Plan Municipal de Desarrollo el impulso de Talleres educativos para padre; activaci\u00f3n f\u00edsica para todos como medida de prevenci\u00f3n y cuidado de la salud; fomentar la lectura como camino para la reconstrucci\u00f3n del tejido social, as\u00ed como la iniciativa para crear la Direcci\u00f3n municipal para la inclusi\u00f3n de las personas con discapacidad.<\/p>\n\n\n\n<p>Estas propuestas son recibidas y coordinadas por personal del Instituto Municipal de Planeaci\u00f3n (IMPLAN) y del Comit\u00e9 de Planeaci\u00f3n para el Desarrollo del Municipio de Cuernavaca (COMPLADEMUN), en colaboraci\u00f3n con representantes de las diferentes dependencias y organismos del Ayuntamiento de Cuernavaca.<\/p>\n\n\n\n<p>El pr\u00f3ximo foro denominado \u201cCuernavaca, productiva y eficiente\u201d se realizar\u00e1 el martes 01 de marzo de 10:00 a 13:00, en la explanada de la Ayudant\u00eda de Chamilpa, ubicada en la calle Juan Aldama, y se abordar\u00e1n temas de transparencia, rendici\u00f3n de cuentas, mejora regulatoria, cero corrupci\u00f3n y transformaci\u00f3n digital.<\/p>\n\n\n\n<figure class=\"wp-container-2 wp-block-gallery-1 wp-block-gallery has-nested-images columns-default is-cropped\">\n<figure class=\"wp-block-image size-large\"><img loading=\"lazy\" width=\"1024\" height=\"683\" data-id=\"12786\"  src=\"https:\/\/cuernavaca.gob.mx\/wp-content\/uploads\/2022\/06\/Ciudad-inclusiva-01-1024x683.jpg\" alt=\"\" class=\"wp-image-12786\" srcset=\"https:\/\/cuernavaca.gob.mx\/wp-content\/uploads\/2022\/06\/Ciudad-inclusiva-01-1024x683.jpg 1024w, https:\/\/cuernavaca.gob.mx\/wp-content\/uploads\/2022\/06\/Ciudad-inclusiva-01-300x200.jpg 300w, https:\/\/cuernavaca.gob.mx\/wp-content\/uploads\/2022\/06\/Ciudad-inclusiva-01-768x512.jpg 768w, https:\/\/cuernavaca.gob.mx\/wp-content\/uploads\/2022\/06\/Ciudad-inclusiva-01-600x400.jpg 600w, https:\/\/cuernavaca.gob.mx\/wp-content\/uploads\/2022\/06\/Ciudad-inclusiva-01-560x374.jpg 560w, https:\/\/cuernavaca.gob.mx\/wp-content\/uploads\/2022\/06\/Ciudad-inclusiva-01.jpg 1280w\" sizes=\"(max-width: 1024px) 100vw, 1024px\" \/><\/figure>\n\n\n\n<figure class=\"wp-block-image size-large\"><img loading=\"lazy\" width=\"1024\" height=\"683\" data-id=\"12787\"  src=\"https:\/\/cuernavaca.gob.mx\/wp-content\/uploads\/2022\/06\/Ciudad-inclusiva-02-1024x683.jpg\" alt=\"\" class=\"wp-image-12787\" srcset=\"https:\/\/cuernavaca.gob.mx\/wp-content\/uploads\/2022\/06\/Ciudad-inclusiva-02-1024x683.jpg 1024w, https:\/\/cuernavaca.gob.mx\/wp-content\/uploads\/2022\/06\/Ciudad-inclusiva-02-300x200.jpg 300w, https:\/\/cuernavaca.gob.mx\/wp-content\/uploads\/2022\/06\/Ciudad-inclusiva-02-768x512.jpg 768w, https:\/\/cuernavaca.gob.mx\/wp-content\/uploads\/2022\/06\/Ciudad-inclusiva-02-600x400.jpg 600w, https:\/\/cuernavaca.gob.mx\/wp-content\/uploads\/2022\/06\/Ciudad-inclusiva-02-560x374.jpg 560w, https:\/\/cuernavaca.gob.mx\/wp-content\/uploads\/2022\/06\/Ciudad-inclusiva-02.jpg 1280w\" sizes=\"(max-width: 1024px) 100vw, 1024px\" \/><\/figure>\n\n\n\n<figure class=\"wp-block-image size-large\"><img loading=\"lazy\" width=\"1024\" height=\"683\" data-id=\"12784\"  src=\"https:\/\/cuernavaca.gob.mx\/wp-content\/uploads\/2022\/06\/Ciudad-inclusiva-03-1024x683.jpg\" alt=\"\" class=\"wp-image-12784\" srcset=\"https:\/\/cuernavaca.gob.mx\/wp-content\/uploads\/2022\/06\/Ciudad-inclusiva-03-1024x683.jpg 1024w, https:\/\/cuernavaca.gob.mx\/wp-content\/uploads\/2022\/06\/Ciudad-inclusiva-03-300x200.jpg 300w, https:\/\/cuernavaca.gob.mx\/wp-content\/uploads\/2022\/06\/Ciudad-inclusiva-03-768x512.jpg 768w, https:\/\/cuernavaca.gob.mx\/wp-content\/uploads\/2022\/06\/Ciudad-inclusiva-03-600x400.jpg 600w, https:\/\/cuernavaca.gob.mx\/wp-content\/uploads\/2022\/06\/Ciudad-inclusiva-03-560x374.jpg 560w, https:\/\/cuernavaca.gob.mx\/wp-content\/uploads\/2022\/06\/Ciudad-inclusiva-03.jpg 1280w\" sizes=\"(max-width: 1024px) 100vw, 1024px\" \/><\/figure>\n\n\n\n<figure class=\"wp-block-image size-large\"><img loading=\"lazy\" width=\"1024\" height=\"683\" data-id=\"12789\"  src=\"https:\/\/cuernavaca.gob.mx\/wp-content\/uploads\/2022\/06\/Ciudad-inclusiva-04-1024x683.jpg\" alt=\"\" class=\"wp-image-12789\" srcset=\"https:\/\/cuernavaca.gob.mx\/wp-content\/uploads\/2022\/06\/Ciudad-inclusiva-04-1024x683.jpg 1024w, https:\/\/cuernavaca.gob.mx\/wp-content\/uploads\/2022\/06\/Ciudad-inclusiva-04-300x200.jpg 300w, https:\/\/cuernavaca.gob.mx\/wp-content\/uploads\/2022\/06\/Ciudad-inclusiva-04-768x512.jpg 768w, https:\/\/cuernavaca.gob.mx\/wp-content\/uploads\/2022\/06\/Ciudad-inclusiva-04-600x400.jpg 600w, https:\/\/cuernavaca.gob.mx\/wp-content\/uploads\/2022\/06\/Ciudad-inclusiva-04-560x374.jpg 560w, https:\/\/cuernavaca.gob.mx\/wp-content\/uploads\/2022\/06\/Ciudad-inclusiva-04.jpg 1280w\" sizes=\"(max-width: 1024px) 100vw, 1024px\" \/><\/figure>\n\n\n\n<figure class=\"wp-block-image size-large\"><img loading=\"lazy\" width=\"1024\" height=\"683\" data-id=\"12785\"  src=\"https:\/\/cuernavaca.gob.mx\/wp-content\/uploads\/2022\/06\/Ciudad-inclusiva-05-1024x683.jpg\" alt=\"\" class=\"wp-image-12785\" srcset=\"https:\/\/cuernavaca.gob.mx\/wp-content\/uploads\/2022\/06\/Ciudad-inclusiva-05-1024x683.jpg 1024w, https:\/\/cuernavaca.gob.mx\/wp-content\/uploads\/2022\/06\/Ciudad-inclusiva-05-300x200.jpg 300w, https:\/\/cuernavaca.gob.mx\/wp-content\/uploads\/2022\/06\/Ciudad-inclusiva-05-768x512.jpg 768w, https:\/\/cuernavaca.gob.mx\/wp-content\/uploads\/2022\/06\/Ciudad-inclusiva-05-600x400.jpg 600w, https:\/\/cuernavaca.gob.mx\/wp-content\/uploads\/2022\/06\/Ciudad-inclusiva-05-560x374.jpg 560w, https:\/\/cuernavaca.gob.mx\/wp-content\/uploads\/2022\/06\/Ciudad-inclusiva-05.jpg 1280w\" sizes=\"(max-width: 1024px) 100vw, 1024px\" \/><\/figure>\n\n\n\n<figure class=\"wp-block-image size-large\"><img loading=\"lazy\" width=\"1024\" height=\"683\" data-id=\"12788\"  src=\"https:\/\/cuernavaca.gob.mx\/wp-content\/uploads\/2022\/06\/Ciudad-inclusiva-06-1024x683.jpg\" alt=\"\" class=\"wp-image-12788\" srcset=\"https:\/\/cuernavaca.gob.mx\/wp-content\/uploads\/2022\/06\/Ciudad-inclusiva-06-1024x683.jpg 1024w, https:\/\/cuernavaca.gob.mx\/wp-content\/uploads\/2022\/06\/Ciudad-inclusiva-06-300x200.jpg 300w, https:\/\/cuernavaca.gob.mx\/wp-content\/uploads\/2022\/06\/Ciudad-inclusiva-06-768x512.jpg 768w, https:\/\/cuernavaca.gob.mx\/wp-content\/uploads\/2022\/06\/Ciudad-inclusiva-06-600x400.jpg 600w, https:\/\/cuernavaca.gob.mx\/wp-content\/uploads\/2022\/06\/Ciudad-inclusiva-06-560x374.jpg 560w, https:\/\/cuernavaca.gob.mx\/wp-content\/uploads\/2022\/06\/Ciudad-inclusiva-06.jpg 1280w\" sizes=\"(max-width: 1024px) 100vw, 1024px\" \/><\/figure>\n\n\n\n<figure class=\"wp-block-image size-large\"><img loading=\"lazy\" width=\"1024\" height=\"683\" data-id=\"12791\"  src=\"https:\/\/cuernavaca.gob.mx\/wp-content\/uploads\/2022\/06\/Ciudad-inclusiva-07-1024x683.jpg\" alt=\"\" class=\"wp-image-12791\" srcset=\"https:\/\/cuernavaca.gob.mx\/wp-content\/uploads\/2022\/06\/Ciudad-inclusiva-07-1024x683.jpg 1024w, https:\/\/cuernavaca.gob.mx\/wp-content\/uploads\/2022\/06\/Ciudad-inclusiva-07-300x200.jpg 300w, https:\/\/cuernavaca.gob.mx\/wp-content\/uploads\/2022\/06\/Ciudad-inclusiva-07-768x512.jpg 768w, https:\/\/cuernavaca.gob.mx\/wp-content\/uploads\/2022\/06\/Ciudad-inclusiva-07-600x400.jpg 600w, https:\/\/cuernavaca.gob.mx\/wp-content\/uploads\/2022\/06\/Ciudad-inclusiva-07-560x374.jpg 560w, https:\/\/cuernavaca.gob.mx\/wp-content\/uploads\/2022\/06\/Ciudad-inclusiva-07.jpg 1280w\" sizes=\"(max-width: 1024px) 100vw, 1024px\" \/><\/figure>\n\n\n\n<figure class=\"wp-block-image size-large\"><img loading=\"lazy\" width=\"1024\" height=\"683\" data-id=\"12790\"  src=\"https:\/\/cuernavaca.gob.mx\/wp-content\/uploads\/2022\/06\/Ciudad-inclusiva-08-1024x683.jpg\" alt=\"\" class=\"wp-image-12790\" srcset=\"https:\/\/cuernavaca.gob.mx\/wp-content\/uploads\/2022\/06\/Ciudad-inclusiva-08-1024x683.jpg 1024w, https:\/\/cuernavaca.gob.mx\/wp-content\/uploads\/2022\/06\/Ciudad-inclusiva-08-300x200.jpg 300w, https:\/\/cuernavaca.gob.mx\/wp-content\/uploads\/2022\/06\/Ciudad-inclusiva-08-768x512.jpg 768w, https:\/\/cuernavaca.gob.mx\/wp-content\/uploads\/2022\/06\/Ciudad-inclusiva-08-600x400.jpg 600w, https:\/\/cuernavaca.gob.mx\/wp-content\/uploads\/2022\/06\/Ciudad-inclusiva-08-560x374.jpg 560w, https:\/\/cuernavaca.gob.mx\/wp-content\/uploads\/2022\/06\/Ciudad-inclusiva-08.jpg 1280w\" sizes=\"(max-width: 1024px) 100vw, 1024px\" \/><\/figure>\n<\/figure>\n","protected":false},"excerpt":{"rendered":"<p>Se realiza segundo Foro de Consulta Ciudadana 2022-2024 con temas relacionados a la participaci\u00f3n ciudadana, juventud, familia, personas vulnerables y salud Este lunes se llev\u00f3 a cabo el segundo foro de Consulta Ciudadana 2022-2024, convocado por el Ayuntamiento de Cuernavaca, en donde ciudadanos presentaron sus propuestas y proyectos referentes al arte, cultura, participaci\u00f3n ciudadana, juventud, [&hellip;]<\/p>\n","protected":false},"author":1,"featured_media":12784,"comment_status":"closed","ping_status":"closed","sticky":false,"template":"","format":"standard","meta":[],"categories":[20],"tags":[1348,1347,121,796,120,640,1349],"aioseo_notices":[],"_links":{"self":[{"href":"https:\/\/cuernavaca.gob.mx\/index.php?rest_route=\/wp\/v2\/posts\/12783"}],"collection":[{"href":"https:\/\/cuernavaca.gob.mx\/index.php?rest_route=\/wp\/v2\/posts"}],"about":[{"href":"https:\/\/cuernavaca.gob.mx\/index.php?rest_route=\/wp\/v2\/types\/post"}],"author":[{"embeddable":true,"href":"https:\/\/cuernavaca.gob.mx\/index.php?rest_route=\/wp\/v2\/users\/1"}],"replies":[{"embeddable":true,"href":"https:\/\/cuernavaca.gob.mx\/index.php?rest_route=%2Fwp%2Fv2%2Fcomments&post=12783"}],"version-history":[{"count":1,"href":"https:\/\/cuernavaca.gob.mx\/index.php?rest_route=\/wp\/v2\/posts\/12783\/revisions"}],"predecessor-version":[{"id":12792,"href":"https:\/\/cuernavaca.gob.mx\/index.php?rest_route=\/wp\/v2\/posts\/12783\/revisions\/12792"}],"wp:featuredmedia":[{"embeddable":true,"href":"https:\/\/cuernavaca.gob.mx\/index.php?rest_route=\/wp\/v2\/media\/12784"}],"wp:attachment":[{"href":"https:\/\/cuernavaca.gob.mx\/index.php?rest_route=%2Fwp%2Fv2%2Fmedia&parent=12783"}],"wp:term":[{"taxonomy":"category","embeddable":true,"href":"https:\/\/cuernavaca.gob.mx\/index.php?rest_route=%2Fwp%2Fv2%2Fcategories&post=12783"},{"taxonomy":"post_tag","embeddable":true,"href":"https:\/\/cuernavaca.gob.mx\/index.php?rest_route=%2Fwp%2Fv2%2Ftags&post=12783"}],"curies":[{"name":"wp","href":"https:\/\/api.w.org\/{rel}","templated":true}]}}