{"id":12793,"date":"2022-03-01T09:00:00","date_gmt":"2022-03-01T15:00:00","guid":{"rendered":"https:\/\/cuernavaca.gob.mx\/?p=12793"},"modified":"2025-05-06T10:58:42","modified_gmt":"2025-05-06T16:58:42","slug":"b124-01-03-22-realiza-sapac-trabajos-de-mejoramiento-en-sistema-de-drenaje-sanitario-en-el-centro-de-la-ciudad","status":"publish","type":"post","link":"https:\/\/cuernavaca.gob.mx\/?p=12793","title":{"rendered":"B124 01\/03\/22 REALIZA SAPAC TRABAJOS DE MEJORAMIENTO EN SISTEMA DE DRENAJE SANITARIO EN EL CENTRO DE LA CIUDAD"},"content":{"rendered":"\n<p><strong>Las calles de Francisco Zarco y Gutemberg son intervenidas para la introducci\u00f3n de tuber\u00eda para poner fin al derrame de aguas residuales<\/strong><\/p>\n\n\n\n<p><strong>Los trabajos est\u00e1n estimados concluyan a m\u00e1s tardar el 06 de marzo<\/strong><\/p>\n\n\n\n<p>El Sistema de Agua Potable y Alcantarillado de Cuernavaca (SAPAC) inici\u00f3 esta semana con trabajos relacionados a la obra de mejoramiento con interconexi\u00f3n de l\u00ednea de drenaje sanitaria en las calles Zarco y Gutemberg ubicadas en la colonia Centro, atendiendo una serie de peticiones ciudadanas para dar soluci\u00f3n a derrames de aguas residuales que ponen en riesgo a la salud de los vecinos.<\/p>\n\n\n\n<p>La Directora General del SAPAC, inform\u00f3 que estas acciones corren a cargo del personal de construcci\u00f3n de la Direcci\u00f3n T\u00e9cnica, estim\u00e1ndose de cuatro a 6 d\u00edas de labores debido a que en la zona donde se desarrollan estos trabajos, entre Francisco Zarco y Gutemberg de la colonia Centro, se cuenta tambi\u00e9n con infraestructura de tipo telef\u00f3nica, de luz y sistema de cable, lo cual ha provocado la demora de los mismos.<\/p>\n\n\n\n<p>En dicha obra de mejoramiento con interconexi\u00f3n de l\u00ednea de drenaje sanitaria, se lleva a cabo la introducci\u00f3n de 15 metros de tuber\u00eda PAD, corrugado de 30 cm de di\u00e1metro, con lo cual se contribuir\u00e1 a poner fin al derrame de aguas residuales en la zona, creando un entorno m\u00e1s seguro y saludable.<\/p>\n\n\n\n<p>Por la interrupci\u00f3n temporal en el tr\u00e1nsito habitual consecuencia de esta obra, el SAPAC pidi\u00f3 la comprensi\u00f3n de automovilistas y vecinos circulan por esta zona, debido a que ha sido necesario cerrar por completo la circulaci\u00f3n, con el fin de concretar los trabajos en el menor tiempo posible, precisando que despu\u00e9s de las tres de la tarde es liberado un carril para el acceso de los veh\u00edculos.<\/p>\n\n\n\n<p>De la misma forma el SAPAC hizo un llamado a la ciudadan\u00eda ponerse al corriente y realizar sus pagos de manera puntual, toda vez que este organismo opera con recursos propios y es gracias a cada una de sus contribuciones como se puede continuar ejecutando m\u00e1s obras de mejoramiento en Cuernavaca.<\/p>\n\n\n\n<figure class=\"wp-container-2 wp-block-gallery-1 wp-block-gallery has-nested-images columns-default is-cropped\">\n<figure class=\"wp-block-image size-large\"><img loading=\"lazy\" width=\"1024\" height=\"575\" data-id=\"12795\"  src=\"https:\/\/cuernavaca.gob.mx\/wp-content\/uploads\/2022\/06\/SAPAC-mejora-obras-en-Centro-01-1024x575.jpg\" alt=\"\" class=\"wp-image-12795\" srcset=\"https:\/\/cuernavaca.gob.mx\/wp-content\/uploads\/2022\/06\/SAPAC-mejora-obras-en-Centro-01-1024x575.jpg 1024w, https:\/\/cuernavaca.gob.mx\/wp-content\/uploads\/2022\/06\/SAPAC-mejora-obras-en-Centro-01-300x169.jpg 300w, https:\/\/cuernavaca.gob.mx\/wp-content\/uploads\/2022\/06\/SAPAC-mejora-obras-en-Centro-01-768x431.jpg 768w, https:\/\/cuernavaca.gob.mx\/wp-content\/uploads\/2022\/06\/SAPAC-mejora-obras-en-Centro-01-600x337.jpg 600w, https:\/\/cuernavaca.gob.mx\/wp-content\/uploads\/2022\/06\/SAPAC-mejora-obras-en-Centro-01-560x315.jpg 560w, https:\/\/cuernavaca.gob.mx\/wp-content\/uploads\/2022\/06\/SAPAC-mejora-obras-en-Centro-01.jpg 1280w\" sizes=\"(max-width: 1024px) 100vw, 1024px\" \/><\/figure>\n\n\n\n<figure class=\"wp-block-image size-large\"><img loading=\"lazy\" width=\"1024\" height=\"575\" data-id=\"12796\"  src=\"https:\/\/cuernavaca.gob.mx\/wp-content\/uploads\/2022\/06\/SAPAC-mejora-obras-en-Centro-02-1024x575.jpg\" alt=\"\" class=\"wp-image-12796\" srcset=\"https:\/\/cuernavaca.gob.mx\/wp-content\/uploads\/2022\/06\/SAPAC-mejora-obras-en-Centro-02-1024x575.jpg 1024w, https:\/\/cuernavaca.gob.mx\/wp-content\/uploads\/2022\/06\/SAPAC-mejora-obras-en-Centro-02-300x169.jpg 300w, https:\/\/cuernavaca.gob.mx\/wp-content\/uploads\/2022\/06\/SAPAC-mejora-obras-en-Centro-02-768x431.jpg 768w, https:\/\/cuernavaca.gob.mx\/wp-content\/uploads\/2022\/06\/SAPAC-mejora-obras-en-Centro-02-600x337.jpg 600w, https:\/\/cuernavaca.gob.mx\/wp-content\/uploads\/2022\/06\/SAPAC-mejora-obras-en-Centro-02-560x315.jpg 560w, https:\/\/cuernavaca.gob.mx\/wp-content\/uploads\/2022\/06\/SAPAC-mejora-obras-en-Centro-02.jpg 1280w\" sizes=\"(max-width: 1024px) 100vw, 1024px\" \/><\/figure>\n\n\n\n<figure class=\"wp-block-image size-large\"><img loading=\"lazy\" width=\"1024\" height=\"599\" data-id=\"12794\"  src=\"https:\/\/cuernavaca.gob.mx\/wp-content\/uploads\/2022\/06\/SAPAC-mejora-obras-en-Centro-03-1024x599.jpg\" alt=\"\" class=\"wp-image-12794\" srcset=\"https:\/\/cuernavaca.gob.mx\/wp-content\/uploads\/2022\/06\/SAPAC-mejora-obras-en-Centro-03-1024x599.jpg 1024w, https:\/\/cuernavaca.gob.mx\/wp-content\/uploads\/2022\/06\/SAPAC-mejora-obras-en-Centro-03-300x175.jpg 300w, https:\/\/cuernavaca.gob.mx\/wp-content\/uploads\/2022\/06\/SAPAC-mejora-obras-en-Centro-03-768x449.jpg 768w, https:\/\/cuernavaca.gob.mx\/wp-content\/uploads\/2022\/06\/SAPAC-mejora-obras-en-Centro-03-600x351.jpg 600w, https:\/\/cuernavaca.gob.mx\/wp-content\/uploads\/2022\/06\/SAPAC-mejora-obras-en-Centro-03-560x327.jpg 560w, https:\/\/cuernavaca.gob.mx\/wp-content\/uploads\/2022\/06\/SAPAC-mejora-obras-en-Centro-03.jpg 1132w\" sizes=\"(max-width: 1024px) 100vw, 1024px\" \/><\/figure>\n\n\n\n<figure class=\"wp-block-image size-large\"><img loading=\"lazy\" width=\"1024\" height=\"575\" data-id=\"12797\"  src=\"https:\/\/cuernavaca.gob.mx\/wp-content\/uploads\/2022\/06\/SAPAC-mejora-obras-en-Centro-04-1024x575.jpg\" alt=\"\" class=\"wp-image-12797\" srcset=\"https:\/\/cuernavaca.gob.mx\/wp-content\/uploads\/2022\/06\/SAPAC-mejora-obras-en-Centro-04-1024x575.jpg 1024w, https:\/\/cuernavaca.gob.mx\/wp-content\/uploads\/2022\/06\/SAPAC-mejora-obras-en-Centro-04-300x169.jpg 300w, https:\/\/cuernavaca.gob.mx\/wp-content\/uploads\/2022\/06\/SAPAC-mejora-obras-en-Centro-04-768x431.jpg 768w, https:\/\/cuernavaca.gob.mx\/wp-content\/uploads\/2022\/06\/SAPAC-mejora-obras-en-Centro-04-600x337.jpg 600w, https:\/\/cuernavaca.gob.mx\/wp-content\/uploads\/2022\/06\/SAPAC-mejora-obras-en-Centro-04-560x315.jpg 560w, https:\/\/cuernavaca.gob.mx\/wp-content\/uploads\/2022\/06\/SAPAC-mejora-obras-en-Centro-04.jpg 1280w\" sizes=\"(max-width: 1024px) 100vw, 1024px\" \/><\/figure>\n<\/figure>\n","protected":false},"excerpt":{"rendered":"<p>Las calles de Francisco Zarco y Gutemberg son intervenidas para la introducci\u00f3n de tuber\u00eda para poner fin al derrame de aguas residuales Los trabajos est\u00e1n estimados concluyan a m\u00e1s tardar el 06 de marzo El Sistema de Agua Potable y Alcantarillado de Cuernavaca (SAPAC) inici\u00f3 esta semana con trabajos relacionados a la obra de mejoramiento [&hellip;]<\/p>\n","protected":false},"author":1,"featured_media":12795,"comment_status":"closed","ping_status":"closed","sticky":false,"template":"","format":"standard","meta":[],"categories":[20,145],"tags":[1177,121,1351,120,356,124,1350],"aioseo_notices":[],"_links":{"self":[{"href":"https:\/\/cuernavaca.gob.mx\/index.php?rest_route=\/wp\/v2\/posts\/12793"}],"collection":[{"href":"https:\/\/cuernavaca.gob.mx\/index.php?rest_route=\/wp\/v2\/posts"}],"about":[{"href":"https:\/\/cuernavaca.gob.mx\/index.php?rest_route=\/wp\/v2\/types\/post"}],"author":[{"embeddable":true,"href":"https:\/\/cuernavaca.gob.mx\/index.php?rest_route=\/wp\/v2\/users\/1"}],"replies":[{"embeddable":true,"href":"https:\/\/cuernavaca.gob.mx\/index.php?rest_route=%2Fwp%2Fv2%2Fcomments&post=12793"}],"version-history":[{"count":1,"href":"https:\/\/cuernavaca.gob.mx\/index.php?rest_route=\/wp\/v2\/posts\/12793\/revisions"}],"predecessor-version":[{"id":12798,"href":"https:\/\/cuernavaca.gob.mx\/index.php?rest_route=\/wp\/v2\/posts\/12793\/revisions\/12798"}],"wp:featuredmedia":[{"embeddable":true,"href":"https:\/\/cuernavaca.gob.mx\/index.php?rest_route=\/wp\/v2\/media\/12795"}],"wp:attachment":[{"href":"https:\/\/cuernavaca.gob.mx\/index.php?rest_route=%2Fwp%2Fv2%2Fmedia&parent=12793"}],"wp:term":[{"taxonomy":"category","embeddable":true,"href":"https:\/\/cuernavaca.gob.mx\/index.php?rest_route=%2Fwp%2Fv2%2Fcategories&post=12793"},{"taxonomy":"post_tag","embeddable":true,"href":"https:\/\/cuernavaca.gob.mx\/index.php?rest_route=%2Fwp%2Fv2%2Ftags&post=12793"}],"curies":[{"name":"wp","href":"https:\/\/api.w.org\/{rel}","templated":true}]}}