{"id":12985,"date":"2022-03-07T09:00:00","date_gmt":"2022-03-07T15:00:00","guid":{"rendered":"https:\/\/cuernavaca.gob.mx\/?p=12985"},"modified":"2025-05-06T10:59:09","modified_gmt":"2025-05-06T16:59:09","slug":"b142-07-03-22-sociabiliza-el-gobierno-de-cuernavaca-proceso-de-eleccion-de-ayudantes-municipales","status":"publish","type":"post","link":"https:\/\/cuernavaca.gob.mx\/?p=12985","title":{"rendered":"B142 07\/03\/22 SOCIABILIZA EL GOBIERNO DE CUERNAVACA PROCESO DE ELECCION DE AYUDANTES MUNICIPALES"},"content":{"rendered":"\n<p><strong>Junta Local Electoral Municipal recibe a aspirantes para modificar secciones y n\u00famero de casillas<\/strong><\/p>\n\n\n\n<p><strong>Convocatoria de Ayudantes Municipales busca generar condiciones de participaci\u00f3n ciudadana<\/strong><\/p>\n\n\n\n<p>El Ayuntamiento de Cuernavaca a trav\u00e9s de la Junta Local Electoral Municipal mantiene el di\u00e1logo y se compromete con la transparencia en la pr\u00f3xima elecci\u00f3n de las y los nuevos Ayudantes Municipales, acordando en conjunto con los aspirantes a candidatas y candidatos a modificar secciones y n\u00famero de casillas en los nueve poblados en disputa.<\/p>\n\n\n\n<p>Apegado a las normas legales y con el \u00e1nimo de escuchar y atender cualquier inconformidad de las personas inscritas, este lunes, los integrantes de Junta Local Electoral Municipal encabezada por el presidente municipal se reuni\u00f3 con cada uno de las y los aspirantes a las Ayudant\u00edas Municipales para realizar modificaciones y actualizaciones a la elecci\u00f3n que se llevar\u00e1 a cabo el 20 marzo de 2022.<\/p>\n\n\n\n<p>En el marco de cierre del proceso de inscripci\u00f3n para elegir a las autoridades auxiliares, el alcalde de Cuernavaca manifest\u00f3 la disposici\u00f3n de respetar y atender cada una de las peticiones, aclarando que lo \u00fanico que se procura con la convocatoria seccional es mejorar su funcionamiento para que la comunidad que vive en cada poblado pueda votar sin problema alguno.<\/p>\n\n\n\n<p>Destac\u00f3 que no se trata de favorecer a nadie, simplemente generar espacios accesibles para que habitantes de los poblados de San Miguel Acapantzingo, Amatitl\u00e1n, San Lorenzo Chamilpa, Chapultepec, Chipitl\u00e1n, San Ant\u00f3n, Santa Mar\u00eda Ahuacatitl\u00e1n, Tetela del Monte y Tlatenango puedan emitir su sufragio libre, atendiendo los principios democr\u00e1ticos que rigen al estado, as\u00ed como respetando sus usos y costumbres.<\/p>\n\n\n\n<p>Teniendo como sede de la reuni\u00f3n las instalaciones de Papagayo del Ayuntamiento de Cuernavaca, las autoridades mencionaron que las solicitudes expuestas ser\u00e1n sociabilizadas ante el Cabildo en sesi\u00f3n extraordinaria para ser tomadas en cuenta y aplicadas en el proceso democr\u00e1tico, a fin de evitar un conflicto social.<\/p>\n\n\n\n<p>Las aspirantes y los aspirantes coincidieron adem\u00e1s en solicitar a la Junta Local Electoral Municipal la elaboraci\u00f3n de un padr\u00f3n electoral para ser aplicado en pr\u00f3ximas elecciones, evitando que personas que no pertenecen a sus poblados puedan votar, como ha ocurrido en pasados ejercicios democr\u00e1ticos.<\/p>\n\n\n\n<p>El representante del Instituto Morelense de Procesos Electorales y Participaci\u00f3n Ciudadana (IMPEPAC), inform\u00f3 que previo a la elecci\u00f3n dar\u00e1n un curso de capacitaci\u00f3n a las y los funcionarios de casilla donde les explicar\u00e1n esta situaci\u00f3n, para que en aquellas secciones colindantes entre poblados, la ciudadan\u00eda vote pero en base a su lugar de procedencia establecido en su credencial de elector.<\/p>\n\n\n\n<p>Las y los aspirantes a candidatas y candidatos a las Ayudant\u00edas Municipales reconocieron la voluntad pol\u00edtica de las autoridades para escucharlos y atenderlos de primera mano, algo que, aseguraron, no se hab\u00eda podido suscitar en anteriores administraciones municipales.<\/p>\n\n\n\n<p>La elecci\u00f3n de autoridades auxiliares de Cuernavaca se realizar\u00e1 este pr\u00f3ximo 20 de marzo del a\u00f1o en curso mediante voto popular directo conforme al principio de mayor\u00eda relativa, iniciando la votaci\u00f3n a las 09:00 horas y terminando a las 16:00 horas.<\/p>\n\n\n\n<p>As\u00ed mismo, habr\u00e1 elecciones conforme a asamblea p\u00fablica, en donde los ciudadanos emitir\u00e1n su voto conforme a los usos y costumbres, para las cuales se concertar\u00e1 con anticipaci\u00f3n el lugar y la hora del proceso.<\/p>\n\n\n\n<p>Para este ejercicio democr\u00e1tico de participaci\u00f3n ciudadana en Cuernavaca ser\u00e1n, de acuerdo a datos preeliminares de la Junta Local Electoral Municipal, 46 las y los aspirantes a Ayudantes Municipales, quienes tendr\u00e1n hasta el viernes 18 de marzo a las 24:00 horas para concluir con actos de promoci\u00f3n o proselitismo.<\/p>\n\n\n\n<figure class=\"wp-container-2 wp-block-gallery-1 wp-block-gallery has-nested-images columns-default is-cropped\">\n<figure class=\"wp-block-image size-large\"><img loading=\"lazy\" width=\"1024\" height=\"682\" data-id=\"12987\"  src=\"https:\/\/cuernavaca.gob.mx\/wp-content\/uploads\/2022\/06\/Validacio\u0301n-candidatos-01-1024x682.jpg\" alt=\"\" class=\"wp-image-12987\" srcset=\"https:\/\/cuernavaca.gob.mx\/wp-content\/uploads\/2022\/06\/Validacio\u0301n-candidatos-01-1024x682.jpg 1024w, https:\/\/cuernavaca.gob.mx\/wp-content\/uploads\/2022\/06\/Validacio\u0301n-candidatos-01-300x200.jpg 300w, https:\/\/cuernavaca.gob.mx\/wp-content\/uploads\/2022\/06\/Validacio\u0301n-candidatos-01-768x512.jpg 768w, https:\/\/cuernavaca.gob.mx\/wp-content\/uploads\/2022\/06\/Validacio\u0301n-candidatos-01-600x400.jpg 600w, https:\/\/cuernavaca.gob.mx\/wp-content\/uploads\/2022\/06\/Validacio\u0301n-candidatos-01-560x373.jpg 560w, https:\/\/cuernavaca.gob.mx\/wp-content\/uploads\/2022\/06\/Validacio\u0301n-candidatos-01.jpg 1280w\" sizes=\"(max-width: 1024px) 100vw, 1024px\" \/><\/figure>\n\n\n\n<figure class=\"wp-block-image size-large\"><img loading=\"lazy\" width=\"1024\" height=\"682\" data-id=\"12986\"  src=\"https:\/\/cuernavaca.gob.mx\/wp-content\/uploads\/2022\/06\/Validacio\u0301n-candidatos-02-1024x682.jpg\" alt=\"\" class=\"wp-image-12986\" srcset=\"https:\/\/cuernavaca.gob.mx\/wp-content\/uploads\/2022\/06\/Validacio\u0301n-candidatos-02-1024x682.jpg 1024w, https:\/\/cuernavaca.gob.mx\/wp-content\/uploads\/2022\/06\/Validacio\u0301n-candidatos-02-300x200.jpg 300w, https:\/\/cuernavaca.gob.mx\/wp-content\/uploads\/2022\/06\/Validacio\u0301n-candidatos-02-768x512.jpg 768w, https:\/\/cuernavaca.gob.mx\/wp-content\/uploads\/2022\/06\/Validacio\u0301n-candidatos-02-600x400.jpg 600w, https:\/\/cuernavaca.gob.mx\/wp-content\/uploads\/2022\/06\/Validacio\u0301n-candidatos-02-560x373.jpg 560w, https:\/\/cuernavaca.gob.mx\/wp-content\/uploads\/2022\/06\/Validacio\u0301n-candidatos-02.jpg 1280w\" sizes=\"(max-width: 1024px) 100vw, 1024px\" \/><\/figure>\n\n\n\n<figure class=\"wp-block-image size-large\"><img loading=\"lazy\" width=\"1024\" height=\"576\" data-id=\"12991\"  src=\"https:\/\/cuernavaca.gob.mx\/wp-content\/uploads\/2022\/06\/Validacio\u0301n-candidatos-03-1024x576.jpg\" alt=\"\" class=\"wp-image-12991\" srcset=\"https:\/\/cuernavaca.gob.mx\/wp-content\/uploads\/2022\/06\/Validacio\u0301n-candidatos-03-1024x576.jpg 1024w, https:\/\/cuernavaca.gob.mx\/wp-content\/uploads\/2022\/06\/Validacio\u0301n-candidatos-03-300x169.jpg 300w, https:\/\/cuernavaca.gob.mx\/wp-content\/uploads\/2022\/06\/Validacio\u0301n-candidatos-03-768x432.jpg 768w, https:\/\/cuernavaca.gob.mx\/wp-content\/uploads\/2022\/06\/Validacio\u0301n-candidatos-03-600x338.jpg 600w, https:\/\/cuernavaca.gob.mx\/wp-content\/uploads\/2022\/06\/Validacio\u0301n-candidatos-03-560x315.jpg 560w, https:\/\/cuernavaca.gob.mx\/wp-content\/uploads\/2022\/06\/Validacio\u0301n-candidatos-03.jpg 1280w\" sizes=\"(max-width: 1024px) 100vw, 1024px\" \/><\/figure>\n\n\n\n<figure class=\"wp-block-image size-large\"><img loading=\"lazy\" width=\"1024\" height=\"683\" data-id=\"12990\"  src=\"https:\/\/cuernavaca.gob.mx\/wp-content\/uploads\/2022\/06\/Validacio\u0301n-candidatos-04-1024x683.jpg\" alt=\"\" class=\"wp-image-12990\" srcset=\"https:\/\/cuernavaca.gob.mx\/wp-content\/uploads\/2022\/06\/Validacio\u0301n-candidatos-04-1024x683.jpg 1024w, https:\/\/cuernavaca.gob.mx\/wp-content\/uploads\/2022\/06\/Validacio\u0301n-candidatos-04-300x200.jpg 300w, https:\/\/cuernavaca.gob.mx\/wp-content\/uploads\/2022\/06\/Validacio\u0301n-candidatos-04-768x512.jpg 768w, https:\/\/cuernavaca.gob.mx\/wp-content\/uploads\/2022\/06\/Validacio\u0301n-candidatos-04-1536x1024.jpg 1536w, https:\/\/cuernavaca.gob.mx\/wp-content\/uploads\/2022\/06\/Validacio\u0301n-candidatos-04-600x400.jpg 600w, https:\/\/cuernavaca.gob.mx\/wp-content\/uploads\/2022\/06\/Validacio\u0301n-candidatos-04-560x373.jpg 560w, https:\/\/cuernavaca.gob.mx\/wp-content\/uploads\/2022\/06\/Validacio\u0301n-candidatos-04.jpg 1599w\" sizes=\"(max-width: 1024px) 100vw, 1024px\" \/><\/figure>\n\n\n\n<figure class=\"wp-block-image size-large\"><img loading=\"lazy\" width=\"1024\" height=\"683\" data-id=\"12989\"  src=\"https:\/\/cuernavaca.gob.mx\/wp-content\/uploads\/2022\/06\/Validacio\u0301n-candidatos-05-1024x683.jpg\" alt=\"\" class=\"wp-image-12989\" srcset=\"https:\/\/cuernavaca.gob.mx\/wp-content\/uploads\/2022\/06\/Validacio\u0301n-candidatos-05-1024x683.jpg 1024w, https:\/\/cuernavaca.gob.mx\/wp-content\/uploads\/2022\/06\/Validacio\u0301n-candidatos-05-300x200.jpg 300w, https:\/\/cuernavaca.gob.mx\/wp-content\/uploads\/2022\/06\/Validacio\u0301n-candidatos-05-768x512.jpg 768w, https:\/\/cuernavaca.gob.mx\/wp-content\/uploads\/2022\/06\/Validacio\u0301n-candidatos-05-1536x1024.jpg 1536w, https:\/\/cuernavaca.gob.mx\/wp-content\/uploads\/2022\/06\/Validacio\u0301n-candidatos-05-600x400.jpg 600w, https:\/\/cuernavaca.gob.mx\/wp-content\/uploads\/2022\/06\/Validacio\u0301n-candidatos-05-560x373.jpg 560w, https:\/\/cuernavaca.gob.mx\/wp-content\/uploads\/2022\/06\/Validacio\u0301n-candidatos-05.jpg 1599w\" sizes=\"(max-width: 1024px) 100vw, 1024px\" \/><\/figure>\n\n\n\n<figure class=\"wp-block-image size-large\"><img loading=\"lazy\" width=\"1024\" height=\"683\" data-id=\"12988\"  src=\"https:\/\/cuernavaca.gob.mx\/wp-content\/uploads\/2022\/06\/Validacio\u0301n-candidatos-06-1024x683.jpg\" alt=\"\" class=\"wp-image-12988\" srcset=\"https:\/\/cuernavaca.gob.mx\/wp-content\/uploads\/2022\/06\/Validacio\u0301n-candidatos-06-1024x683.jpg 1024w, https:\/\/cuernavaca.gob.mx\/wp-content\/uploads\/2022\/06\/Validacio\u0301n-candidatos-06-300x200.jpg 300w, https:\/\/cuernavaca.gob.mx\/wp-content\/uploads\/2022\/06\/Validacio\u0301n-candidatos-06-768x512.jpg 768w, https:\/\/cuernavaca.gob.mx\/wp-content\/uploads\/2022\/06\/Validacio\u0301n-candidatos-06-1536x1024.jpg 1536w, https:\/\/cuernavaca.gob.mx\/wp-content\/uploads\/2022\/06\/Validacio\u0301n-candidatos-06-600x400.jpg 600w, https:\/\/cuernavaca.gob.mx\/wp-content\/uploads\/2022\/06\/Validacio\u0301n-candidatos-06-560x373.jpg 560w, https:\/\/cuernavaca.gob.mx\/wp-content\/uploads\/2022\/06\/Validacio\u0301n-candidatos-06.jpg 1599w\" sizes=\"(max-width: 1024px) 100vw, 1024px\" \/><\/figure>\n\n\n\n<figure class=\"wp-block-image size-large\"><img loading=\"lazy\" width=\"1024\" height=\"682\" data-id=\"12992\"  src=\"https:\/\/cuernavaca.gob.mx\/wp-content\/uploads\/2022\/06\/Validacio\u0301n-candidatos-07-1024x682.jpg\" alt=\"\" class=\"wp-image-12992\" srcset=\"https:\/\/cuernavaca.gob.mx\/wp-content\/uploads\/2022\/06\/Validacio\u0301n-candidatos-07-1024x682.jpg 1024w, https:\/\/cuernavaca.gob.mx\/wp-content\/uploads\/2022\/06\/Validacio\u0301n-candidatos-07-300x200.jpg 300w, https:\/\/cuernavaca.gob.mx\/wp-content\/uploads\/2022\/06\/Validacio\u0301n-candidatos-07-768x512.jpg 768w, https:\/\/cuernavaca.gob.mx\/wp-content\/uploads\/2022\/06\/Validacio\u0301n-candidatos-07-600x400.jpg 600w, https:\/\/cuernavaca.gob.mx\/wp-content\/uploads\/2022\/06\/Validacio\u0301n-candidatos-07-560x373.jpg 560w, https:\/\/cuernavaca.gob.mx\/wp-content\/uploads\/2022\/06\/Validacio\u0301n-candidatos-07.jpg 1280w\" sizes=\"(max-width: 1024px) 100vw, 1024px\" \/><\/figure>\n<\/figure>\n","protected":false},"excerpt":{"rendered":"<p>Junta Local Electoral Municipal recibe a aspirantes para modificar secciones y n\u00famero de casillas Convocatoria de Ayudantes Municipales busca generar condiciones de participaci\u00f3n ciudadana El Ayuntamiento de Cuernavaca a trav\u00e9s de la Junta Local Electoral Municipal mantiene el di\u00e1logo y se compromete con la transparencia en la pr\u00f3xima elecci\u00f3n de las y los nuevos Ayudantes [&hellip;]<\/p>\n","protected":false},"author":1,"featured_media":12991,"comment_status":"closed","ping_status":"closed","sticky":false,"template":"","format":"standard","meta":[],"categories":[20],"tags":[436,158,783,416,121,409,120,1413],"aioseo_notices":[],"_links":{"self":[{"href":"https:\/\/cuernavaca.gob.mx\/index.php?rest_route=\/wp\/v2\/posts\/12985"}],"collection":[{"href":"https:\/\/cuernavaca.gob.mx\/index.php?rest_route=\/wp\/v2\/posts"}],"about":[{"href":"https:\/\/cuernavaca.gob.mx\/index.php?rest_route=\/wp\/v2\/types\/post"}],"author":[{"embeddable":true,"href":"https:\/\/cuernavaca.gob.mx\/index.php?rest_route=\/wp\/v2\/users\/1"}],"replies":[{"embeddable":true,"href":"https:\/\/cuernavaca.gob.mx\/index.php?rest_route=%2Fwp%2Fv2%2Fcomments&post=12985"}],"version-history":[{"count":1,"href":"https:\/\/cuernavaca.gob.mx\/index.php?rest_route=\/wp\/v2\/posts\/12985\/revisions"}],"predecessor-version":[{"id":12993,"href":"https:\/\/cuernavaca.gob.mx\/index.php?rest_route=\/wp\/v2\/posts\/12985\/revisions\/12993"}],"wp:featuredmedia":[{"embeddable":true,"href":"https:\/\/cuernavaca.gob.mx\/index.php?rest_route=\/wp\/v2\/media\/12991"}],"wp:attachment":[{"href":"https:\/\/cuernavaca.gob.mx\/index.php?rest_route=%2Fwp%2Fv2%2Fmedia&parent=12985"}],"wp:term":[{"taxonomy":"category","embeddable":true,"href":"https:\/\/cuernavaca.gob.mx\/index.php?rest_route=%2Fwp%2Fv2%2Fcategories&post=12985"},{"taxonomy":"post_tag","embeddable":true,"href":"https:\/\/cuernavaca.gob.mx\/index.php?rest_route=%2Fwp%2Fv2%2Ftags&post=12985"}],"curies":[{"name":"wp","href":"https:\/\/api.w.org\/{rel}","templated":true}]}}