{"id":13046,"date":"2022-03-10T11:00:00","date_gmt":"2022-03-10T17:00:00","guid":{"rendered":"https:\/\/cuernavaca.gob.mx\/?p=13046"},"modified":"2025-05-06T10:59:07","modified_gmt":"2025-05-06T16:59:07","slug":"b152-10-03-22-gobierno-municipal-y-centro-inah-se-suman-por-el-rescate-del-patrimonio-de-cuernavaca","status":"publish","type":"post","link":"https:\/\/cuernavaca.gob.mx\/?p=13046","title":{"rendered":"B152 10\/03\/22 GOBIERNO MUNICIPAL Y CENTRO INAH SE SUMAN POR EL RESCATE DEL PATRIMONIO DE CUERNAVACA"},"content":{"rendered":"\n<p><strong>Estrenan el documental &#8220;Cuernavaca, Historia e Identidad. Centro Hist\u00f3rico y sus pueblos tradicionales&#8221;<\/strong><\/p>\n\n\n\n<p><strong>Durante tres d\u00edas, Cuernavaca es sede del INAHFest, proyecto cultural que celebra el patrimonio en todo el pa\u00eds<\/strong><\/p>\n\n\n\n<p>La ciudad de Cuernavaca es sede del INAHFest, proyecto de difusi\u00f3n cultural convocado por el Instituto Nacional de Antropolog\u00eda e Historia (INAH), con ayuda de la Secretar\u00eda de Cultura federal, que celebra el patrimonio en todo el pa\u00eds y contribuye a la reactivaci\u00f3n de espacios culturales, tras dos a\u00f1os de la contingencia sanitaria.<\/p>\n\n\n\n<p>Tras el evento inaugural que tuvo como sede el Museo Regional Cuauhn\u00e1huac, Palacio de Cort\u00e9s, que estar\u00e1 albergando este evento cultural encabezado por autoridades del Centro INAH Morelos, se estren\u00f3 el documental &#8220;Cuernavaca, Historia e Identidad. Centro Hist\u00f3rico y sus pueblos tradicionales&#8221;, el cual narra el pasado y presente de la ciudad, formando parte de la vida cultural, art\u00edstica e hist\u00f3rica de M\u00e9xico.<\/p>\n\n\n\n<p>Invitado como anfitri\u00f3n, el presidente municipal de Cuernavaca resalt\u00f3 la importancia de generar este tipo de proyectos que reconozcan la belleza de la ciudad mundialmente conocida como de la Eterna Primavera, una ciudad amable, elegante, de mucho esfuerzo en las colonias que fueron creadas hace d\u00e9cadas, pero, sobre todo, como una ciudad que ha representado para personajes emblem\u00e1ticos del arte, el cine, la pol\u00edtica, las ciencias entre otras disciplinas, un un lugar de refugio, paz, tranquilidad, en el que han explotado su inspiraci\u00f3n para escribir, pintar y actuar.<\/p>\n\n\n\n<p>\u201cNecesitamos que Cuernavaca sea reconocida por los propios por lo que es, una ciudad cultural, hist\u00f3rica, arquitect\u00f3nica, de un medio ambiente envidiable que debemos seguir preservando y tambi\u00e9n hacer que sea reconocida en otras latitudes para que nuestra actividad econ\u00f3mica no decaiga\u201d, acent\u00fao.<\/p>\n\n\n\n<p>Ante la presencia de integrantes del Consejo Ciudadano de la Cultura y las Artes de Cuernavaca, de cronistas, historiadores e integrantes de la sociedad civil organizada, el alcalde celebr\u00f3 la uni\u00f3n de todos los participantes para poder contar con los mayores elementos para ubicar en el lugar que merece a la ciudad capital en la historia del estado y en la regi\u00f3n centro del pa\u00eds.<\/p>\n\n\n\n<p>El director del Centro INAH Morelos, el antrop\u00f3logo V\u00edctor Hugo Valencia Valera, expres\u00f3 que el documental &#8220;Cuernavaca, Historia e Identidad. Centro Hist\u00f3rico y sus pueblos tradicionales&#8221; se suma al avance significativo que mantienen para obtener la Declaratoria Oficial del Centro Hist\u00f3rico de Cuernavaca, como parte de las acciones para enriquecer y reconocer el patrimonio arquitect\u00f3nico de la ciudad, actividades que est\u00e1n llevando a cabo con el apoyo del Ayuntamiento de Cuernavaca y la Universidad Aut\u00f3noma del Estado de Morelos (UAEM) a trav\u00e9s de la Facultad de Arquitectura y la Escuela de Turismo.<\/p>\n\n\n\n<p>En este contexto, la antrop\u00f3loga, Beatriz Quintanar Hinojosa, coordinadora nacional de Difusi\u00f3n del INAH, precis\u00f3 que reconocer a Cuernavaca y sus pueblos como una zona de monumentos hist\u00f3ricos, dar\u00e1 valor y reforzar\u00e1 las medidas de protecci\u00f3n del acervo hist\u00f3rico de la ciudad.<\/p>\n\n\n\n<p>Bajo el slogan, \u201cCelebramos tu patrimonio\u201d, el INAHFest se lleva a cabo del 10 al 12 de marzo en el Museo Regional Cuauhn\u00e1huac, Palacio de Cort\u00e9s, emblem\u00e1tica edificaci\u00f3n de la capital morelense, la cual se vio afectada por el sismo del 19 de septiembre de 2017.<\/p>\n\n\n\n<p>Con un programa dedicado al p\u00fablico morelense, los asistentes podr\u00e1n disfrutar de diversas exposiciones, charlas y la presentaci\u00f3n de documentales; se expondr\u00e1 adem\u00e1s el proyecto de reestructuraci\u00f3n del Museo Regional Cuauhn\u00e1huac y habr\u00e1 un librob\u00fas repleto de una rica selecci\u00f3n de materiales relacionados a las ramas de Antropolog\u00eda e Historia, no solo del sello INAH, sino tambi\u00e9n de otros fondos editoriales.<\/p>\n\n\n\n<p>Durante los tres d\u00edas, la Fonoteca del INAH y Radio INAH transmitir\u00e1n la serie de audios digitales \u201cEn Morelos se cuenta\u201d, y se instalar\u00e1 una cabina para que, todo el que desee, haga escuchar su voz, cantando o narrando una historia.<\/p>\n\n\n\n<figure class=\"wp-container-2 wp-block-gallery-1 wp-block-gallery has-nested-images columns-default is-cropped\">\n<figure class=\"wp-block-image size-large\"><img loading=\"lazy\" width=\"1024\" height=\"682\" data-id=\"13047\"  src=\"https:\/\/cuernavaca.gob.mx\/wp-content\/uploads\/2022\/06\/Cuernavaca-es-sede-del-INAHFest-01-1024x682.jpg\" alt=\"\" class=\"wp-image-13047\" srcset=\"https:\/\/cuernavaca.gob.mx\/wp-content\/uploads\/2022\/06\/Cuernavaca-es-sede-del-INAHFest-01-1024x682.jpg 1024w, https:\/\/cuernavaca.gob.mx\/wp-content\/uploads\/2022\/06\/Cuernavaca-es-sede-del-INAHFest-01-300x200.jpg 300w, https:\/\/cuernavaca.gob.mx\/wp-content\/uploads\/2022\/06\/Cuernavaca-es-sede-del-INAHFest-01-768x512.jpg 768w, https:\/\/cuernavaca.gob.mx\/wp-content\/uploads\/2022\/06\/Cuernavaca-es-sede-del-INAHFest-01-600x400.jpg 600w, https:\/\/cuernavaca.gob.mx\/wp-content\/uploads\/2022\/06\/Cuernavaca-es-sede-del-INAHFest-01-560x373.jpg 560w, https:\/\/cuernavaca.gob.mx\/wp-content\/uploads\/2022\/06\/Cuernavaca-es-sede-del-INAHFest-01.jpg 1280w\" sizes=\"(max-width: 1024px) 100vw, 1024px\" \/><\/figure>\n\n\n\n<figure class=\"wp-block-image size-large\"><img loading=\"lazy\" width=\"1024\" height=\"682\" data-id=\"13050\"  src=\"https:\/\/cuernavaca.gob.mx\/wp-content\/uploads\/2022\/06\/Cuernavaca-es-sede-del-INAHFest-02-1024x682.jpg\" alt=\"\" class=\"wp-image-13050\" srcset=\"https:\/\/cuernavaca.gob.mx\/wp-content\/uploads\/2022\/06\/Cuernavaca-es-sede-del-INAHFest-02-1024x682.jpg 1024w, https:\/\/cuernavaca.gob.mx\/wp-content\/uploads\/2022\/06\/Cuernavaca-es-sede-del-INAHFest-02-300x200.jpg 300w, https:\/\/cuernavaca.gob.mx\/wp-content\/uploads\/2022\/06\/Cuernavaca-es-sede-del-INAHFest-02-768x512.jpg 768w, https:\/\/cuernavaca.gob.mx\/wp-content\/uploads\/2022\/06\/Cuernavaca-es-sede-del-INAHFest-02-600x400.jpg 600w, https:\/\/cuernavaca.gob.mx\/wp-content\/uploads\/2022\/06\/Cuernavaca-es-sede-del-INAHFest-02-560x373.jpg 560w, https:\/\/cuernavaca.gob.mx\/wp-content\/uploads\/2022\/06\/Cuernavaca-es-sede-del-INAHFest-02.jpg 1280w\" sizes=\"(max-width: 1024px) 100vw, 1024px\" \/><\/figure>\n\n\n\n<figure class=\"wp-block-image size-large\"><img loading=\"lazy\" width=\"1024\" height=\"682\" data-id=\"13048\"  src=\"https:\/\/cuernavaca.gob.mx\/wp-content\/uploads\/2022\/06\/Cuernavaca-es-sede-del-INAHFest-03-1024x682.jpg\" alt=\"\" class=\"wp-image-13048\" srcset=\"https:\/\/cuernavaca.gob.mx\/wp-content\/uploads\/2022\/06\/Cuernavaca-es-sede-del-INAHFest-03-1024x682.jpg 1024w, https:\/\/cuernavaca.gob.mx\/wp-content\/uploads\/2022\/06\/Cuernavaca-es-sede-del-INAHFest-03-300x200.jpg 300w, https:\/\/cuernavaca.gob.mx\/wp-content\/uploads\/2022\/06\/Cuernavaca-es-sede-del-INAHFest-03-768x512.jpg 768w, https:\/\/cuernavaca.gob.mx\/wp-content\/uploads\/2022\/06\/Cuernavaca-es-sede-del-INAHFest-03-600x400.jpg 600w, https:\/\/cuernavaca.gob.mx\/wp-content\/uploads\/2022\/06\/Cuernavaca-es-sede-del-INAHFest-03-560x373.jpg 560w, https:\/\/cuernavaca.gob.mx\/wp-content\/uploads\/2022\/06\/Cuernavaca-es-sede-del-INAHFest-03.jpg 1280w\" sizes=\"(max-width: 1024px) 100vw, 1024px\" \/><\/figure>\n\n\n\n<figure class=\"wp-block-image size-large\"><img loading=\"lazy\" width=\"1024\" height=\"682\" data-id=\"13049\"  src=\"https:\/\/cuernavaca.gob.mx\/wp-content\/uploads\/2022\/06\/Cuernavaca-es-sede-del-INAHFest-04-1024x682.jpg\" alt=\"\" class=\"wp-image-13049\" srcset=\"https:\/\/cuernavaca.gob.mx\/wp-content\/uploads\/2022\/06\/Cuernavaca-es-sede-del-INAHFest-04-1024x682.jpg 1024w, https:\/\/cuernavaca.gob.mx\/wp-content\/uploads\/2022\/06\/Cuernavaca-es-sede-del-INAHFest-04-300x200.jpg 300w, https:\/\/cuernavaca.gob.mx\/wp-content\/uploads\/2022\/06\/Cuernavaca-es-sede-del-INAHFest-04-768x512.jpg 768w, https:\/\/cuernavaca.gob.mx\/wp-content\/uploads\/2022\/06\/Cuernavaca-es-sede-del-INAHFest-04-600x400.jpg 600w, https:\/\/cuernavaca.gob.mx\/wp-content\/uploads\/2022\/06\/Cuernavaca-es-sede-del-INAHFest-04-560x373.jpg 560w, https:\/\/cuernavaca.gob.mx\/wp-content\/uploads\/2022\/06\/Cuernavaca-es-sede-del-INAHFest-04.jpg 1280w\" sizes=\"(max-width: 1024px) 100vw, 1024px\" \/><\/figure>\n<\/figure>\n","protected":false},"excerpt":{"rendered":"<p>Estrenan el documental &#8220;Cuernavaca, Historia e Identidad. Centro Hist\u00f3rico y sus pueblos tradicionales&#8221; Durante tres d\u00edas, Cuernavaca es sede del INAHFest, proyecto cultural que celebra el patrimonio en todo el pa\u00eds La ciudad de Cuernavaca es sede del INAHFest, proyecto de difusi\u00f3n cultural convocado por el Instituto Nacional de Antropolog\u00eda e Historia (INAH), con ayuda [&hellip;]<\/p>\n","protected":false},"author":1,"featured_media":13048,"comment_status":"closed","ping_status":"closed","sticky":false,"template":"","format":"standard","meta":[],"categories":[20,21],"tags":[1145,121,190,1071,1068,1429,120,1430,411,194],"aioseo_notices":[],"_links":{"self":[{"href":"https:\/\/cuernavaca.gob.mx\/index.php?rest_route=\/wp\/v2\/posts\/13046"}],"collection":[{"href":"https:\/\/cuernavaca.gob.mx\/index.php?rest_route=\/wp\/v2\/posts"}],"about":[{"href":"https:\/\/cuernavaca.gob.mx\/index.php?rest_route=\/wp\/v2\/types\/post"}],"author":[{"embeddable":true,"href":"https:\/\/cuernavaca.gob.mx\/index.php?rest_route=\/wp\/v2\/users\/1"}],"replies":[{"embeddable":true,"href":"https:\/\/cuernavaca.gob.mx\/index.php?rest_route=%2Fwp%2Fv2%2Fcomments&post=13046"}],"version-history":[{"count":1,"href":"https:\/\/cuernavaca.gob.mx\/index.php?rest_route=\/wp\/v2\/posts\/13046\/revisions"}],"predecessor-version":[{"id":13051,"href":"https:\/\/cuernavaca.gob.mx\/index.php?rest_route=\/wp\/v2\/posts\/13046\/revisions\/13051"}],"wp:featuredmedia":[{"embeddable":true,"href":"https:\/\/cuernavaca.gob.mx\/index.php?rest_route=\/wp\/v2\/media\/13048"}],"wp:attachment":[{"href":"https:\/\/cuernavaca.gob.mx\/index.php?rest_route=%2Fwp%2Fv2%2Fmedia&parent=13046"}],"wp:term":[{"taxonomy":"category","embeddable":true,"href":"https:\/\/cuernavaca.gob.mx\/index.php?rest_route=%2Fwp%2Fv2%2Fcategories&post=13046"},{"taxonomy":"post_tag","embeddable":true,"href":"https:\/\/cuernavaca.gob.mx\/index.php?rest_route=%2Fwp%2Fv2%2Ftags&post=13046"}],"curies":[{"name":"wp","href":"https:\/\/api.w.org\/{rel}","templated":true}]}}