{"id":13317,"date":"2022-06-11T09:00:00","date_gmt":"2022-06-11T14:00:00","guid":{"rendered":"https:\/\/cuernavaca.gob.mx\/?p=13317"},"modified":"2025-05-06T11:26:01","modified_gmt":"2025-05-06T17:26:01","slug":"f085-11-06-22-respalda-cuernavaca-acciones-a-favor-de-la-proteccion-del-medio-ambiente-convocada-por-el-conalep","status":"publish","type":"post","link":"https:\/\/cuernavaca.gob.mx\/?p=13317","title":{"rendered":"F085 11\/06\/22 RESPALDA CUERNAVACA ACCIONES A FAVOR DE LA PROTECCI\u00d3N DEL MEDIO AMBIENTE CONVOCADA POR EL CONALEP"},"content":{"rendered":"\n<p>Ante el inter\u00e9s de que Cuernavaca renazca m\u00e1s verde y sustentable, el Ayuntamiento Capitalino se sumar\u00e1 a los esfuerzos del Colegio Nacional de Educaci\u00f3n Profesional T\u00e9cnica (CONALEP) en el estado, para crear conciencia sobre el cuidado y protecci\u00f3n del equilibrio ecol\u00f3gico y los recursos naturales que la madre naturaleza da en la d\u00e9cima edici\u00f3n de la Semana CONALEP de Protecci\u00f3n al Medio Ambiente, que este a\u00f1o se lleva a cabo bajo el lema: \u201cPor el cuidado de la tierra para todos\u201d.<\/p>\n\n\n\n<p>As\u00ed lo expres\u00f3 el presidente municipal, Jos\u00e9 Luis Uri\u00f3stegui Salgado, al recibir la invitaci\u00f3n enviada por el director general del Sistema Conalep Morelos, Jonathan Vega P\u00e9rez, a trav\u00e9s de la encargada de despacho de la Coordinaci\u00f3n Ejecutiva de CONALEP Morelos, Ximena Abigail Bautista Jim\u00e9nez, con quien sostuvo una reuni\u00f3n de cortes\u00eda.<\/p>\n\n\n\n<p>El alcalde asever\u00f3 que el Ayuntamiento de Cuernavaca es un gran aliado en los temas de sustentabilidad, contribuyendo y sumandose a las acciones para generar una conciencia verde en todo el estado, como lo hace el CONALEP mediante diversas acciones para preservar el entorno.<\/p>\n\n\n\n<p>Para resaltar estas actividades, se inform\u00f3 a Jos\u00e9 Luis Uri\u00f3stegui del programa \u201cCONALEP Verde\u201d que se desarrollar\u00e1 en las instalaciones del plantel de Temixco, donde se busca concientizar y sumar esfuerzos entre estudiantes, personal docente y administrativo, as\u00ed como la comunidad en general para compartir conocimientos sobre el cuidado y la protecci\u00f3n del medio ambiente de manera sustentable.<\/p>\n\n\n\n<p>\u201cLa idea es hacer una conciencia con toda la comunidad, no solo estudiantil, sino tambi\u00e9n con los padres de familia y ciudadanos, sumarlos a crear una conciencia y que el Ayuntamiento pueda contribuir en ello\u201d, acent\u00fao Ximena Abigail Bautista al t\u00e9rmino de este encuentro.<\/p>\n\n\n\n<figure class=\"wp-container-2 wp-block-gallery-1 wp-block-gallery has-nested-images columns-default is-cropped\">\n<figure class=\"wp-block-image size-large\"><img loading=\"lazy\" width=\"1024\" height=\"682\" data-id=\"13321\"  src=\"https:\/\/cuernavaca.gob.mx\/wp-content\/uploads\/2022\/06\/Reunio\u0301n-CONALEP-01-1024x682.jpg\" alt=\"\" class=\"wp-image-13321\" srcset=\"https:\/\/cuernavaca.gob.mx\/wp-content\/uploads\/2022\/06\/Reunio\u0301n-CONALEP-01-1024x682.jpg 1024w, https:\/\/cuernavaca.gob.mx\/wp-content\/uploads\/2022\/06\/Reunio\u0301n-CONALEP-01-300x200.jpg 300w, https:\/\/cuernavaca.gob.mx\/wp-content\/uploads\/2022\/06\/Reunio\u0301n-CONALEP-01-768x512.jpg 768w, https:\/\/cuernavaca.gob.mx\/wp-content\/uploads\/2022\/06\/Reunio\u0301n-CONALEP-01-600x400.jpg 600w, https:\/\/cuernavaca.gob.mx\/wp-content\/uploads\/2022\/06\/Reunio\u0301n-CONALEP-01-560x373.jpg 560w, https:\/\/cuernavaca.gob.mx\/wp-content\/uploads\/2022\/06\/Reunio\u0301n-CONALEP-01.jpg 1280w\" sizes=\"(max-width: 1024px) 100vw, 1024px\" \/><\/figure>\n\n\n\n<figure class=\"wp-block-image size-large\"><img loading=\"lazy\" width=\"1024\" height=\"722\" data-id=\"13318\"  src=\"https:\/\/cuernavaca.gob.mx\/wp-content\/uploads\/2022\/06\/Reunio\u0301n-CONALEP-02-1024x722.jpg\" alt=\"\" class=\"wp-image-13318\" srcset=\"https:\/\/cuernavaca.gob.mx\/wp-content\/uploads\/2022\/06\/Reunio\u0301n-CONALEP-02-1024x722.jpg 1024w, https:\/\/cuernavaca.gob.mx\/wp-content\/uploads\/2022\/06\/Reunio\u0301n-CONALEP-02-300x211.jpg 300w, https:\/\/cuernavaca.gob.mx\/wp-content\/uploads\/2022\/06\/Reunio\u0301n-CONALEP-02-768x541.jpg 768w, https:\/\/cuernavaca.gob.mx\/wp-content\/uploads\/2022\/06\/Reunio\u0301n-CONALEP-02-600x423.jpg 600w, https:\/\/cuernavaca.gob.mx\/wp-content\/uploads\/2022\/06\/Reunio\u0301n-CONALEP-02-560x395.jpg 560w, https:\/\/cuernavaca.gob.mx\/wp-content\/uploads\/2022\/06\/Reunio\u0301n-CONALEP-02.jpg 1280w\" sizes=\"(max-width: 1024px) 100vw, 1024px\" \/><\/figure>\n\n\n\n<figure class=\"wp-block-image size-large\"><img loading=\"lazy\" width=\"1024\" height=\"682\" data-id=\"13319\"  src=\"https:\/\/cuernavaca.gob.mx\/wp-content\/uploads\/2022\/06\/Reunio\u0301n-CONALEP-03-1024x682.jpg\" alt=\"\" class=\"wp-image-13319\" srcset=\"https:\/\/cuernavaca.gob.mx\/wp-content\/uploads\/2022\/06\/Reunio\u0301n-CONALEP-03-1024x682.jpg 1024w, https:\/\/cuernavaca.gob.mx\/wp-content\/uploads\/2022\/06\/Reunio\u0301n-CONALEP-03-300x200.jpg 300w, https:\/\/cuernavaca.gob.mx\/wp-content\/uploads\/2022\/06\/Reunio\u0301n-CONALEP-03-768x512.jpg 768w, https:\/\/cuernavaca.gob.mx\/wp-content\/uploads\/2022\/06\/Reunio\u0301n-CONALEP-03-600x400.jpg 600w, https:\/\/cuernavaca.gob.mx\/wp-content\/uploads\/2022\/06\/Reunio\u0301n-CONALEP-03-560x373.jpg 560w, https:\/\/cuernavaca.gob.mx\/wp-content\/uploads\/2022\/06\/Reunio\u0301n-CONALEP-03.jpg 1280w\" sizes=\"(max-width: 1024px) 100vw, 1024px\" \/><\/figure>\n\n\n\n<figure class=\"wp-block-image size-large\"><img loading=\"lazy\" width=\"1024\" height=\"682\" data-id=\"13320\"  src=\"https:\/\/cuernavaca.gob.mx\/wp-content\/uploads\/2022\/06\/Reunio\u0301n-CONALEP-04-1024x682.jpg\" alt=\"\" class=\"wp-image-13320\" srcset=\"https:\/\/cuernavaca.gob.mx\/wp-content\/uploads\/2022\/06\/Reunio\u0301n-CONALEP-04-1024x682.jpg 1024w, https:\/\/cuernavaca.gob.mx\/wp-content\/uploads\/2022\/06\/Reunio\u0301n-CONALEP-04-300x200.jpg 300w, https:\/\/cuernavaca.gob.mx\/wp-content\/uploads\/2022\/06\/Reunio\u0301n-CONALEP-04-768x512.jpg 768w, https:\/\/cuernavaca.gob.mx\/wp-content\/uploads\/2022\/06\/Reunio\u0301n-CONALEP-04-600x400.jpg 600w, https:\/\/cuernavaca.gob.mx\/wp-content\/uploads\/2022\/06\/Reunio\u0301n-CONALEP-04-560x373.jpg 560w, https:\/\/cuernavaca.gob.mx\/wp-content\/uploads\/2022\/06\/Reunio\u0301n-CONALEP-04.jpg 1280w\" sizes=\"(max-width: 1024px) 100vw, 1024px\" \/><\/figure>\n<\/figure>\n","protected":false},"excerpt":{"rendered":"<p>Ante el inter\u00e9s de que Cuernavaca renazca m\u00e1s verde y sustentable, el Ayuntamiento Capitalino se sumar\u00e1 a los esfuerzos del Colegio Nacional de Educaci\u00f3n Profesional T\u00e9cnica (CONALEP) en el estado, para crear conciencia sobre el cuidado y protecci\u00f3n del equilibrio ecol\u00f3gico y los recursos naturales que la madre naturaleza da en la d\u00e9cima edici\u00f3n de [&hellip;]<\/p>\n","protected":false},"author":1,"featured_media":13319,"comment_status":"closed","ping_status":"closed","sticky":false,"template":"","format":"standard","meta":[],"categories":[20],"tags":[368,1305,1501,121,120,422,1291],"aioseo_notices":[],"_links":{"self":[{"href":"https:\/\/cuernavaca.gob.mx\/index.php?rest_route=\/wp\/v2\/posts\/13317"}],"collection":[{"href":"https:\/\/cuernavaca.gob.mx\/index.php?rest_route=\/wp\/v2\/posts"}],"about":[{"href":"https:\/\/cuernavaca.gob.mx\/index.php?rest_route=\/wp\/v2\/types\/post"}],"author":[{"embeddable":true,"href":"https:\/\/cuernavaca.gob.mx\/index.php?rest_route=\/wp\/v2\/users\/1"}],"replies":[{"embeddable":true,"href":"https:\/\/cuernavaca.gob.mx\/index.php?rest_route=%2Fwp%2Fv2%2Fcomments&post=13317"}],"version-history":[{"count":1,"href":"https:\/\/cuernavaca.gob.mx\/index.php?rest_route=\/wp\/v2\/posts\/13317\/revisions"}],"predecessor-version":[{"id":13322,"href":"https:\/\/cuernavaca.gob.mx\/index.php?rest_route=\/wp\/v2\/posts\/13317\/revisions\/13322"}],"wp:featuredmedia":[{"embeddable":true,"href":"https:\/\/cuernavaca.gob.mx\/index.php?rest_route=\/wp\/v2\/media\/13319"}],"wp:attachment":[{"href":"https:\/\/cuernavaca.gob.mx\/index.php?rest_route=%2Fwp%2Fv2%2Fmedia&parent=13317"}],"wp:term":[{"taxonomy":"category","embeddable":true,"href":"https:\/\/cuernavaca.gob.mx\/index.php?rest_route=%2Fwp%2Fv2%2Fcategories&post=13317"},{"taxonomy":"post_tag","embeddable":true,"href":"https:\/\/cuernavaca.gob.mx\/index.php?rest_route=%2Fwp%2Fv2%2Ftags&post=13317"}],"curies":[{"name":"wp","href":"https:\/\/api.w.org\/{rel}","templated":true}]}}