{"id":13349,"date":"2022-06-12T13:00:00","date_gmt":"2022-06-12T18:00:00","guid":{"rendered":"https:\/\/cuernavaca.gob.mx\/?p=13349"},"modified":"2025-05-06T11:25:59","modified_gmt":"2025-05-06T17:25:59","slug":"b421-12-06-22-en-cuernavaca-se-prioriza-el-cuidado-y-preservacion-de-barrancas-y-areas-naturales","status":"publish","type":"post","link":"https:\/\/cuernavaca.gob.mx\/?p=13349","title":{"rendered":"B421 12\/06\/22 EN CUERNAVACA SE PRIORIZA EL CUIDADO Y PRESERVACI\u00d3N DE BARRANCAS Y \u00c1REAS NATURALES"},"content":{"rendered":"\n<p><strong>La Secretar\u00eda de Desarrollo Sustentable y Servicios P\u00fablicos ha iniciado acciones en conjunto con \u00e1reas de la administraci\u00f3n municipal, ciudadan\u00eda y organizaciones civiles<\/strong><\/p>\n\n\n\n<p>Al ser una prioridad del Gobierno Municipal que encabeza Jos\u00e9 Luis Uri\u00f3stegui Salgado, el cuidado y la protecci\u00f3n del equilibrio ecol\u00f3gico y del medio ambiente, la Secretar\u00eda de Desarrollo Sustentable y Servicios P\u00fablicos de Cuernavaca ha iniciado una serie de acciones encaminadas a la atenci\u00f3n, limpieza y conservaci\u00f3n de las barrancas y \u00e1reas naturales protegidas que alberga la ciudad y que no solo forman parte de su atractivo tur\u00edstico, sino que son fundamentales para regular el clima del territorio.<\/p>\n\n\n\n<p>La ciudad de la Eterna Primavera cuenta con 263 tramos de barranca que recorren de norte a sur el municipio, funcionando como corredores biol\u00f3gicos y reguladores en el equilibrio hidrol\u00f3gico; adem\u00e1s contribuyen a la recarga de mantos fre\u00e1ticos y son reservorios de flora y fauna nativa del estado e incluso, de especies end\u00e9micas para el municipio. &nbsp;<\/p>\n\n\n\n<p>En este sentido, el director general de Desarrollo Sustentable, Jos\u00e9 Alfredo Rodr\u00edguez San Cipri\u00e1n, explic\u00f3 que como parte del plan de trabajo integral de rescate y conservaci\u00f3n han establecido sinergias con distintas \u00e1reas de la administraci\u00f3n p\u00fablica municipal, como es el caso del Sistema de Agua Potable y Alcantarillado de Cuernavaca (SAPAC), con quien est\u00e1n generando proyectos para mejorar las condiciones de la cuenca del R\u00edo Apatlaco, debido a que sigue contando con una gran cantidad de descargas residuales que aumentan su contaminaci\u00f3n.<\/p>\n\n\n\n<p>Se\u00f1al\u00f3 que con el Departamento de Bosques y Barrancas estar\u00e1n arrancando pr\u00f3ximamente un programa de concientizaci\u00f3n ambiental dirigido espec\u00edficamente al cuidado y rescate de la barranca de Tepeyahualco en la colonia Sacatierra, con el prop\u00f3sito de evitar que se sigan tirando residuos s\u00f3lidos tanto en la barranca como en lugares inadecuados y generar, a la par, conciencia sobre el tratado del agua.<\/p>\n\n\n\n<p>Cuernavaca alberga 149 especies de hongos, 914 de plantas, nueve especies de peces, 17 de anfibios, 15 especies de reptiles, 185 de aves y 19 especies de mam\u00edferos, dentro de \u00e9sta biodiversidad se encuentra el cangrejito barranque\u00f1o, especie end\u00e9mica de Cuernavaca y sus barrancas, la cual se encuentra en peligro de extinci\u00f3n, por lo que la Secretar\u00eda de Desarrollo Sustentable y Servicios P\u00fablicos ha comenzado a acondicionar sus refugios, a fin de que tengan las condiciones id\u00f3neas para cumplir con su ciclo de vida al momento de reproducirse, que parte del mes de junio hasta el mes de noviembre, y lograr as\u00ed su preservaci\u00f3n.<\/p>\n\n\n\n<p>Jos\u00e9 Alfredo Rodr\u00edguez, destac\u00f3 que han incluido a la ciudadan\u00eda y a ciertas organizaciones civiles en los trabajos como parte de la encomienda que ha priorizado el Gobierno Municipal de corresponsabilidad, este fue el caso de la asociaci\u00f3n \u201cAlto Apatlaco\u201d, que tiene la concesi\u00f3n federal de la barranca El Pilanc\u00f3n, y con quienes est\u00e1n gestionando trabajos y acciones para decretar a este pulm\u00f3n en la ciudad como un \u00e1rea natural protegida, garantizando su cuidado al paso de los a\u00f1os.<\/p>\n\n\n\n<figure class=\"wp-container-2 wp-block-gallery-1 wp-block-gallery has-nested-images columns-default is-cropped\">\n<figure class=\"wp-block-image size-large\"><img loading=\"lazy\" width=\"1024\" height=\"461\" data-id=\"13351\"  src=\"https:\/\/cuernavaca.gob.mx\/wp-content\/uploads\/2022\/06\/Cuidado-a\u0301reas-naturales-01-1024x461.jpg\" alt=\"\" class=\"wp-image-13351\" srcset=\"https:\/\/cuernavaca.gob.mx\/wp-content\/uploads\/2022\/06\/Cuidado-a\u0301reas-naturales-01-1024x461.jpg 1024w, https:\/\/cuernavaca.gob.mx\/wp-content\/uploads\/2022\/06\/Cuidado-a\u0301reas-naturales-01-300x135.jpg 300w, https:\/\/cuernavaca.gob.mx\/wp-content\/uploads\/2022\/06\/Cuidado-a\u0301reas-naturales-01-768x346.jpg 768w, https:\/\/cuernavaca.gob.mx\/wp-content\/uploads\/2022\/06\/Cuidado-a\u0301reas-naturales-01-600x270.jpg 600w, https:\/\/cuernavaca.gob.mx\/wp-content\/uploads\/2022\/06\/Cuidado-a\u0301reas-naturales-01-560x252.jpg 560w, https:\/\/cuernavaca.gob.mx\/wp-content\/uploads\/2022\/06\/Cuidado-a\u0301reas-naturales-01.jpg 1280w\" sizes=\"(max-width: 1024px) 100vw, 1024px\" \/><\/figure>\n\n\n\n<figure class=\"wp-block-image size-large\"><img loading=\"lazy\" width=\"1024\" height=\"461\" data-id=\"13352\"  src=\"https:\/\/cuernavaca.gob.mx\/wp-content\/uploads\/2022\/06\/Cuidado-a\u0301reas-naturales-02-1024x461.jpg\" alt=\"\" class=\"wp-image-13352\" srcset=\"https:\/\/cuernavaca.gob.mx\/wp-content\/uploads\/2022\/06\/Cuidado-a\u0301reas-naturales-02-1024x461.jpg 1024w, https:\/\/cuernavaca.gob.mx\/wp-content\/uploads\/2022\/06\/Cuidado-a\u0301reas-naturales-02-300x135.jpg 300w, https:\/\/cuernavaca.gob.mx\/wp-content\/uploads\/2022\/06\/Cuidado-a\u0301reas-naturales-02-768x346.jpg 768w, https:\/\/cuernavaca.gob.mx\/wp-content\/uploads\/2022\/06\/Cuidado-a\u0301reas-naturales-02-600x270.jpg 600w, https:\/\/cuernavaca.gob.mx\/wp-content\/uploads\/2022\/06\/Cuidado-a\u0301reas-naturales-02-560x252.jpg 560w, https:\/\/cuernavaca.gob.mx\/wp-content\/uploads\/2022\/06\/Cuidado-a\u0301reas-naturales-02.jpg 1280w\" sizes=\"(max-width: 1024px) 100vw, 1024px\" \/><\/figure>\n\n\n\n<figure class=\"wp-block-image size-large\"><img loading=\"lazy\" width=\"1024\" height=\"461\" data-id=\"13350\"  src=\"https:\/\/cuernavaca.gob.mx\/wp-content\/uploads\/2022\/06\/Cuidado-a\u0301reas-naturales-03-1024x461.jpg\" alt=\"\" class=\"wp-image-13350\" srcset=\"https:\/\/cuernavaca.gob.mx\/wp-content\/uploads\/2022\/06\/Cuidado-a\u0301reas-naturales-03-1024x461.jpg 1024w, https:\/\/cuernavaca.gob.mx\/wp-content\/uploads\/2022\/06\/Cuidado-a\u0301reas-naturales-03-300x135.jpg 300w, https:\/\/cuernavaca.gob.mx\/wp-content\/uploads\/2022\/06\/Cuidado-a\u0301reas-naturales-03-768x346.jpg 768w, https:\/\/cuernavaca.gob.mx\/wp-content\/uploads\/2022\/06\/Cuidado-a\u0301reas-naturales-03-600x270.jpg 600w, https:\/\/cuernavaca.gob.mx\/wp-content\/uploads\/2022\/06\/Cuidado-a\u0301reas-naturales-03-560x252.jpg 560w, https:\/\/cuernavaca.gob.mx\/wp-content\/uploads\/2022\/06\/Cuidado-a\u0301reas-naturales-03.jpg 1280w\" sizes=\"(max-width: 1024px) 100vw, 1024px\" \/><\/figure>\n<\/figure>\n","protected":false},"excerpt":{"rendered":"<p>La Secretar\u00eda de Desarrollo Sustentable y Servicios P\u00fablicos ha iniciado acciones en conjunto con \u00e1reas de la administraci\u00f3n municipal, ciudadan\u00eda y organizaciones civiles Al ser una prioridad del Gobierno Municipal que encabeza Jos\u00e9 Luis Uri\u00f3stegui Salgado, el cuidado y la protecci\u00f3n del equilibrio ecol\u00f3gico y del medio ambiente, la Secretar\u00eda de Desarrollo Sustentable y Servicios [&hellip;]<\/p>\n","protected":false},"author":1,"featured_media":13351,"comment_status":"closed","ping_status":"closed","sticky":false,"template":"","format":"standard","meta":[],"categories":[20,208],"tags":[501,121,1518,302,1517,1516,120,644,138],"aioseo_notices":[],"_links":{"self":[{"href":"https:\/\/cuernavaca.gob.mx\/index.php?rest_route=\/wp\/v2\/posts\/13349"}],"collection":[{"href":"https:\/\/cuernavaca.gob.mx\/index.php?rest_route=\/wp\/v2\/posts"}],"about":[{"href":"https:\/\/cuernavaca.gob.mx\/index.php?rest_route=\/wp\/v2\/types\/post"}],"author":[{"embeddable":true,"href":"https:\/\/cuernavaca.gob.mx\/index.php?rest_route=\/wp\/v2\/users\/1"}],"replies":[{"embeddable":true,"href":"https:\/\/cuernavaca.gob.mx\/index.php?rest_route=%2Fwp%2Fv2%2Fcomments&post=13349"}],"version-history":[{"count":1,"href":"https:\/\/cuernavaca.gob.mx\/index.php?rest_route=\/wp\/v2\/posts\/13349\/revisions"}],"predecessor-version":[{"id":13353,"href":"https:\/\/cuernavaca.gob.mx\/index.php?rest_route=\/wp\/v2\/posts\/13349\/revisions\/13353"}],"wp:featuredmedia":[{"embeddable":true,"href":"https:\/\/cuernavaca.gob.mx\/index.php?rest_route=\/wp\/v2\/media\/13351"}],"wp:attachment":[{"href":"https:\/\/cuernavaca.gob.mx\/index.php?rest_route=%2Fwp%2Fv2%2Fmedia&parent=13349"}],"wp:term":[{"taxonomy":"category","embeddable":true,"href":"https:\/\/cuernavaca.gob.mx\/index.php?rest_route=%2Fwp%2Fv2%2Fcategories&post=13349"},{"taxonomy":"post_tag","embeddable":true,"href":"https:\/\/cuernavaca.gob.mx\/index.php?rest_route=%2Fwp%2Fv2%2Ftags&post=13349"}],"curies":[{"name":"wp","href":"https:\/\/api.w.org\/{rel}","templated":true}]}}