{"id":13364,"date":"2022-06-13T11:00:00","date_gmt":"2022-06-13T16:00:00","guid":{"rendered":"https:\/\/cuernavaca.gob.mx\/?p=13364"},"modified":"2025-05-06T11:26:33","modified_gmt":"2025-05-06T17:26:33","slug":"b423-13-06-22-comite-de-emergencias-sanitarias-de-cuernavaca-piden-reforzar-medidas-ante-incremento-de-contagios-de-covid-19","status":"publish","type":"post","link":"https:\/\/cuernavaca.gob.mx\/?p=13364","title":{"rendered":"B423 13\/06\/22 COMIT\u00c9 DE EMERGENCIAS SANITARIAS DE CUERNAVACA PIDEN REFORZAR MEDIDAS ANTE INCREMENTO DE CONTAGIOS DE COVID-19"},"content":{"rendered":"\n<p><strong>El director general de Salud del Ayuntamiento y Secretario T\u00e9cnico del Comit\u00e9 puntualiz\u00f3 que no se debe crear la falsa expectativa de que la pandemia ha terminado,<\/strong><\/p>\n\n\n\n<p><strong>Investigadores y acad\u00e9micos consideran se deben mantener vigente el uso del cubrebocas<\/strong><\/p>\n\n\n\n<p>Ante el incremento de casos positivos de coronavirus SARS-CoV-2 a nivel nacional, el Comit\u00e9 Municipal de Emergencias Sanitarias (CMES) y autoridades del Ayuntamiento de Cuernavaca, hicieron un llamamiento a la poblaci\u00f3n a no bajar la guardia y reforzar las medidas sanitarias para evitar el aumento en contagios, resaltando que el cuidado es una corresponsabilidad.<\/p>\n\n\n\n<p>El director general de Salud del Ayuntamiento de Cuernavaca y Secretario T\u00e9cnico del CMES, Josu\u00e9 Larios Morales, explic\u00f3 que con base a las recomendaciones que las y los cient\u00edficos en sesi\u00f3n virtual expusieron este lunes, se determin\u00f3 promover las medidas sanitarias dispuestas por la autoridad estatal y vigentes a la fecha, resaltando que a pesar de estar mejor posicionados por los avances en los esquemas de vacunaci\u00f3n en el municipio, no se debe crear la falsa expectativa de que la pandemia ha terminado.<\/p>\n\n\n\n<p>Precis\u00f3 que si bien de acuerdo a informaci\u00f3n oficial, en Cuernavaca se registra un incremento leve de casos, el personal de la salud est\u00e1 observando un aumento de atenci\u00f3n a pacientes con infecciones de v\u00edas respiratorias, por lo cual es fundamental cumplir con cada uno de los protocolos sanitarios se\u00f1alado desde el inicio de la emergencia sanitaria.<\/p>\n\n\n\n<p>Las medidas que consider\u00f3 fundamentales a acatar para prevenir contagios y rebrotes en la ciudad, son: cumplir con el esquema de vacunaci\u00f3n completo debido a que existe todav\u00eda un gran n\u00famero de personas que no se han inmunizado; el uso obligatorio del cubreboca; lavado constante de manos, ventilar espacios laborales, escolares y tipo comercial sobre todo restaurantes, as\u00ed como el distanciamiento social en tanto sea posible.<\/p>\n\n\n\n<p>El director general de Salud de Cuernavaca explic\u00f3 que, el cubrebocas al ser considerado el instrumento de protecci\u00f3n m\u00e1s eficaz, se debe utilizar de forma correcta, es decir, sellando perfectamente la parte de la nariz y de las mejillas, evitando fugas en la parte posterior.<\/p>\n\n\n\n<p>Los integrantes del CMES pusieron especial \u00e9nfasis en celebraciones pr\u00f3ximas a desarrollarse como es el D\u00eda del Padre, que al igual que otras festividades, el llamado a la poblaci\u00f3n es que no se minimicen los riesgos de contagio de COVID 19 particularmente en adultos mayores y personas con cuadros de obesidad, enfermedad pulmonar cr\u00f3nica, diabetes, asma o inmunodeprimidos.<\/p>\n\n\n\n<p>\u201cLa invitaci\u00f3n a la sociedad en general es para que siga acatando estas recomendaciones. No es extra\u00f1amiento, sino poner la salud tambi\u00e9n en las manos de la gente, de nuestras familias, de toda la sociedad para tratar de acotar y disminuir los tiempos de contagio y de que esta pandemia perdure\u201d, expres\u00f3 Josu\u00e9 Larios.<\/p>\n\n\n\n<p>Desde el inicio de la administraci\u00f3n, el Ayuntamiento de Cuernavaca ha fomentado y priorizado el respeto a las recomendaciones sanitarias, cumpliendo con el protocolo de atenci\u00f3n a la emergencia sanitaria que establece, a nivel estatal, el uso obligatorio del cubrebocas, aunado a la sana distancia y uso de gel antibacterial y\/o lavado constante de manos.<\/p>\n\n\n\n<figure class=\"wp-container-2 wp-block-gallery-1 wp-block-gallery has-nested-images columns-default is-cropped\">\n<figure class=\"wp-block-image size-large\"><img loading=\"lazy\" width=\"1024\" height=\"683\" data-id=\"13366\"  src=\"https:\/\/cuernavaca.gob.mx\/wp-content\/uploads\/2022\/06\/Reforzar-medidas-COVID-01-1024x683.jpg\" alt=\"\" class=\"wp-image-13366\" srcset=\"https:\/\/cuernavaca.gob.mx\/wp-content\/uploads\/2022\/06\/Reforzar-medidas-COVID-01-1024x683.jpg 1024w, https:\/\/cuernavaca.gob.mx\/wp-content\/uploads\/2022\/06\/Reforzar-medidas-COVID-01-300x200.jpg 300w, https:\/\/cuernavaca.gob.mx\/wp-content\/uploads\/2022\/06\/Reforzar-medidas-COVID-01-768x512.jpg 768w, https:\/\/cuernavaca.gob.mx\/wp-content\/uploads\/2022\/06\/Reforzar-medidas-COVID-01-1536x1024.jpg 1536w, https:\/\/cuernavaca.gob.mx\/wp-content\/uploads\/2022\/06\/Reforzar-medidas-COVID-01-600x400.jpg 600w, https:\/\/cuernavaca.gob.mx\/wp-content\/uploads\/2022\/06\/Reforzar-medidas-COVID-01-560x373.jpg 560w, https:\/\/cuernavaca.gob.mx\/wp-content\/uploads\/2022\/06\/Reforzar-medidas-COVID-01.jpg 1599w\" sizes=\"(max-width: 1024px) 100vw, 1024px\" \/><\/figure>\n\n\n\n<figure class=\"wp-block-image size-large\"><img loading=\"lazy\" width=\"1024\" height=\"683\" data-id=\"13368\"  src=\"https:\/\/cuernavaca.gob.mx\/wp-content\/uploads\/2022\/06\/Reforzar-medidas-COVID-02-1024x683.jpg\" alt=\"\" class=\"wp-image-13368\" srcset=\"https:\/\/cuernavaca.gob.mx\/wp-content\/uploads\/2022\/06\/Reforzar-medidas-COVID-02-1024x683.jpg 1024w, https:\/\/cuernavaca.gob.mx\/wp-content\/uploads\/2022\/06\/Reforzar-medidas-COVID-02-300x200.jpg 300w, https:\/\/cuernavaca.gob.mx\/wp-content\/uploads\/2022\/06\/Reforzar-medidas-COVID-02-768x512.jpg 768w, https:\/\/cuernavaca.gob.mx\/wp-content\/uploads\/2022\/06\/Reforzar-medidas-COVID-02-1536x1024.jpg 1536w, https:\/\/cuernavaca.gob.mx\/wp-content\/uploads\/2022\/06\/Reforzar-medidas-COVID-02-600x400.jpg 600w, https:\/\/cuernavaca.gob.mx\/wp-content\/uploads\/2022\/06\/Reforzar-medidas-COVID-02-560x373.jpg 560w, https:\/\/cuernavaca.gob.mx\/wp-content\/uploads\/2022\/06\/Reforzar-medidas-COVID-02.jpg 1599w\" sizes=\"(max-width: 1024px) 100vw, 1024px\" \/><\/figure>\n\n\n\n<figure class=\"wp-block-image size-large\"><img loading=\"lazy\" width=\"1024\" height=\"683\" data-id=\"13365\"  src=\"https:\/\/cuernavaca.gob.mx\/wp-content\/uploads\/2022\/06\/Reforzar-medidas-COVID-03-1024x683.jpg\" alt=\"\" class=\"wp-image-13365\" srcset=\"https:\/\/cuernavaca.gob.mx\/wp-content\/uploads\/2022\/06\/Reforzar-medidas-COVID-03-1024x683.jpg 1024w, https:\/\/cuernavaca.gob.mx\/wp-content\/uploads\/2022\/06\/Reforzar-medidas-COVID-03-300x200.jpg 300w, https:\/\/cuernavaca.gob.mx\/wp-content\/uploads\/2022\/06\/Reforzar-medidas-COVID-03-768x512.jpg 768w, https:\/\/cuernavaca.gob.mx\/wp-content\/uploads\/2022\/06\/Reforzar-medidas-COVID-03-1536x1024.jpg 1536w, https:\/\/cuernavaca.gob.mx\/wp-content\/uploads\/2022\/06\/Reforzar-medidas-COVID-03-600x400.jpg 600w, https:\/\/cuernavaca.gob.mx\/wp-content\/uploads\/2022\/06\/Reforzar-medidas-COVID-03-560x373.jpg 560w, https:\/\/cuernavaca.gob.mx\/wp-content\/uploads\/2022\/06\/Reforzar-medidas-COVID-03.jpg 1599w\" sizes=\"(max-width: 1024px) 100vw, 1024px\" \/><\/figure>\n\n\n\n<figure class=\"wp-block-image size-large\"><img loading=\"lazy\" width=\"1024\" height=\"1024\" data-id=\"13367\"  src=\"https:\/\/cuernavaca.gob.mx\/wp-content\/uploads\/2022\/06\/Reforzar-medidas-COVID-04-1024x1024.jpg\" alt=\"\" class=\"wp-image-13367\" srcset=\"https:\/\/cuernavaca.gob.mx\/wp-content\/uploads\/2022\/06\/Reforzar-medidas-COVID-04-1024x1024.jpg 1024w, https:\/\/cuernavaca.gob.mx\/wp-content\/uploads\/2022\/06\/Reforzar-medidas-COVID-04-300x300.jpg 300w, https:\/\/cuernavaca.gob.mx\/wp-content\/uploads\/2022\/06\/Reforzar-medidas-COVID-04-150x150.jpg 150w, https:\/\/cuernavaca.gob.mx\/wp-content\/uploads\/2022\/06\/Reforzar-medidas-COVID-04-768x767.jpg 768w, https:\/\/cuernavaca.gob.mx\/wp-content\/uploads\/2022\/06\/Reforzar-medidas-COVID-04-600x600.jpg 600w, https:\/\/cuernavaca.gob.mx\/wp-content\/uploads\/2022\/06\/Reforzar-medidas-COVID-04-560x560.jpg 560w, https:\/\/cuernavaca.gob.mx\/wp-content\/uploads\/2022\/06\/Reforzar-medidas-COVID-04.jpg 1280w\" sizes=\"(max-width: 1024px) 100vw, 1024px\" \/><\/figure>\n<\/figure>\n","protected":false},"excerpt":{"rendered":"<p>El director general de Salud del Ayuntamiento y Secretario T\u00e9cnico del Comit\u00e9 puntualiz\u00f3 que no se debe crear la falsa expectativa de que la pandemia ha terminado, Investigadores y acad\u00e9micos consideran se deben mantener vigente el uso del cubrebocas Ante el incremento de casos positivos de coronavirus SARS-CoV-2 a nivel nacional, el Comit\u00e9 Municipal de [&hellip;]<\/p>\n","protected":false},"author":1,"featured_media":13367,"comment_status":"closed","ping_status":"closed","sticky":false,"template":"","format":"standard","meta":[],"categories":[118,20,899],"tags":[1525,167,354,121,120,1416,1526,125],"aioseo_notices":[],"_links":{"self":[{"href":"https:\/\/cuernavaca.gob.mx\/index.php?rest_route=\/wp\/v2\/posts\/13364"}],"collection":[{"href":"https:\/\/cuernavaca.gob.mx\/index.php?rest_route=\/wp\/v2\/posts"}],"about":[{"href":"https:\/\/cuernavaca.gob.mx\/index.php?rest_route=\/wp\/v2\/types\/post"}],"author":[{"embeddable":true,"href":"https:\/\/cuernavaca.gob.mx\/index.php?rest_route=\/wp\/v2\/users\/1"}],"replies":[{"embeddable":true,"href":"https:\/\/cuernavaca.gob.mx\/index.php?rest_route=%2Fwp%2Fv2%2Fcomments&post=13364"}],"version-history":[{"count":1,"href":"https:\/\/cuernavaca.gob.mx\/index.php?rest_route=\/wp\/v2\/posts\/13364\/revisions"}],"predecessor-version":[{"id":13369,"href":"https:\/\/cuernavaca.gob.mx\/index.php?rest_route=\/wp\/v2\/posts\/13364\/revisions\/13369"}],"wp:featuredmedia":[{"embeddable":true,"href":"https:\/\/cuernavaca.gob.mx\/index.php?rest_route=\/wp\/v2\/media\/13367"}],"wp:attachment":[{"href":"https:\/\/cuernavaca.gob.mx\/index.php?rest_route=%2Fwp%2Fv2%2Fmedia&parent=13364"}],"wp:term":[{"taxonomy":"category","embeddable":true,"href":"https:\/\/cuernavaca.gob.mx\/index.php?rest_route=%2Fwp%2Fv2%2Fcategories&post=13364"},{"taxonomy":"post_tag","embeddable":true,"href":"https:\/\/cuernavaca.gob.mx\/index.php?rest_route=%2Fwp%2Fv2%2Ftags&post=13364"}],"curies":[{"name":"wp","href":"https:\/\/api.w.org\/{rel}","templated":true}]}}