{"id":13639,"date":"2022-06-14T09:00:00","date_gmt":"2022-06-14T14:00:00","guid":{"rendered":"https:\/\/cuernavaca.gob.mx\/?p=13639"},"modified":"2025-05-06T11:26:33","modified_gmt":"2025-05-06T17:26:33","slug":"b425-14-06-22-apoya-ayuntamiento-de-cuernavaca-en-el-regreso-a-clases-seguro-de-la-secundaria-froylan-parroquin","status":"publish","type":"post","link":"https:\/\/cuernavaca.gob.mx\/?p=13639","title":{"rendered":"B425 14\/06\/22 APOYA AYUNTAMIENTO DE CUERNAVACA EN EL REGRESO A CLASES SEGURO DE LA SECUNDARIA FROYLAN PARROQU\u00cdN"},"content":{"rendered":"\n<p><strong>La Secretar\u00eda de Desarrollo Humano y Participaci\u00f3n Social, llev\u00f3 a cabo este fin de semana una jornada comunitaria<\/strong><\/p>\n\n\n\n<p><strong>El Comit\u00e9 de Padres de Familia solicit\u00f3 y particip\u00f3 en estos trabajos<\/strong><\/p>\n\n\n\n<p>Con la encomienda de que en Cuernavaca nadie se quede atr\u00e1s, el Ayuntamiento a trav\u00e9s de la Direcci\u00f3n General de Desarrollo Humano, adscrita a la Secretar\u00eda de Desarrollo Humano y Participaci\u00f3n Social llev\u00f3 a cabo este fin de semana una jornada comunitaria de limpieza en la Secundaria Federal 01 \u201cProfesor Froyl\u00e1n Parroqu\u00edn Garc\u00eda\u201d, con el objetivo de incidir en un regreso a las aulas seguro.<\/p>\n\n\n\n<p>La directora general de Desarrollo Humano, Alejandra Guti\u00e9rrez Hern\u00e1ndez, explic\u00f3 que a petici\u00f3n del Comit\u00e9 de Padres de Familia y con el apoyo de la Secretar\u00eda de Desarrollo Sustentable y Servicios P\u00fablicos, realizaron los trabajos de limpieza y poda en la Secundaria que contaba con una importante cantidad de escombro debido a que por dos a\u00f1os no hab\u00edan podido regresar a clases, tanto por la pandemia de Covid-19 como por el robo de su mobiliario.<\/p>\n\n\n\n<p>Se\u00f1al\u00f3 que esta actividad forma parte de las acciones de rescate y apropiaci\u00f3n de los espacios que han emprendido desde antes de ser autoridades electas, como ocurri\u00f3 en la delegaci\u00f3n Vicente Guerrero donde junto con los vecinos y funcionarios municipales, que voluntariamente decidieron participar, limpiaron y embellecieron el camell\u00f3n de la avenida Alta Tensi\u00f3n y las canchas de usos m\u00faltiples.&nbsp;<\/p>\n\n\n\n<p>\u201cQueremos seguir rescatando los lugares donde la gente pueda ir a hacer ejercicio, pueda convivir libremente y de forma recreativa y claro tambi\u00e9n las escuelas que por la pandemia han sido abandonadas. Es un apoyo que les brindamos para que trabajemos en conjunto con lo que son los padres de familia, en este caso, y en las colonias, con los vecinos\u201d, apunt\u00f3.<\/p>\n\n\n\n<p>La Direcci\u00f3n General de Desarrollo Humano hizo entrega a la Secundaria 01 de gel antibacterial, ya que al enfrentar un d\u00e9ficit econ\u00f3mico no hab\u00edan podido adquirir este insumo que es fundamental en este regreso a clases para coadyuvar en la preservaci\u00f3n de la salud de los estudiantes y del personal educativo.<\/p>\n\n\n\n<p>La Secretar\u00eda de Desarrollo Humano y Participaci\u00f3n Social de Cuernavaca tiene sus puertas abiertas para todos aquellos ciudadanos que deseen que las jornadas comunitarias de limpieza lleguen a sus colonias, espacios p\u00fablicos y escuelas porque como parte del renacer de la ciudad es que en comunidad somos mejores.<\/p>\n\n\n\n<figure class=\"wp-container-2 wp-block-gallery-1 wp-block-gallery has-nested-images columns-default is-cropped\">\n<figure class=\"wp-block-image size-large\"><img loading=\"lazy\" width=\"1024\" height=\"484\" data-id=\"13641\"  src=\"https:\/\/cuernavaca.gob.mx\/wp-content\/uploads\/2022\/06\/Jornada-comunitaria-Secundaria-01-1024x484.jpg\" alt=\"\" class=\"wp-image-13641\" srcset=\"https:\/\/cuernavaca.gob.mx\/wp-content\/uploads\/2022\/06\/Jornada-comunitaria-Secundaria-01-1024x484.jpg 1024w, https:\/\/cuernavaca.gob.mx\/wp-content\/uploads\/2022\/06\/Jornada-comunitaria-Secundaria-01-300x142.jpg 300w, https:\/\/cuernavaca.gob.mx\/wp-content\/uploads\/2022\/06\/Jornada-comunitaria-Secundaria-01-768x363.jpg 768w, https:\/\/cuernavaca.gob.mx\/wp-content\/uploads\/2022\/06\/Jornada-comunitaria-Secundaria-01-1536x727.jpg 1536w, https:\/\/cuernavaca.gob.mx\/wp-content\/uploads\/2022\/06\/Jornada-comunitaria-Secundaria-01-600x284.jpg 600w, https:\/\/cuernavaca.gob.mx\/wp-content\/uploads\/2022\/06\/Jornada-comunitaria-Secundaria-01-560x265.jpg 560w, https:\/\/cuernavaca.gob.mx\/wp-content\/uploads\/2022\/06\/Jornada-comunitaria-Secundaria-01.jpg 1600w\" sizes=\"(max-width: 1024px) 100vw, 1024px\" \/><\/figure>\n\n\n\n<figure class=\"wp-block-image size-large\"><img loading=\"lazy\" width=\"1024\" height=\"485\" data-id=\"13642\"  src=\"https:\/\/cuernavaca.gob.mx\/wp-content\/uploads\/2022\/06\/Jornada-comunitaria-Secundaria-02-1024x485.jpg\" alt=\"\" class=\"wp-image-13642\" srcset=\"https:\/\/cuernavaca.gob.mx\/wp-content\/uploads\/2022\/06\/Jornada-comunitaria-Secundaria-02-1024x485.jpg 1024w, https:\/\/cuernavaca.gob.mx\/wp-content\/uploads\/2022\/06\/Jornada-comunitaria-Secundaria-02-300x142.jpg 300w, https:\/\/cuernavaca.gob.mx\/wp-content\/uploads\/2022\/06\/Jornada-comunitaria-Secundaria-02-768x364.jpg 768w, https:\/\/cuernavaca.gob.mx\/wp-content\/uploads\/2022\/06\/Jornada-comunitaria-Secundaria-02-1536x728.jpg 1536w, https:\/\/cuernavaca.gob.mx\/wp-content\/uploads\/2022\/06\/Jornada-comunitaria-Secundaria-02-600x284.jpg 600w, https:\/\/cuernavaca.gob.mx\/wp-content\/uploads\/2022\/06\/Jornada-comunitaria-Secundaria-02-560x265.jpg 560w, https:\/\/cuernavaca.gob.mx\/wp-content\/uploads\/2022\/06\/Jornada-comunitaria-Secundaria-02.jpg 1599w\" sizes=\"(max-width: 1024px) 100vw, 1024px\" \/><\/figure>\n\n\n\n<figure class=\"wp-block-image size-large\"><img loading=\"lazy\" width=\"1024\" height=\"485\" data-id=\"13644\"  src=\"https:\/\/cuernavaca.gob.mx\/wp-content\/uploads\/2022\/06\/Jornada-comunitaria-Secundaria-03-1024x485.jpg\" alt=\"\" class=\"wp-image-13644\" srcset=\"https:\/\/cuernavaca.gob.mx\/wp-content\/uploads\/2022\/06\/Jornada-comunitaria-Secundaria-03-1024x485.jpg 1024w, https:\/\/cuernavaca.gob.mx\/wp-content\/uploads\/2022\/06\/Jornada-comunitaria-Secundaria-03-300x142.jpg 300w, https:\/\/cuernavaca.gob.mx\/wp-content\/uploads\/2022\/06\/Jornada-comunitaria-Secundaria-03-768x364.jpg 768w, https:\/\/cuernavaca.gob.mx\/wp-content\/uploads\/2022\/06\/Jornada-comunitaria-Secundaria-03-1536x728.jpg 1536w, https:\/\/cuernavaca.gob.mx\/wp-content\/uploads\/2022\/06\/Jornada-comunitaria-Secundaria-03-600x284.jpg 600w, https:\/\/cuernavaca.gob.mx\/wp-content\/uploads\/2022\/06\/Jornada-comunitaria-Secundaria-03-560x265.jpg 560w, https:\/\/cuernavaca.gob.mx\/wp-content\/uploads\/2022\/06\/Jornada-comunitaria-Secundaria-03.jpg 1599w\" sizes=\"(max-width: 1024px) 100vw, 1024px\" \/><\/figure>\n\n\n\n<figure class=\"wp-block-image size-large\"><img loading=\"lazy\" width=\"1024\" height=\"683\" data-id=\"13643\"  src=\"https:\/\/cuernavaca.gob.mx\/wp-content\/uploads\/2022\/06\/Jornada-comunitaria-Secundaria-04-1024x683.jpg\" alt=\"\" class=\"wp-image-13643\" srcset=\"https:\/\/cuernavaca.gob.mx\/wp-content\/uploads\/2022\/06\/Jornada-comunitaria-Secundaria-04-1024x683.jpg 1024w, https:\/\/cuernavaca.gob.mx\/wp-content\/uploads\/2022\/06\/Jornada-comunitaria-Secundaria-04-300x200.jpg 300w, https:\/\/cuernavaca.gob.mx\/wp-content\/uploads\/2022\/06\/Jornada-comunitaria-Secundaria-04-768x512.jpg 768w, https:\/\/cuernavaca.gob.mx\/wp-content\/uploads\/2022\/06\/Jornada-comunitaria-Secundaria-04-1536x1024.jpg 1536w, https:\/\/cuernavaca.gob.mx\/wp-content\/uploads\/2022\/06\/Jornada-comunitaria-Secundaria-04-600x400.jpg 600w, https:\/\/cuernavaca.gob.mx\/wp-content\/uploads\/2022\/06\/Jornada-comunitaria-Secundaria-04-560x373.jpg 560w, https:\/\/cuernavaca.gob.mx\/wp-content\/uploads\/2022\/06\/Jornada-comunitaria-Secundaria-04.jpg 1599w\" sizes=\"(max-width: 1024px) 100vw, 1024px\" \/><\/figure>\n\n\n\n<figure class=\"wp-block-image size-large\"><img loading=\"lazy\" width=\"1024\" height=\"683\" data-id=\"13640\"  src=\"https:\/\/cuernavaca.gob.mx\/wp-content\/uploads\/2022\/06\/Jornada-comunitaria-Secundaria-05-1024x683.jpg\" alt=\"\" class=\"wp-image-13640\" srcset=\"https:\/\/cuernavaca.gob.mx\/wp-content\/uploads\/2022\/06\/Jornada-comunitaria-Secundaria-05-1024x683.jpg 1024w, https:\/\/cuernavaca.gob.mx\/wp-content\/uploads\/2022\/06\/Jornada-comunitaria-Secundaria-05-300x200.jpg 300w, https:\/\/cuernavaca.gob.mx\/wp-content\/uploads\/2022\/06\/Jornada-comunitaria-Secundaria-05-768x512.jpg 768w, https:\/\/cuernavaca.gob.mx\/wp-content\/uploads\/2022\/06\/Jornada-comunitaria-Secundaria-05-1536x1024.jpg 1536w, https:\/\/cuernavaca.gob.mx\/wp-content\/uploads\/2022\/06\/Jornada-comunitaria-Secundaria-05-600x400.jpg 600w, https:\/\/cuernavaca.gob.mx\/wp-content\/uploads\/2022\/06\/Jornada-comunitaria-Secundaria-05-560x373.jpg 560w, https:\/\/cuernavaca.gob.mx\/wp-content\/uploads\/2022\/06\/Jornada-comunitaria-Secundaria-05.jpg 1599w\" sizes=\"(max-width: 1024px) 100vw, 1024px\" \/><\/figure>\n<\/figure>\n","protected":false},"excerpt":{"rendered":"<p>La Secretar\u00eda de Desarrollo Humano y Participaci\u00f3n Social, llev\u00f3 a cabo este fin de semana una jornada comunitaria El Comit\u00e9 de Padres de Familia solicit\u00f3 y particip\u00f3 en estos trabajos Con la encomienda de que en Cuernavaca nadie se quede atr\u00e1s, el Ayuntamiento a trav\u00e9s de la Direcci\u00f3n General de Desarrollo Humano, adscrita a la [&hellip;]<\/p>\n","protected":false},"author":1,"featured_media":13641,"comment_status":"closed","ping_status":"closed","sticky":false,"template":"","format":"standard","meta":[],"categories":[862,20,208],"tags":[186,121,1528,453,120],"aioseo_notices":[],"_links":{"self":[{"href":"https:\/\/cuernavaca.gob.mx\/index.php?rest_route=\/wp\/v2\/posts\/13639"}],"collection":[{"href":"https:\/\/cuernavaca.gob.mx\/index.php?rest_route=\/wp\/v2\/posts"}],"about":[{"href":"https:\/\/cuernavaca.gob.mx\/index.php?rest_route=\/wp\/v2\/types\/post"}],"author":[{"embeddable":true,"href":"https:\/\/cuernavaca.gob.mx\/index.php?rest_route=\/wp\/v2\/users\/1"}],"replies":[{"embeddable":true,"href":"https:\/\/cuernavaca.gob.mx\/index.php?rest_route=%2Fwp%2Fv2%2Fcomments&post=13639"}],"version-history":[{"count":1,"href":"https:\/\/cuernavaca.gob.mx\/index.php?rest_route=\/wp\/v2\/posts\/13639\/revisions"}],"predecessor-version":[{"id":13645,"href":"https:\/\/cuernavaca.gob.mx\/index.php?rest_route=\/wp\/v2\/posts\/13639\/revisions\/13645"}],"wp:featuredmedia":[{"embeddable":true,"href":"https:\/\/cuernavaca.gob.mx\/index.php?rest_route=\/wp\/v2\/media\/13641"}],"wp:attachment":[{"href":"https:\/\/cuernavaca.gob.mx\/index.php?rest_route=%2Fwp%2Fv2%2Fmedia&parent=13639"}],"wp:term":[{"taxonomy":"category","embeddable":true,"href":"https:\/\/cuernavaca.gob.mx\/index.php?rest_route=%2Fwp%2Fv2%2Fcategories&post=13639"},{"taxonomy":"post_tag","embeddable":true,"href":"https:\/\/cuernavaca.gob.mx\/index.php?rest_route=%2Fwp%2Fv2%2Ftags&post=13639"}],"curies":[{"name":"wp","href":"https:\/\/api.w.org\/{rel}","templated":true}]}}