{"id":13647,"date":"2022-06-14T11:00:00","date_gmt":"2022-06-14T16:00:00","guid":{"rendered":"https:\/\/cuernavaca.gob.mx\/?p=13647"},"modified":"2025-05-06T11:26:33","modified_gmt":"2025-05-06T17:26:33","slug":"b426-14-06-22-fortalece-sapac-acciones-de-reparacion-de-fugas-de-agua-potable","status":"publish","type":"post","link":"https:\/\/cuernavaca.gob.mx\/?p=13647","title":{"rendered":"B426 14\/06\/22 FORTALECE SAPAC ACCIONES DE REPARACI\u00d3N DE FUGAS DE AGUA POTABLE"},"content":{"rendered":"\n<p><strong>Durante el mes de mayo fueron atendidas m\u00e1s de 300 fracturas<\/strong><\/p>\n\n\n\n<p>El Sistema de Agua Potable y Alcantarillado de Cuernavaca (SAPAC), contin\u00faa intensificando las labores de reparaci\u00f3n de fugas de agua potable con la finalidad de evitar el desperdicio del vital l\u00edquido y dar atenci\u00f3n puntual a los reportes ciudadanos, muestra de ello, la reparaci\u00f3n de m\u00e1s de 300 fugas de agua en distintos puntos de la ciudad.<\/p>\n\n\n\n<p>La Directora General del SAPAC, Evelia Flores Hern\u00e1ndez, inform\u00f3 que de las m\u00e1s de 300 reparaciones realizadas en el mes de mayo por parte de la direcci\u00f3n operativa, el 64 % se localizaron en tomas domiciliarias, mientras que el 36 % restante se encontraron en l\u00edneas de red de agua potable.<\/p>\n\n\n\n<p>Agreg\u00f3 que en colonias Chipitl\u00e1n, La Barona, Vista Hermosa, Lomas de la Selva, Gualupita, Chapultepec, Alta Vista, Adolfo L\u00f3pez Mateos, Amatitl\u00e1n, y Volcanes; entre otras, fueron las zonas donde se registraron fugas de mayor intensidad, por lo que se les dio prioridad y pronta atenci\u00f3n.<\/p>\n\n\n\n<p>Reconoci\u00f3 que diariamente se registran una gran cantidad de rupturas en diferentes puntos de Cuernavaca; que originan la p\u00e9rdida de miles de litros de agua al d\u00eda; por lo que cuadrillas de conservaci\u00f3n contin\u00faan trabajando con el compromiso para responder puntualmente a cada uno de los reportes.<\/p>\n\n\n\n<p>Finalmente, la titular del SAPAC, puso a disposici\u00f3n los n\u00fameros del Centro de Atenci\u00f3n Telef\u00f3nica (CAT), a trav\u00e9s del n\u00famero 777 5 40 26 12, terminaci\u00f3n 22, 33, 03, 17 y 28 as\u00ed como los n\u00fameros de WhatsApp 777 3 84 99 37, 777 3 87 01 59, 777 3 87 04 71, 777 3 88 04 90, 777 3 88 09 25 y el 777 3 88 09 42; as\u00ed como las redes sociales oficiales por medio de Twitter @SAPACCuernavaca, as\u00ed como en Facebook a trav\u00e9s de SAPAC Cuernavaca.<\/p>\n\n\n\n<figure class=\"wp-container-2 wp-block-gallery-1 wp-block-gallery has-nested-images columns-default is-cropped\">\n<figure class=\"wp-block-image size-large\"><img loading=\"lazy\" width=\"768\" height=\"1024\" data-id=\"13653\"  src=\"https:\/\/cuernavaca.gob.mx\/wp-content\/uploads\/2022\/06\/Reparacio\u0301n-de-fugas-de-agua-01-768x1024.jpg\" alt=\"\" class=\"wp-image-13653\" srcset=\"https:\/\/cuernavaca.gob.mx\/wp-content\/uploads\/2022\/06\/Reparacio\u0301n-de-fugas-de-agua-01-768x1024.jpg 768w, https:\/\/cuernavaca.gob.mx\/wp-content\/uploads\/2022\/06\/Reparacio\u0301n-de-fugas-de-agua-01-225x300.jpg 225w, https:\/\/cuernavaca.gob.mx\/wp-content\/uploads\/2022\/06\/Reparacio\u0301n-de-fugas-de-agua-01-1152x1536.jpg 1152w, https:\/\/cuernavaca.gob.mx\/wp-content\/uploads\/2022\/06\/Reparacio\u0301n-de-fugas-de-agua-01-450x600.jpg 450w, https:\/\/cuernavaca.gob.mx\/wp-content\/uploads\/2022\/06\/Reparacio\u0301n-de-fugas-de-agua-01-420x560.jpg 420w, https:\/\/cuernavaca.gob.mx\/wp-content\/uploads\/2022\/06\/Reparacio\u0301n-de-fugas-de-agua-01.jpg 1200w\" sizes=\"(max-width: 768px) 100vw, 768px\" \/><\/figure>\n\n\n\n<figure class=\"wp-block-image size-large\"><img loading=\"lazy\" width=\"768\" height=\"1024\" data-id=\"13655\"  src=\"https:\/\/cuernavaca.gob.mx\/wp-content\/uploads\/2022\/06\/Reparacio\u0301n-de-fugas-de-agua-02-768x1024.jpg\" alt=\"\" class=\"wp-image-13655\" srcset=\"https:\/\/cuernavaca.gob.mx\/wp-content\/uploads\/2022\/06\/Reparacio\u0301n-de-fugas-de-agua-02-768x1024.jpg 768w, https:\/\/cuernavaca.gob.mx\/wp-content\/uploads\/2022\/06\/Reparacio\u0301n-de-fugas-de-agua-02-225x300.jpg 225w, https:\/\/cuernavaca.gob.mx\/wp-content\/uploads\/2022\/06\/Reparacio\u0301n-de-fugas-de-agua-02-1152x1536.jpg 1152w, https:\/\/cuernavaca.gob.mx\/wp-content\/uploads\/2022\/06\/Reparacio\u0301n-de-fugas-de-agua-02-450x600.jpg 450w, https:\/\/cuernavaca.gob.mx\/wp-content\/uploads\/2022\/06\/Reparacio\u0301n-de-fugas-de-agua-02-420x560.jpg 420w, https:\/\/cuernavaca.gob.mx\/wp-content\/uploads\/2022\/06\/Reparacio\u0301n-de-fugas-de-agua-02.jpg 1200w\" sizes=\"(max-width: 768px) 100vw, 768px\" \/><\/figure>\n\n\n\n<figure class=\"wp-block-image size-large\"><img loading=\"lazy\" width=\"768\" height=\"1024\" data-id=\"13654\"  src=\"https:\/\/cuernavaca.gob.mx\/wp-content\/uploads\/2022\/06\/Reparacio\u0301n-de-fugas-de-agua-03-768x1024.jpg\" alt=\"\" class=\"wp-image-13654\" srcset=\"https:\/\/cuernavaca.gob.mx\/wp-content\/uploads\/2022\/06\/Reparacio\u0301n-de-fugas-de-agua-03-768x1024.jpg 768w, https:\/\/cuernavaca.gob.mx\/wp-content\/uploads\/2022\/06\/Reparacio\u0301n-de-fugas-de-agua-03-225x300.jpg 225w, https:\/\/cuernavaca.gob.mx\/wp-content\/uploads\/2022\/06\/Reparacio\u0301n-de-fugas-de-agua-03-1152x1536.jpg 1152w, https:\/\/cuernavaca.gob.mx\/wp-content\/uploads\/2022\/06\/Reparacio\u0301n-de-fugas-de-agua-03-450x600.jpg 450w, https:\/\/cuernavaca.gob.mx\/wp-content\/uploads\/2022\/06\/Reparacio\u0301n-de-fugas-de-agua-03-420x560.jpg 420w, https:\/\/cuernavaca.gob.mx\/wp-content\/uploads\/2022\/06\/Reparacio\u0301n-de-fugas-de-agua-03.jpg 1200w\" sizes=\"(max-width: 768px) 100vw, 768px\" \/><\/figure>\n\n\n\n<figure class=\"wp-block-image size-large\"><img loading=\"lazy\" width=\"768\" height=\"1024\" data-id=\"13656\"  src=\"https:\/\/cuernavaca.gob.mx\/wp-content\/uploads\/2022\/06\/Reparacio\u0301n-de-fugas-de-agua-04-768x1024.jpg\" alt=\"\" class=\"wp-image-13656\" srcset=\"https:\/\/cuernavaca.gob.mx\/wp-content\/uploads\/2022\/06\/Reparacio\u0301n-de-fugas-de-agua-04-768x1024.jpg 768w, https:\/\/cuernavaca.gob.mx\/wp-content\/uploads\/2022\/06\/Reparacio\u0301n-de-fugas-de-agua-04-225x300.jpg 225w, https:\/\/cuernavaca.gob.mx\/wp-content\/uploads\/2022\/06\/Reparacio\u0301n-de-fugas-de-agua-04-1152x1536.jpg 1152w, https:\/\/cuernavaca.gob.mx\/wp-content\/uploads\/2022\/06\/Reparacio\u0301n-de-fugas-de-agua-04-450x600.jpg 450w, https:\/\/cuernavaca.gob.mx\/wp-content\/uploads\/2022\/06\/Reparacio\u0301n-de-fugas-de-agua-04-420x560.jpg 420w, https:\/\/cuernavaca.gob.mx\/wp-content\/uploads\/2022\/06\/Reparacio\u0301n-de-fugas-de-agua-04.jpg 1200w\" sizes=\"(max-width: 768px) 100vw, 768px\" \/><\/figure>\n\n\n\n<figure class=\"wp-block-image size-large\"><img loading=\"lazy\" width=\"768\" height=\"1024\" data-id=\"13657\"  src=\"https:\/\/cuernavaca.gob.mx\/wp-content\/uploads\/2022\/06\/Reparacio\u0301n-de-fugas-de-agua-05-768x1024.jpg\" alt=\"\" class=\"wp-image-13657\" srcset=\"https:\/\/cuernavaca.gob.mx\/wp-content\/uploads\/2022\/06\/Reparacio\u0301n-de-fugas-de-agua-05-768x1024.jpg 768w, https:\/\/cuernavaca.gob.mx\/wp-content\/uploads\/2022\/06\/Reparacio\u0301n-de-fugas-de-agua-05-225x300.jpg 225w, https:\/\/cuernavaca.gob.mx\/wp-content\/uploads\/2022\/06\/Reparacio\u0301n-de-fugas-de-agua-05-1152x1536.jpg 1152w, https:\/\/cuernavaca.gob.mx\/wp-content\/uploads\/2022\/06\/Reparacio\u0301n-de-fugas-de-agua-05-450x600.jpg 450w, https:\/\/cuernavaca.gob.mx\/wp-content\/uploads\/2022\/06\/Reparacio\u0301n-de-fugas-de-agua-05-420x560.jpg 420w, https:\/\/cuernavaca.gob.mx\/wp-content\/uploads\/2022\/06\/Reparacio\u0301n-de-fugas-de-agua-05.jpg 1200w\" sizes=\"(max-width: 768px) 100vw, 768px\" \/><\/figure>\n<\/figure>\n","protected":false},"excerpt":{"rendered":"<p>Durante el mes de mayo fueron atendidas m\u00e1s de 300 fracturas El Sistema de Agua Potable y Alcantarillado de Cuernavaca (SAPAC), contin\u00faa intensificando las labores de reparaci\u00f3n de fugas de agua potable con la finalidad de evitar el desperdicio del vital l\u00edquido y dar atenci\u00f3n puntual a los reportes ciudadanos, muestra de ello, la reparaci\u00f3n [&hellip;]<\/p>\n","protected":false},"author":1,"featured_media":13657,"comment_status":"closed","ping_status":"closed","sticky":false,"template":"","format":"standard","meta":[],"categories":[20,145],"tags":[121,120,1076,433,124],"aioseo_notices":[],"_links":{"self":[{"href":"https:\/\/cuernavaca.gob.mx\/index.php?rest_route=\/wp\/v2\/posts\/13647"}],"collection":[{"href":"https:\/\/cuernavaca.gob.mx\/index.php?rest_route=\/wp\/v2\/posts"}],"about":[{"href":"https:\/\/cuernavaca.gob.mx\/index.php?rest_route=\/wp\/v2\/types\/post"}],"author":[{"embeddable":true,"href":"https:\/\/cuernavaca.gob.mx\/index.php?rest_route=\/wp\/v2\/users\/1"}],"replies":[{"embeddable":true,"href":"https:\/\/cuernavaca.gob.mx\/index.php?rest_route=%2Fwp%2Fv2%2Fcomments&post=13647"}],"version-history":[{"count":1,"href":"https:\/\/cuernavaca.gob.mx\/index.php?rest_route=\/wp\/v2\/posts\/13647\/revisions"}],"predecessor-version":[{"id":13662,"href":"https:\/\/cuernavaca.gob.mx\/index.php?rest_route=\/wp\/v2\/posts\/13647\/revisions\/13662"}],"wp:featuredmedia":[{"embeddable":true,"href":"https:\/\/cuernavaca.gob.mx\/index.php?rest_route=\/wp\/v2\/media\/13657"}],"wp:attachment":[{"href":"https:\/\/cuernavaca.gob.mx\/index.php?rest_route=%2Fwp%2Fv2%2Fmedia&parent=13647"}],"wp:term":[{"taxonomy":"category","embeddable":true,"href":"https:\/\/cuernavaca.gob.mx\/index.php?rest_route=%2Fwp%2Fv2%2Fcategories&post=13647"},{"taxonomy":"post_tag","embeddable":true,"href":"https:\/\/cuernavaca.gob.mx\/index.php?rest_route=%2Fwp%2Fv2%2Ftags&post=13647"}],"curies":[{"name":"wp","href":"https:\/\/api.w.org\/{rel}","templated":true}]}}