{"id":13747,"date":"2022-06-14T13:00:00","date_gmt":"2022-06-14T18:00:00","guid":{"rendered":"https:\/\/cuernavaca.gob.mx\/?p=13747"},"modified":"2025-05-06T11:26:33","modified_gmt":"2025-05-06T17:26:33","slug":"b427-14-06-22-encabeza-dif-cuernavaca-rehabilitacion-de-sillas-de-ruedas-con-la-campana-enchulame-la-silla","status":"publish","type":"post","link":"https:\/\/cuernavaca.gob.mx\/?p=13747","title":{"rendered":"B427 14\/06\/22 ENCABEZA DIF CUERNAVACA REHABILITACI\u00d3N DE SILLAS DE RUEDAS CON LA CAMPA\u00d1A \u201c\u00a1ENCH\u00daLAME LA SILLA!\u201d"},"content":{"rendered":"\n<p><strong>Se realiz\u00f3 encolaboraci\u00f3n con \u201cComunidad A.C.\u201d, \u201cAutonom\u00eda, Libertad en Movimiento A.C.\u201d, \u201cClub Rotario Internacional\u201d y \u201cWellspring Karitas Foundation\u201d<\/strong><\/p>\n\n\n\n<p><strong>La ciudadan\u00eda pago solo la mano de obra, ya que el DIF Cuernavaca cubri\u00f3 el costo de las refacciones<\/strong><\/p>\n\n\n\n<p>Con el claro compromiso de mejorar la calidad de vida de las personas con discapacidad, el Sistema Municipal DIF Cuernavaca en colaboraci\u00f3n con \u201cComunidad A.C.\u201d, \u201cAutonom\u00eda, Libertad en Movimiento A.C.\u201d, \u201cClub Rotario Internacional\u201d y \u201cWellspring Karitas Foundation\u201d arrancaron este martes la campa\u00f1a \u201c\u00a1Ench\u00falame la silla!\u201d, la cual consiste en la reparaci\u00f3n de sillas de ruedas a bajo costo, dignificando este transporte que les brinda autonom\u00eda.<\/p>\n\n\n\n<p>El programa inici\u00f3 en el Parque Tlaltenango donde desde muy temprana hora se instalaron distintas islas para reparar las sillas de ruedas; el director general del Sistema DIF Cuernavaca, Luis Flores Garc\u00eda, se\u00f1al\u00f3 que, como parte de las acciones de apoyo a los grupos vulnerables en el municipio, en esta ocasi\u00f3n el organismo descentralizado pag\u00f3 el costo de las refacciones, por lo cual a la ciudadan\u00eda solo le cobraron la mano de obra que oscilaba entre 50 a 400 pesos, dependiendo de la refacci\u00f3n que se necesitara.<\/p>\n\n\n\n<p>Adem\u00e1s, detall\u00f3 que, para apoyar en el trasladado de las sillas de ruedas en zonas alejadas al primer cuadro de la ciudad, llevaron a cabo un recorrido en las Delegaciones Antonio Barona Rojas, Miguel Hidalgo, L\u00e1zaro C\u00e1rdenas y Plutarco El\u00edas Calles, as\u00ed como en la Plaza C\u00edvica de la colonia Lagunilla, donde las recogieron y llevaron al Parque Tlaltenango, regres\u00e1ndole a la poblaci\u00f3n su aparato funcional, pero en mejores condiciones.<\/p>\n\n\n\n<p>\u201cEl objeto del proyecto es abonar a que las sillas de ruedas est\u00e9n en mejores condiciones, ayudar a las personas con discapacidad que por el uso permanente de las sillas tienen alg\u00fan desgaste o deterioro o en su caso, que no las est\u00e9n ocupando. Es abonar para que sus sillas de ruedas est\u00e9n en \u00f3ptimas condiciones\u201d, expres\u00f3.<\/p>\n\n\n\n<p>El presidente de \u201cAutonom\u00eda, Libertad en Movimiento A.C.\u201d y \u201cComunidad A.C.\u201d, Erik Friend Drake, explic\u00f3 que, como un aparato mec\u00e1nico, las sillas de ruedas sufren un desgaste con su uso y necesitan reparaci\u00f3n, desde el asiento, llantas, respaldo hasta retoque de pintura, por lo que un grupo de t\u00e9cnicos capacitados en la reparaci\u00f3n de sillas de ruedas, integrado por trabajadores con alguna discapacidad motriz, se encargan de este trabajo, dejar como nuevas y al gusto de las personas usuarias este tipo de transporte.<\/p>\n\n\n\n<p>Destac\u00f3 que entre los beneficios que ofrece la campa\u00f1a \u201c\u00a1Ench\u00falame la silla!\u201d es informar y sensibilizar a la sociedad sobre qu\u00e9 es la discapacidad, la posibilidad que tienen las personas con problemas de movilidad para tener una vida plena y productiva, as\u00ed como reducir, reutilizar y reciclar \u00e9stas sillas de ruedas, que en muchas ocasiones terminan en la basura por no saber c\u00f3mo darle una nueva vida.<\/p>\n\n\n\n<p>De 09:00 a 14:00 horas se recibieron las sillas de ruedas y ese mismo d\u00eda, por la tarde, fueron entregadas. Esta es la primera jornada de la campa\u00f1a que el Sistema Municipal DIF Cuernavaca planea replicar en distintas colonias de la capital del estado.<\/p>\n\n\n\n<figure class=\"wp-container-2 wp-block-gallery-1 wp-block-gallery has-nested-images columns-default is-cropped\">\n<figure class=\"wp-block-image size-large\"><img loading=\"lazy\" width=\"1024\" height=\"682\" data-id=\"13752\"  src=\"https:\/\/cuernavaca.gob.mx\/wp-content\/uploads\/2022\/06\/Rehabilitacio\u0301n-sillas-de-ruedas-01-1024x682.jpg\" alt=\"\" class=\"wp-image-13752\" srcset=\"https:\/\/cuernavaca.gob.mx\/wp-content\/uploads\/2022\/06\/Rehabilitacio\u0301n-sillas-de-ruedas-01-1024x682.jpg 1024w, https:\/\/cuernavaca.gob.mx\/wp-content\/uploads\/2022\/06\/Rehabilitacio\u0301n-sillas-de-ruedas-01-300x200.jpg 300w, https:\/\/cuernavaca.gob.mx\/wp-content\/uploads\/2022\/06\/Rehabilitacio\u0301n-sillas-de-ruedas-01-768x512.jpg 768w, https:\/\/cuernavaca.gob.mx\/wp-content\/uploads\/2022\/06\/Rehabilitacio\u0301n-sillas-de-ruedas-01-600x400.jpg 600w, https:\/\/cuernavaca.gob.mx\/wp-content\/uploads\/2022\/06\/Rehabilitacio\u0301n-sillas-de-ruedas-01-560x373.jpg 560w, https:\/\/cuernavaca.gob.mx\/wp-content\/uploads\/2022\/06\/Rehabilitacio\u0301n-sillas-de-ruedas-01.jpg 1280w\" sizes=\"(max-width: 1024px) 100vw, 1024px\" \/><\/figure>\n\n\n\n<figure class=\"wp-block-image size-large\"><img loading=\"lazy\" width=\"1024\" height=\"682\" data-id=\"13755\"  src=\"https:\/\/cuernavaca.gob.mx\/wp-content\/uploads\/2022\/06\/Rehabilitacio\u0301n-sillas-de-ruedas-02-1024x682.jpg\" alt=\"\" class=\"wp-image-13755\" srcset=\"https:\/\/cuernavaca.gob.mx\/wp-content\/uploads\/2022\/06\/Rehabilitacio\u0301n-sillas-de-ruedas-02-1024x682.jpg 1024w, https:\/\/cuernavaca.gob.mx\/wp-content\/uploads\/2022\/06\/Rehabilitacio\u0301n-sillas-de-ruedas-02-300x200.jpg 300w, https:\/\/cuernavaca.gob.mx\/wp-content\/uploads\/2022\/06\/Rehabilitacio\u0301n-sillas-de-ruedas-02-768x512.jpg 768w, https:\/\/cuernavaca.gob.mx\/wp-content\/uploads\/2022\/06\/Rehabilitacio\u0301n-sillas-de-ruedas-02-600x400.jpg 600w, https:\/\/cuernavaca.gob.mx\/wp-content\/uploads\/2022\/06\/Rehabilitacio\u0301n-sillas-de-ruedas-02-560x373.jpg 560w, https:\/\/cuernavaca.gob.mx\/wp-content\/uploads\/2022\/06\/Rehabilitacio\u0301n-sillas-de-ruedas-02.jpg 1280w\" sizes=\"(max-width: 1024px) 100vw, 1024px\" \/><\/figure>\n\n\n\n<figure class=\"wp-block-image size-large\"><img loading=\"lazy\" width=\"1024\" height=\"682\" data-id=\"13751\"  src=\"https:\/\/cuernavaca.gob.mx\/wp-content\/uploads\/2022\/06\/Rehabilitacio\u0301n-sillas-de-ruedas-03-1024x682.jpg\" alt=\"\" class=\"wp-image-13751\" srcset=\"https:\/\/cuernavaca.gob.mx\/wp-content\/uploads\/2022\/06\/Rehabilitacio\u0301n-sillas-de-ruedas-03-1024x682.jpg 1024w, https:\/\/cuernavaca.gob.mx\/wp-content\/uploads\/2022\/06\/Rehabilitacio\u0301n-sillas-de-ruedas-03-300x200.jpg 300w, https:\/\/cuernavaca.gob.mx\/wp-content\/uploads\/2022\/06\/Rehabilitacio\u0301n-sillas-de-ruedas-03-768x512.jpg 768w, https:\/\/cuernavaca.gob.mx\/wp-content\/uploads\/2022\/06\/Rehabilitacio\u0301n-sillas-de-ruedas-03-600x400.jpg 600w, https:\/\/cuernavaca.gob.mx\/wp-content\/uploads\/2022\/06\/Rehabilitacio\u0301n-sillas-de-ruedas-03-560x373.jpg 560w, https:\/\/cuernavaca.gob.mx\/wp-content\/uploads\/2022\/06\/Rehabilitacio\u0301n-sillas-de-ruedas-03.jpg 1280w\" sizes=\"(max-width: 1024px) 100vw, 1024px\" \/><\/figure>\n\n\n\n<figure class=\"wp-block-image size-large\"><img loading=\"lazy\" width=\"1024\" height=\"682\" data-id=\"13754\"  src=\"https:\/\/cuernavaca.gob.mx\/wp-content\/uploads\/2022\/06\/Rehabilitacio\u0301n-sillas-de-ruedas-04-1024x682.jpg\" alt=\"\" class=\"wp-image-13754\" srcset=\"https:\/\/cuernavaca.gob.mx\/wp-content\/uploads\/2022\/06\/Rehabilitacio\u0301n-sillas-de-ruedas-04-1024x682.jpg 1024w, https:\/\/cuernavaca.gob.mx\/wp-content\/uploads\/2022\/06\/Rehabilitacio\u0301n-sillas-de-ruedas-04-300x200.jpg 300w, https:\/\/cuernavaca.gob.mx\/wp-content\/uploads\/2022\/06\/Rehabilitacio\u0301n-sillas-de-ruedas-04-768x512.jpg 768w, https:\/\/cuernavaca.gob.mx\/wp-content\/uploads\/2022\/06\/Rehabilitacio\u0301n-sillas-de-ruedas-04-600x400.jpg 600w, https:\/\/cuernavaca.gob.mx\/wp-content\/uploads\/2022\/06\/Rehabilitacio\u0301n-sillas-de-ruedas-04-560x373.jpg 560w, https:\/\/cuernavaca.gob.mx\/wp-content\/uploads\/2022\/06\/Rehabilitacio\u0301n-sillas-de-ruedas-04.jpg 1280w\" sizes=\"(max-width: 1024px) 100vw, 1024px\" \/><\/figure>\n\n\n\n<figure class=\"wp-block-image size-large\"><img loading=\"lazy\" width=\"1024\" height=\"682\" data-id=\"13753\"  src=\"https:\/\/cuernavaca.gob.mx\/wp-content\/uploads\/2022\/06\/Rehabilitacio\u0301n-sillas-de-ruedas-05-1024x682.jpg\" alt=\"\" class=\"wp-image-13753\" srcset=\"https:\/\/cuernavaca.gob.mx\/wp-content\/uploads\/2022\/06\/Rehabilitacio\u0301n-sillas-de-ruedas-05-1024x682.jpg 1024w, https:\/\/cuernavaca.gob.mx\/wp-content\/uploads\/2022\/06\/Rehabilitacio\u0301n-sillas-de-ruedas-05-300x200.jpg 300w, https:\/\/cuernavaca.gob.mx\/wp-content\/uploads\/2022\/06\/Rehabilitacio\u0301n-sillas-de-ruedas-05-768x512.jpg 768w, https:\/\/cuernavaca.gob.mx\/wp-content\/uploads\/2022\/06\/Rehabilitacio\u0301n-sillas-de-ruedas-05-600x400.jpg 600w, https:\/\/cuernavaca.gob.mx\/wp-content\/uploads\/2022\/06\/Rehabilitacio\u0301n-sillas-de-ruedas-05-560x373.jpg 560w, https:\/\/cuernavaca.gob.mx\/wp-content\/uploads\/2022\/06\/Rehabilitacio\u0301n-sillas-de-ruedas-05.jpg 1280w\" sizes=\"(max-width: 1024px) 100vw, 1024px\" \/><\/figure>\n\n\n\n<figure class=\"wp-block-image size-large\"><img loading=\"lazy\" width=\"1024\" height=\"682\" data-id=\"13750\"  src=\"https:\/\/cuernavaca.gob.mx\/wp-content\/uploads\/2022\/06\/Rehabilitacio\u0301n-sillas-de-ruedas-06-1024x682.jpg\" alt=\"\" class=\"wp-image-13750\" srcset=\"https:\/\/cuernavaca.gob.mx\/wp-content\/uploads\/2022\/06\/Rehabilitacio\u0301n-sillas-de-ruedas-06-1024x682.jpg 1024w, https:\/\/cuernavaca.gob.mx\/wp-content\/uploads\/2022\/06\/Rehabilitacio\u0301n-sillas-de-ruedas-06-300x200.jpg 300w, https:\/\/cuernavaca.gob.mx\/wp-content\/uploads\/2022\/06\/Rehabilitacio\u0301n-sillas-de-ruedas-06-768x512.jpg 768w, https:\/\/cuernavaca.gob.mx\/wp-content\/uploads\/2022\/06\/Rehabilitacio\u0301n-sillas-de-ruedas-06-600x400.jpg 600w, https:\/\/cuernavaca.gob.mx\/wp-content\/uploads\/2022\/06\/Rehabilitacio\u0301n-sillas-de-ruedas-06-560x373.jpg 560w, https:\/\/cuernavaca.gob.mx\/wp-content\/uploads\/2022\/06\/Rehabilitacio\u0301n-sillas-de-ruedas-06.jpg 1280w\" sizes=\"(max-width: 1024px) 100vw, 1024px\" \/><\/figure>\n<\/figure>\n","protected":false},"excerpt":{"rendered":"<p>Se realiz\u00f3 encolaboraci\u00f3n con \u201cComunidad A.C.\u201d, \u201cAutonom\u00eda, Libertad en Movimiento A.C.\u201d, \u201cClub Rotario Internacional\u201d y \u201cWellspring Karitas Foundation\u201d La ciudadan\u00eda pago solo la mano de obra, ya que el DIF Cuernavaca cubri\u00f3 el costo de las refacciones Con el claro compromiso de mejorar la calidad de vida de las personas con discapacidad, el Sistema Municipal [&hellip;]<\/p>\n","protected":false},"author":1,"featured_media":13753,"comment_status":"closed","ping_status":"closed","sticky":false,"template":"","format":"standard","meta":[],"categories":[16,20],"tags":[1431,121,1530,120,1531,1529,427],"aioseo_notices":[],"_links":{"self":[{"href":"https:\/\/cuernavaca.gob.mx\/index.php?rest_route=\/wp\/v2\/posts\/13747"}],"collection":[{"href":"https:\/\/cuernavaca.gob.mx\/index.php?rest_route=\/wp\/v2\/posts"}],"about":[{"href":"https:\/\/cuernavaca.gob.mx\/index.php?rest_route=\/wp\/v2\/types\/post"}],"author":[{"embeddable":true,"href":"https:\/\/cuernavaca.gob.mx\/index.php?rest_route=\/wp\/v2\/users\/1"}],"replies":[{"embeddable":true,"href":"https:\/\/cuernavaca.gob.mx\/index.php?rest_route=%2Fwp%2Fv2%2Fcomments&post=13747"}],"version-history":[{"count":1,"href":"https:\/\/cuernavaca.gob.mx\/index.php?rest_route=\/wp\/v2\/posts\/13747\/revisions"}],"predecessor-version":[{"id":13760,"href":"https:\/\/cuernavaca.gob.mx\/index.php?rest_route=\/wp\/v2\/posts\/13747\/revisions\/13760"}],"wp:featuredmedia":[{"embeddable":true,"href":"https:\/\/cuernavaca.gob.mx\/index.php?rest_route=\/wp\/v2\/media\/13753"}],"wp:attachment":[{"href":"https:\/\/cuernavaca.gob.mx\/index.php?rest_route=%2Fwp%2Fv2%2Fmedia&parent=13747"}],"wp:term":[{"taxonomy":"category","embeddable":true,"href":"https:\/\/cuernavaca.gob.mx\/index.php?rest_route=%2Fwp%2Fv2%2Fcategories&post=13747"},{"taxonomy":"post_tag","embeddable":true,"href":"https:\/\/cuernavaca.gob.mx\/index.php?rest_route=%2Fwp%2Fv2%2Ftags&post=13747"}],"curies":[{"name":"wp","href":"https:\/\/api.w.org\/{rel}","templated":true}]}}