{"id":14870,"date":"2022-06-18T09:00:00","date_gmt":"2022-06-18T14:00:00","guid":{"rendered":"https:\/\/cuernavaca.gob.mx\/?p=14870"},"modified":"2025-05-06T11:26:29","modified_gmt":"2025-05-06T17:26:29","slug":"f088-18-06-22-convocan-a-jose-luis-uriostegui-a-cancelacion-de-la-estampilla-por-el-50-aniversario-del-infonavit","status":"publish","type":"post","link":"https:\/\/cuernavaca.gob.mx\/?p=14870","title":{"rendered":"F088 18\/06\/22 CONVOCAN A JOS\u00c9 LUIS URI\u00d3STEGUI A CANCELACI\u00d3N DE LA ESTAMPILLA POR EL 50 ANIVERSARIO DEL INFONAVIT"},"content":{"rendered":"\n<p>El presidente municipal de Cuernavaca, Jos\u00e9 Luis Uri\u00f3stegui Salgado, fue invitado especial en la ceremonia de cancelaci\u00f3n de la estampilla conmemorativa del Servicio Postal Mexicano con motivo de la celebraci\u00f3n del 50 aniversario del Instituto del Fondo Nacional de la Vivienda para los Trabajadores (INFONAVIT)<\/p>\n\n\n\n<p>En la ceremonia que se llev\u00f3 a cabo de manera simult\u00e1nea en 32 estados del pa\u00eds y en presencia del delegado regional en Morelos, Jorge Salgado Ruiz, el alcalde de Cuernavaca manifest\u00f3 el gran honor de estar presente en un evento que une a dos instituciones tan consolidadas, acentuando la relevancia que era en su momento adquirir un sello postal para mandar cartas o simplemente coleccionarlos por su rareza o el contenido de im\u00e1genes art\u00edsticas.<\/p>\n\n\n\n<p>&#8220;Hoy verlas fusionadas en este sello tiene un gran sentido de representaci\u00f3n de lo que son las dos instituciones mexicanas&#8221;, expres\u00f3 Jos\u00e9 Luis Uri\u00f3stegui, quien form\u00f3 parte del pres\u00eddium junto con el notario p\u00fablico No. 2 Hugo Salgado Casta\u00f1eda.<\/p>\n\n\n\n<figure class=\"wp-container-2 wp-block-gallery-1 wp-block-gallery has-nested-images columns-default is-cropped\">\n<figure class=\"wp-block-image size-large\"><img loading=\"lazy\" width=\"1024\" height=\"682\" data-id=\"14872\"  src=\"https:\/\/cuernavaca.gob.mx\/wp-content\/uploads\/2022\/06\/Estampilla-infonavit-01-1024x682.jpg\" alt=\"\" class=\"wp-image-14872\" srcset=\"https:\/\/cuernavaca.gob.mx\/wp-content\/uploads\/2022\/06\/Estampilla-infonavit-01-1024x682.jpg 1024w, https:\/\/cuernavaca.gob.mx\/wp-content\/uploads\/2022\/06\/Estampilla-infonavit-01-300x200.jpg 300w, https:\/\/cuernavaca.gob.mx\/wp-content\/uploads\/2022\/06\/Estampilla-infonavit-01-768x512.jpg 768w, https:\/\/cuernavaca.gob.mx\/wp-content\/uploads\/2022\/06\/Estampilla-infonavit-01-600x400.jpg 600w, https:\/\/cuernavaca.gob.mx\/wp-content\/uploads\/2022\/06\/Estampilla-infonavit-01-560x373.jpg 560w, https:\/\/cuernavaca.gob.mx\/wp-content\/uploads\/2022\/06\/Estampilla-infonavit-01.jpg 1280w\" sizes=\"(max-width: 1024px) 100vw, 1024px\" \/><\/figure>\n\n\n\n<figure class=\"wp-block-image size-large\"><img loading=\"lazy\" width=\"1024\" height=\"682\" data-id=\"14873\"  src=\"https:\/\/cuernavaca.gob.mx\/wp-content\/uploads\/2022\/06\/Estampilla-infonavit-02-1024x682.jpg\" alt=\"\" class=\"wp-image-14873\" srcset=\"https:\/\/cuernavaca.gob.mx\/wp-content\/uploads\/2022\/06\/Estampilla-infonavit-02-1024x682.jpg 1024w, https:\/\/cuernavaca.gob.mx\/wp-content\/uploads\/2022\/06\/Estampilla-infonavit-02-300x200.jpg 300w, https:\/\/cuernavaca.gob.mx\/wp-content\/uploads\/2022\/06\/Estampilla-infonavit-02-768x512.jpg 768w, https:\/\/cuernavaca.gob.mx\/wp-content\/uploads\/2022\/06\/Estampilla-infonavit-02-600x400.jpg 600w, https:\/\/cuernavaca.gob.mx\/wp-content\/uploads\/2022\/06\/Estampilla-infonavit-02-560x373.jpg 560w, https:\/\/cuernavaca.gob.mx\/wp-content\/uploads\/2022\/06\/Estampilla-infonavit-02.jpg 1280w\" sizes=\"(max-width: 1024px) 100vw, 1024px\" \/><\/figure>\n\n\n\n<figure class=\"wp-block-image size-large\"><img loading=\"lazy\" width=\"1024\" height=\"682\" data-id=\"14874\"  src=\"https:\/\/cuernavaca.gob.mx\/wp-content\/uploads\/2022\/06\/Estampilla-infonavit-03-1024x682.jpg\" alt=\"\" class=\"wp-image-14874\" srcset=\"https:\/\/cuernavaca.gob.mx\/wp-content\/uploads\/2022\/06\/Estampilla-infonavit-03-1024x682.jpg 1024w, https:\/\/cuernavaca.gob.mx\/wp-content\/uploads\/2022\/06\/Estampilla-infonavit-03-300x200.jpg 300w, https:\/\/cuernavaca.gob.mx\/wp-content\/uploads\/2022\/06\/Estampilla-infonavit-03-768x512.jpg 768w, https:\/\/cuernavaca.gob.mx\/wp-content\/uploads\/2022\/06\/Estampilla-infonavit-03-600x400.jpg 600w, https:\/\/cuernavaca.gob.mx\/wp-content\/uploads\/2022\/06\/Estampilla-infonavit-03-560x373.jpg 560w, https:\/\/cuernavaca.gob.mx\/wp-content\/uploads\/2022\/06\/Estampilla-infonavit-03.jpg 1280w\" sizes=\"(max-width: 1024px) 100vw, 1024px\" \/><\/figure>\n\n\n\n<figure class=\"wp-block-image size-large\"><img loading=\"lazy\" width=\"1024\" height=\"682\" data-id=\"14871\"  src=\"https:\/\/cuernavaca.gob.mx\/wp-content\/uploads\/2022\/06\/Estampilla-infonavit-04-1024x682.jpg\" alt=\"\" class=\"wp-image-14871\" srcset=\"https:\/\/cuernavaca.gob.mx\/wp-content\/uploads\/2022\/06\/Estampilla-infonavit-04-1024x682.jpg 1024w, https:\/\/cuernavaca.gob.mx\/wp-content\/uploads\/2022\/06\/Estampilla-infonavit-04-300x200.jpg 300w, https:\/\/cuernavaca.gob.mx\/wp-content\/uploads\/2022\/06\/Estampilla-infonavit-04-768x512.jpg 768w, https:\/\/cuernavaca.gob.mx\/wp-content\/uploads\/2022\/06\/Estampilla-infonavit-04-600x400.jpg 600w, https:\/\/cuernavaca.gob.mx\/wp-content\/uploads\/2022\/06\/Estampilla-infonavit-04-560x373.jpg 560w, https:\/\/cuernavaca.gob.mx\/wp-content\/uploads\/2022\/06\/Estampilla-infonavit-04.jpg 1280w\" sizes=\"(max-width: 1024px) 100vw, 1024px\" \/><\/figure>\n<\/figure>\n","protected":false},"excerpt":{"rendered":"<p>El presidente municipal de Cuernavaca, Jos\u00e9 Luis Uri\u00f3stegui Salgado, fue invitado especial en la ceremonia de cancelaci\u00f3n de la estampilla conmemorativa del Servicio Postal Mexicano con motivo de la celebraci\u00f3n del 50 aniversario del Instituto del Fondo Nacional de la Vivienda para los Trabajadores (INFONAVIT) En la ceremonia que se llev\u00f3 a cabo de manera [&hellip;]<\/p>\n","protected":false},"author":1,"featured_media":14873,"comment_status":"closed","ping_status":"closed","sticky":false,"template":"","format":"standard","meta":[],"categories":[20],"tags":[1568,1566,121,1565,350,1567,120,1569],"aioseo_notices":[],"_links":{"self":[{"href":"https:\/\/cuernavaca.gob.mx\/index.php?rest_route=\/wp\/v2\/posts\/14870"}],"collection":[{"href":"https:\/\/cuernavaca.gob.mx\/index.php?rest_route=\/wp\/v2\/posts"}],"about":[{"href":"https:\/\/cuernavaca.gob.mx\/index.php?rest_route=\/wp\/v2\/types\/post"}],"author":[{"embeddable":true,"href":"https:\/\/cuernavaca.gob.mx\/index.php?rest_route=\/wp\/v2\/users\/1"}],"replies":[{"embeddable":true,"href":"https:\/\/cuernavaca.gob.mx\/index.php?rest_route=%2Fwp%2Fv2%2Fcomments&post=14870"}],"version-history":[{"count":1,"href":"https:\/\/cuernavaca.gob.mx\/index.php?rest_route=\/wp\/v2\/posts\/14870\/revisions"}],"predecessor-version":[{"id":14875,"href":"https:\/\/cuernavaca.gob.mx\/index.php?rest_route=\/wp\/v2\/posts\/14870\/revisions\/14875"}],"wp:featuredmedia":[{"embeddable":true,"href":"https:\/\/cuernavaca.gob.mx\/index.php?rest_route=\/wp\/v2\/media\/14873"}],"wp:attachment":[{"href":"https:\/\/cuernavaca.gob.mx\/index.php?rest_route=%2Fwp%2Fv2%2Fmedia&parent=14870"}],"wp:term":[{"taxonomy":"category","embeddable":true,"href":"https:\/\/cuernavaca.gob.mx\/index.php?rest_route=%2Fwp%2Fv2%2Fcategories&post=14870"},{"taxonomy":"post_tag","embeddable":true,"href":"https:\/\/cuernavaca.gob.mx\/index.php?rest_route=%2Fwp%2Fv2%2Ftags&post=14870"}],"curies":[{"name":"wp","href":"https:\/\/api.w.org\/{rel}","templated":true}]}}