{"id":14876,"date":"2022-06-18T11:00:00","date_gmt":"2022-06-18T16:00:00","guid":{"rendered":"https:\/\/cuernavaca.gob.mx\/?p=14876"},"modified":"2025-05-06T11:26:29","modified_gmt":"2025-05-06T17:26:29","slug":"b439-18-06-22-rinde-el-ayuntamiento-de-cuernavaca-homenaje-a-don-jesus-diaz-bustamante","status":"publish","type":"post","link":"https:\/\/cuernavaca.gob.mx\/?p=14876","title":{"rendered":"B439 18\/06\/22 RINDE EL AYUNTAMIENTO DE CUERNAVACA HOMENAJE A DON JES\u00daS D\u00cdAZ BUSTAMANTE"},"content":{"rendered":"\n<p><strong>El presidente municipal Jos\u00e9 Luis Uri\u00f3stegui, se sum\u00f3 al reconocimiento de la trayectoria del compositor, pol\u00edtico y servidor p\u00fablico<\/strong><\/p>\n\n\n\n<p><strong>Artistas y grupos locales interpretaron sus composiciones en distintos g\u00e9neros con el respaldo de la Sociedad de Autores y Compositores de M\u00e9xico<\/strong><\/p>\n\n\n\n<p>Con motivo de su trayectoria como compositor, servidor p\u00fablico, pol\u00edtico y sus importantes aportaciones a la sociedad morelense, el Ayuntamiento de Cuernavaca a trav\u00e9s de la Secretar\u00eda de Desarrollo Humano y Participaci\u00f3n Social, en coordinaci\u00f3n con el Instituto de Cultura, reconoci\u00f3 a Don Jes\u00fas D\u00edaz Bustamante, un hombre que ya entr\u00f3 a la historia de Morelos.<\/p>\n\n\n\n<p>El Museo de la Ciudad abri\u00f3 sus puertas a este homenaje organizado por la amplia familia de Don Jes\u00fas D\u00edaz Bustamante, el hombre de dos siglos, cuyo legado ha trascendido fronteras y generaciones; diputado local en dos ocasiones y compositor de distintas melod\u00edas, mediante las cuales plasma la belleza de la ciudad de la Eterna Primavera y el estado, as\u00ed como la historia del pa\u00eds, tal es el caso del Corrido del General Zapata, originalmente grabado por el legendario Antonio Aguilar.<\/p>\n\n\n\n<p>Acompa\u00f1ado de integrantes del Cabildo y Gabinete, el presidente municipal de Cuernavaca, Jos\u00e9 Luis Uri\u00f3stegui Salgado, se congratul\u00f3 de estar presente en este merecido homenaje, mencionando que conoci\u00f3 a Don Jes\u00fas por su padre, particularmente por el Corrido del General Zapata, que atrajo su atenci\u00f3n con las rimas e historia que se van hilvanado a trav\u00e9s de las palabras, lo cual, dijo, no es f\u00e1cil para cualquiera.<\/p>\n\n\n\n<p>Record\u00f3 que uno de los slogans de campa\u00f1a se\u00f1alaba que lo mejor de Cuernavaca est\u00e1 en su gente, siendo Don Jes\u00fas muestra de ello, &#8220;es parte de Cuernavaca aunque haya nacido en otro lugar, pero se arraigo aqu\u00ed y decidi\u00f3 continuar su vida p\u00fablica y pol\u00edtica en Cuernavaca, lo cual nos da para rendir este y muchos homenajes m\u00e1s&#8221;.<\/p>\n\n\n\n<p>Al recibir de manos del alcalde el reconocimiento a su trayectoria, Don Jes\u00fas D\u00edaz Bustamante, manifest\u00f3 su gratitud a este homenaje, afirmando que lo llevar\u00e1 siempre grabado en el coraz\u00f3n, en su mente, alma y la letra y m\u00fasica de cada una de sus canciones, &#8220;porque habr\u00e1n de venir m\u00e1s canciones y grabaciones musicales que espero que les gusten aparte de las que han escuchado, pero estamos seguros que en la mente y coraz\u00f3n de todos ustedes tambi\u00e9n existe un granito de arena en las canciones y cantos que realizan&#8221;.<\/p>\n\n\n\n<p>En un ambiente de celebraci\u00f3n y en presencia de reconocidos morelenses en distintas disciplinas, parte de sus composiciones fueron representadas en distintos g\u00e9neros musicales por artistas morelenses; el bolero &#8220;Embrujo de Cuernavaca&#8221;, fue entonado por la soprano cuernavacense, Alejandra Caletti; &#8220;Las ma\u00f1anitas morelenses&#8221; con sus int\u00e9rpretes originales la &#8220;Tuna Minerva de Cuernavaca&#8221; y &#8220;El Corrido Morelense&#8221;, por ni\u00f1os y j\u00f3venes de la Orquesta Filarm\u00f3nica Juvenil de Xochitepec, bajo la conducci\u00f3n del maestro Maguin Neri Laguna y el respaldo del alcalde de Xochitepec, Roberto Gonzalo Flores Z\u00fa\u00f1iga, quien fue invitado especial al homenaje.<\/p>\n\n\n\n<p>Por los a\u00f1os de dedicaci\u00f3n para impulsar el reconocimiento de otros compositores y, adem\u00e1s, del respeto a sus derechos intelectuales, Don Jes\u00fas D\u00edaz Bustamante recibi\u00f3 del delegado en el estado de la Sociedad de Autores y Compositores de M\u00e9xico (SACM), Manuel Arellano Hern\u00e1ndez, un galard\u00f3n por su trayectoria musical y al haber fungido como delegado en Morelos de la agrupaci\u00f3n.<\/p>\n\n\n\n<p>En este homenaje que cont\u00f3 con la presencia de reconocidos morelenses, se anunci\u00f3 la publicaci\u00f3n de un libro dedicado a sus an\u00e9cdotas, una &#8220;memorabilia&#8221; que sus hijos crearon y nombraron &#8220;Jes\u00fas D\u00edaz Bustamante, el hombre de dos siglos&#8221;, que en \u00e9sta ocasi\u00f3n fue presentado por el periodista Javier Jaramillo Frikas y el cronista de Cuernavaca, Carlos Lav\u00edn Figueroa, quien destac\u00f3 que forma parte ya de la historia de Morelos.<\/p>\n\n\n\n<p>Y c\u00f3mo no pod\u00eda faltar en el evento, el Corrido del General Zapata fue interpretado por el mariachi Llaneros de Cuernavaca, que cerraron este homenaje lleno de alegr\u00edas, dedicado a un morelense destacado que con su arte ha sido una parte activa en la construcci\u00f3n de la identidad mexicana y claro, morelense y cuernavacense.<\/p>\n\n\n\n<p>El homenaje cont\u00f3 con la presencia de la s\u00edndica municipal, Ver\u00f3nica Atenco P\u00e9rez; la secretaria de Desarrollo Humano y Participaci\u00f3n Social, Laura Hern\u00e1ndez Cruz; la contralora municipal, Dolores \u00c1lvarez D\u00edaz; el director del Instituto de Cultura de Cuernavaca, Juan Contreras de Oteyza; y del director general de M\u00fasica y Festivales de la Secretar\u00eda de Turismo y Cultura del estado, Antonio Lestrade Gris.<\/p>\n\n\n\n<figure class=\"wp-container-2 wp-block-gallery-1 wp-block-gallery has-nested-images columns-default is-cropped\">\n<figure class=\"wp-block-image size-large\"><img loading=\"lazy\" width=\"1024\" height=\"575\" data-id=\"14877\"  src=\"https:\/\/cuernavaca.gob.mx\/wp-content\/uploads\/2022\/06\/Homenaje-Don-Jesu\u0301s-Di\u0301az-Bustamante-01-1024x575.jpg\" alt=\"\" class=\"wp-image-14877\" srcset=\"https:\/\/cuernavaca.gob.mx\/wp-content\/uploads\/2022\/06\/Homenaje-Don-Jesu\u0301s-Di\u0301az-Bustamante-01-1024x575.jpg 1024w, https:\/\/cuernavaca.gob.mx\/wp-content\/uploads\/2022\/06\/Homenaje-Don-Jesu\u0301s-Di\u0301az-Bustamante-01-300x169.jpg 300w, https:\/\/cuernavaca.gob.mx\/wp-content\/uploads\/2022\/06\/Homenaje-Don-Jesu\u0301s-Di\u0301az-Bustamante-01-768x431.jpg 768w, https:\/\/cuernavaca.gob.mx\/wp-content\/uploads\/2022\/06\/Homenaje-Don-Jesu\u0301s-Di\u0301az-Bustamante-01-600x337.jpg 600w, https:\/\/cuernavaca.gob.mx\/wp-content\/uploads\/2022\/06\/Homenaje-Don-Jesu\u0301s-Di\u0301az-Bustamante-01-560x315.jpg 560w, https:\/\/cuernavaca.gob.mx\/wp-content\/uploads\/2022\/06\/Homenaje-Don-Jesu\u0301s-Di\u0301az-Bustamante-01.jpg 1280w\" sizes=\"(max-width: 1024px) 100vw, 1024px\" \/><\/figure>\n\n\n\n<figure class=\"wp-block-image size-large\"><img loading=\"lazy\" width=\"1024\" height=\"682\" data-id=\"14882\"  src=\"https:\/\/cuernavaca.gob.mx\/wp-content\/uploads\/2022\/06\/Homenaje-Don-Jesu\u0301s-Di\u0301az-Bustamante-02-1024x682.jpg\" alt=\"\" class=\"wp-image-14882\" srcset=\"https:\/\/cuernavaca.gob.mx\/wp-content\/uploads\/2022\/06\/Homenaje-Don-Jesu\u0301s-Di\u0301az-Bustamante-02-1024x682.jpg 1024w, https:\/\/cuernavaca.gob.mx\/wp-content\/uploads\/2022\/06\/Homenaje-Don-Jesu\u0301s-Di\u0301az-Bustamante-02-300x200.jpg 300w, https:\/\/cuernavaca.gob.mx\/wp-content\/uploads\/2022\/06\/Homenaje-Don-Jesu\u0301s-Di\u0301az-Bustamante-02-768x512.jpg 768w, https:\/\/cuernavaca.gob.mx\/wp-content\/uploads\/2022\/06\/Homenaje-Don-Jesu\u0301s-Di\u0301az-Bustamante-02-600x400.jpg 600w, https:\/\/cuernavaca.gob.mx\/wp-content\/uploads\/2022\/06\/Homenaje-Don-Jesu\u0301s-Di\u0301az-Bustamante-02-560x373.jpg 560w, https:\/\/cuernavaca.gob.mx\/wp-content\/uploads\/2022\/06\/Homenaje-Don-Jesu\u0301s-Di\u0301az-Bustamante-02.jpg 1280w\" sizes=\"(max-width: 1024px) 100vw, 1024px\" \/><\/figure>\n\n\n\n<figure class=\"wp-block-image size-large\"><img loading=\"lazy\" width=\"1024\" height=\"682\" data-id=\"14881\"  src=\"https:\/\/cuernavaca.gob.mx\/wp-content\/uploads\/2022\/06\/Homenaje-Don-Jesu\u0301s-Di\u0301az-Bustamante-03-1024x682.jpg\" alt=\"\" class=\"wp-image-14881\" srcset=\"https:\/\/cuernavaca.gob.mx\/wp-content\/uploads\/2022\/06\/Homenaje-Don-Jesu\u0301s-Di\u0301az-Bustamante-03-1024x682.jpg 1024w, https:\/\/cuernavaca.gob.mx\/wp-content\/uploads\/2022\/06\/Homenaje-Don-Jesu\u0301s-Di\u0301az-Bustamante-03-300x200.jpg 300w, https:\/\/cuernavaca.gob.mx\/wp-content\/uploads\/2022\/06\/Homenaje-Don-Jesu\u0301s-Di\u0301az-Bustamante-03-768x512.jpg 768w, https:\/\/cuernavaca.gob.mx\/wp-content\/uploads\/2022\/06\/Homenaje-Don-Jesu\u0301s-Di\u0301az-Bustamante-03-600x400.jpg 600w, https:\/\/cuernavaca.gob.mx\/wp-content\/uploads\/2022\/06\/Homenaje-Don-Jesu\u0301s-Di\u0301az-Bustamante-03-560x373.jpg 560w, https:\/\/cuernavaca.gob.mx\/wp-content\/uploads\/2022\/06\/Homenaje-Don-Jesu\u0301s-Di\u0301az-Bustamante-03.jpg 1280w\" sizes=\"(max-width: 1024px) 100vw, 1024px\" \/><\/figure>\n\n\n\n<figure class=\"wp-block-image size-large\"><img loading=\"lazy\" width=\"1024\" height=\"682\" data-id=\"14879\"  src=\"https:\/\/cuernavaca.gob.mx\/wp-content\/uploads\/2022\/06\/Homenaje-Don-Jesu\u0301s-Di\u0301az-Bustamante-04-1024x682.jpg\" alt=\"\" class=\"wp-image-14879\" srcset=\"https:\/\/cuernavaca.gob.mx\/wp-content\/uploads\/2022\/06\/Homenaje-Don-Jesu\u0301s-Di\u0301az-Bustamante-04-1024x682.jpg 1024w, https:\/\/cuernavaca.gob.mx\/wp-content\/uploads\/2022\/06\/Homenaje-Don-Jesu\u0301s-Di\u0301az-Bustamante-04-300x200.jpg 300w, https:\/\/cuernavaca.gob.mx\/wp-content\/uploads\/2022\/06\/Homenaje-Don-Jesu\u0301s-Di\u0301az-Bustamante-04-768x512.jpg 768w, https:\/\/cuernavaca.gob.mx\/wp-content\/uploads\/2022\/06\/Homenaje-Don-Jesu\u0301s-Di\u0301az-Bustamante-04-600x400.jpg 600w, https:\/\/cuernavaca.gob.mx\/wp-content\/uploads\/2022\/06\/Homenaje-Don-Jesu\u0301s-Di\u0301az-Bustamante-04-560x373.jpg 560w, https:\/\/cuernavaca.gob.mx\/wp-content\/uploads\/2022\/06\/Homenaje-Don-Jesu\u0301s-Di\u0301az-Bustamante-04.jpg 1280w\" sizes=\"(max-width: 1024px) 100vw, 1024px\" \/><\/figure>\n\n\n\n<figure class=\"wp-block-image size-large\"><img loading=\"lazy\" width=\"1024\" height=\"682\" data-id=\"14878\"  src=\"https:\/\/cuernavaca.gob.mx\/wp-content\/uploads\/2022\/06\/Homenaje-Don-Jesu\u0301s-Di\u0301az-Bustamante-05-1024x682.jpg\" alt=\"\" class=\"wp-image-14878\" srcset=\"https:\/\/cuernavaca.gob.mx\/wp-content\/uploads\/2022\/06\/Homenaje-Don-Jesu\u0301s-Di\u0301az-Bustamante-05-1024x682.jpg 1024w, https:\/\/cuernavaca.gob.mx\/wp-content\/uploads\/2022\/06\/Homenaje-Don-Jesu\u0301s-Di\u0301az-Bustamante-05-300x200.jpg 300w, https:\/\/cuernavaca.gob.mx\/wp-content\/uploads\/2022\/06\/Homenaje-Don-Jesu\u0301s-Di\u0301az-Bustamante-05-768x512.jpg 768w, https:\/\/cuernavaca.gob.mx\/wp-content\/uploads\/2022\/06\/Homenaje-Don-Jesu\u0301s-Di\u0301az-Bustamante-05-600x400.jpg 600w, https:\/\/cuernavaca.gob.mx\/wp-content\/uploads\/2022\/06\/Homenaje-Don-Jesu\u0301s-Di\u0301az-Bustamante-05-560x373.jpg 560w, https:\/\/cuernavaca.gob.mx\/wp-content\/uploads\/2022\/06\/Homenaje-Don-Jesu\u0301s-Di\u0301az-Bustamante-05.jpg 1280w\" sizes=\"(max-width: 1024px) 100vw, 1024px\" \/><\/figure>\n\n\n\n<figure class=\"wp-block-image size-large\"><img loading=\"lazy\" width=\"1024\" height=\"682\" data-id=\"14880\"  src=\"https:\/\/cuernavaca.gob.mx\/wp-content\/uploads\/2022\/06\/Homenaje-Don-Jesu\u0301s-Di\u0301az-Bustamante-06-1024x682.jpg\" alt=\"\" class=\"wp-image-14880\" srcset=\"https:\/\/cuernavaca.gob.mx\/wp-content\/uploads\/2022\/06\/Homenaje-Don-Jesu\u0301s-Di\u0301az-Bustamante-06-1024x682.jpg 1024w, https:\/\/cuernavaca.gob.mx\/wp-content\/uploads\/2022\/06\/Homenaje-Don-Jesu\u0301s-Di\u0301az-Bustamante-06-300x200.jpg 300w, https:\/\/cuernavaca.gob.mx\/wp-content\/uploads\/2022\/06\/Homenaje-Don-Jesu\u0301s-Di\u0301az-Bustamante-06-768x512.jpg 768w, https:\/\/cuernavaca.gob.mx\/wp-content\/uploads\/2022\/06\/Homenaje-Don-Jesu\u0301s-Di\u0301az-Bustamante-06-600x400.jpg 600w, https:\/\/cuernavaca.gob.mx\/wp-content\/uploads\/2022\/06\/Homenaje-Don-Jesu\u0301s-Di\u0301az-Bustamante-06-560x373.jpg 560w, https:\/\/cuernavaca.gob.mx\/wp-content\/uploads\/2022\/06\/Homenaje-Don-Jesu\u0301s-Di\u0301az-Bustamante-06.jpg 1280w\" sizes=\"(max-width: 1024px) 100vw, 1024px\" \/><\/figure>\n\n\n\n<figure class=\"wp-block-image size-large\"><img loading=\"lazy\" width=\"1024\" height=\"682\" data-id=\"14884\"  src=\"https:\/\/cuernavaca.gob.mx\/wp-content\/uploads\/2022\/06\/Homenaje-Don-Jesu\u0301s-Di\u0301az-Bustamante-07-1024x682.jpg\" alt=\"\" class=\"wp-image-14884\" srcset=\"https:\/\/cuernavaca.gob.mx\/wp-content\/uploads\/2022\/06\/Homenaje-Don-Jesu\u0301s-Di\u0301az-Bustamante-07-1024x682.jpg 1024w, https:\/\/cuernavaca.gob.mx\/wp-content\/uploads\/2022\/06\/Homenaje-Don-Jesu\u0301s-Di\u0301az-Bustamante-07-300x200.jpg 300w, https:\/\/cuernavaca.gob.mx\/wp-content\/uploads\/2022\/06\/Homenaje-Don-Jesu\u0301s-Di\u0301az-Bustamante-07-768x512.jpg 768w, https:\/\/cuernavaca.gob.mx\/wp-content\/uploads\/2022\/06\/Homenaje-Don-Jesu\u0301s-Di\u0301az-Bustamante-07-600x400.jpg 600w, https:\/\/cuernavaca.gob.mx\/wp-content\/uploads\/2022\/06\/Homenaje-Don-Jesu\u0301s-Di\u0301az-Bustamante-07-560x373.jpg 560w, https:\/\/cuernavaca.gob.mx\/wp-content\/uploads\/2022\/06\/Homenaje-Don-Jesu\u0301s-Di\u0301az-Bustamante-07.jpg 1280w\" sizes=\"(max-width: 1024px) 100vw, 1024px\" \/><\/figure>\n\n\n\n<figure class=\"wp-block-image size-large\"><img loading=\"lazy\" width=\"1024\" height=\"682\" data-id=\"14885\"  src=\"https:\/\/cuernavaca.gob.mx\/wp-content\/uploads\/2022\/06\/Homenaje-Don-Jesu\u0301s-Di\u0301az-Bustamante-08-1024x682.jpg\" alt=\"\" class=\"wp-image-14885\" srcset=\"https:\/\/cuernavaca.gob.mx\/wp-content\/uploads\/2022\/06\/Homenaje-Don-Jesu\u0301s-Di\u0301az-Bustamante-08-1024x682.jpg 1024w, https:\/\/cuernavaca.gob.mx\/wp-content\/uploads\/2022\/06\/Homenaje-Don-Jesu\u0301s-Di\u0301az-Bustamante-08-300x200.jpg 300w, https:\/\/cuernavaca.gob.mx\/wp-content\/uploads\/2022\/06\/Homenaje-Don-Jesu\u0301s-Di\u0301az-Bustamante-08-768x512.jpg 768w, https:\/\/cuernavaca.gob.mx\/wp-content\/uploads\/2022\/06\/Homenaje-Don-Jesu\u0301s-Di\u0301az-Bustamante-08-600x400.jpg 600w, https:\/\/cuernavaca.gob.mx\/wp-content\/uploads\/2022\/06\/Homenaje-Don-Jesu\u0301s-Di\u0301az-Bustamante-08-560x373.jpg 560w, https:\/\/cuernavaca.gob.mx\/wp-content\/uploads\/2022\/06\/Homenaje-Don-Jesu\u0301s-Di\u0301az-Bustamante-08.jpg 1280w\" sizes=\"(max-width: 1024px) 100vw, 1024px\" \/><\/figure>\n\n\n\n<figure class=\"wp-block-image size-large\"><img loading=\"lazy\" width=\"1024\" height=\"682\" data-id=\"14883\"  src=\"https:\/\/cuernavaca.gob.mx\/wp-content\/uploads\/2022\/06\/Homenaje-Don-Jesu\u0301s-Di\u0301az-Bustamante-09-1024x682.jpg\" alt=\"\" class=\"wp-image-14883\" srcset=\"https:\/\/cuernavaca.gob.mx\/wp-content\/uploads\/2022\/06\/Homenaje-Don-Jesu\u0301s-Di\u0301az-Bustamante-09-1024x682.jpg 1024w, https:\/\/cuernavaca.gob.mx\/wp-content\/uploads\/2022\/06\/Homenaje-Don-Jesu\u0301s-Di\u0301az-Bustamante-09-300x200.jpg 300w, https:\/\/cuernavaca.gob.mx\/wp-content\/uploads\/2022\/06\/Homenaje-Don-Jesu\u0301s-Di\u0301az-Bustamante-09-768x512.jpg 768w, https:\/\/cuernavaca.gob.mx\/wp-content\/uploads\/2022\/06\/Homenaje-Don-Jesu\u0301s-Di\u0301az-Bustamante-09-600x400.jpg 600w, https:\/\/cuernavaca.gob.mx\/wp-content\/uploads\/2022\/06\/Homenaje-Don-Jesu\u0301s-Di\u0301az-Bustamante-09-560x373.jpg 560w, https:\/\/cuernavaca.gob.mx\/wp-content\/uploads\/2022\/06\/Homenaje-Don-Jesu\u0301s-Di\u0301az-Bustamante-09.jpg 1280w\" sizes=\"(max-width: 1024px) 100vw, 1024px\" \/><\/figure>\n<\/figure>\n","protected":false},"excerpt":{"rendered":"<p>El presidente municipal Jos\u00e9 Luis Uri\u00f3stegui, se sum\u00f3 al reconocimiento de la trayectoria del compositor, pol\u00edtico y servidor p\u00fablico Artistas y grupos locales interpretaron sus composiciones en distintos g\u00e9neros con el respaldo de la Sociedad de Autores y Compositores de M\u00e9xico Con motivo de su trayectoria como compositor, servidor p\u00fablico, pol\u00edtico y sus importantes aportaciones [&hellip;]<\/p>\n","protected":false},"author":1,"featured_media":14883,"comment_status":"closed","ping_status":"closed","sticky":false,"template":"","format":"standard","meta":[],"categories":[20,21],"tags":[1575,1572,1576,121,1570,1571,120,1573,1574],"aioseo_notices":[],"_links":{"self":[{"href":"https:\/\/cuernavaca.gob.mx\/index.php?rest_route=\/wp\/v2\/posts\/14876"}],"collection":[{"href":"https:\/\/cuernavaca.gob.mx\/index.php?rest_route=\/wp\/v2\/posts"}],"about":[{"href":"https:\/\/cuernavaca.gob.mx\/index.php?rest_route=\/wp\/v2\/types\/post"}],"author":[{"embeddable":true,"href":"https:\/\/cuernavaca.gob.mx\/index.php?rest_route=\/wp\/v2\/users\/1"}],"replies":[{"embeddable":true,"href":"https:\/\/cuernavaca.gob.mx\/index.php?rest_route=%2Fwp%2Fv2%2Fcomments&post=14876"}],"version-history":[{"count":1,"href":"https:\/\/cuernavaca.gob.mx\/index.php?rest_route=\/wp\/v2\/posts\/14876\/revisions"}],"predecessor-version":[{"id":14886,"href":"https:\/\/cuernavaca.gob.mx\/index.php?rest_route=\/wp\/v2\/posts\/14876\/revisions\/14886"}],"wp:featuredmedia":[{"embeddable":true,"href":"https:\/\/cuernavaca.gob.mx\/index.php?rest_route=\/wp\/v2\/media\/14883"}],"wp:attachment":[{"href":"https:\/\/cuernavaca.gob.mx\/index.php?rest_route=%2Fwp%2Fv2%2Fmedia&parent=14876"}],"wp:term":[{"taxonomy":"category","embeddable":true,"href":"https:\/\/cuernavaca.gob.mx\/index.php?rest_route=%2Fwp%2Fv2%2Fcategories&post=14876"},{"taxonomy":"post_tag","embeddable":true,"href":"https:\/\/cuernavaca.gob.mx\/index.php?rest_route=%2Fwp%2Fv2%2Ftags&post=14876"}],"curies":[{"name":"wp","href":"https:\/\/api.w.org\/{rel}","templated":true}]}}