{"id":14887,"date":"2022-06-18T13:00:00","date_gmt":"2022-06-18T18:00:00","guid":{"rendered":"https:\/\/cuernavaca.gob.mx\/?p=14887"},"modified":"2025-05-06T11:26:29","modified_gmt":"2025-05-06T17:26:29","slug":"b440-18-06-22-en-cuernavaca-consejos-municipales-de-participacion-social-tendran-mayor-certeza-y-reconocimiento-legal","status":"publish","type":"post","link":"https:\/\/cuernavaca.gob.mx\/?p=14887","title":{"rendered":"B440 18\/06\/22 EN CUERNAVACA CONSEJOS MUNICIPALES DE PARTICIPACI\u00d3N SOCIAL TENDR\u00c1N MAYOR CERTEZA Y RECONOCIMIENTO LEGAL"},"content":{"rendered":"\n<p><strong>El regidor presidente de la Comisi\u00f3n de Participaci\u00f3n Ciudadana, Jes\u00fas Tlacaelel Rosales, present\u00f3 una iniciativa con proyecto de reforma para fortalecer su funci\u00f3n<\/strong><\/p>\n\n\n\n<p><strong>El Gobierno Municipal 2022-2024 se ha distinguido por propiciar la participaci\u00f3n democr\u00e1tica en la toma de decisiones<\/strong><\/p>\n\n\n\n<p>Con la finalidad de darle mayor certeza y reconocimiento legal a los Consejos de Participaci\u00f3n Social, el regidor Jes\u00fas Tlacaelel Rosales Puebla present\u00f3 ante miembros del Cabildo de Cuernavaca una iniciativa con proyecto de reforma al Reglamento de los Consejos de Participaci\u00f3n Social del Municipio que consolidar\u00e1 una eficiente coordinaci\u00f3n con \u00e9stas autoridades auxiliares que coadyuvan a encaminar las necesidades y demandas de los vecinos.<\/p>\n\n\n\n<p>Como presidente de la Comisi\u00f3n de Participaci\u00f3n Ciudadana, el sesi\u00f3n de Cabildo el regidor Rosales Puebla expres\u00f3 que la iniciativa es en concordancia con el inter\u00e9s que ha distinguido a la actual administraci\u00f3n municipal por propiciar la participaci\u00f3n democr\u00e1tica en la toma de decisiones, contando con figuras vinculatorias entre la poblaci\u00f3n y el Ayuntamiento capitalino que logran este objetivo, como son los Consejos Municipales de Participaci\u00f3n Social.<\/p>\n\n\n\n<p>Por lo anterior, expuso que derivado de la reforma autorizada al organigrama municipal para el trienio 2022-2024, eliminando a la Subsecretar\u00eda de Gesti\u00f3n Pol\u00edtica, quien fung\u00eda como director operativo de los Consejos Municipales, es necesario llevar a cabo una serie de modificaciones que atiendan de manera correcta la estructura org\u00e1nica del Gobierno Municipal para la eficiente coordinaci\u00f3n con las autoridades auxiliares, que normen adecuadamente la Comisi\u00f3n Organizadora, responsable de efectuar la elecci\u00f3n de dichos consejos y, que defina el proceso de suspensi\u00f3n del cargo de los integrantes de estos \u00f3rganos de participaci\u00f3n ciudadana.<\/p>\n\n\n\n<p>Entre las modificaciones propuestas por el regidor de Cuernavaca se establece que los cargos de los miembros de los Consejos Municipales no puedan ser renunciables y\/o en su caso, puedan solicitar licencia temporal o definitiva al Ayuntamiento de Cuernavaca; que la organizaci\u00f3n, desarrollo, vigilancia y calificaci\u00f3n del proceso de selecci\u00f3n de estos sea con el apoyo de la Secretar\u00eda Municipal y que \u00e9ste funja como secretario t\u00e9cnico en la Comisi\u00f3n de Elecciones.<\/p>\n\n\n\n<p>As\u00ed mismo, que en dicha Comisi\u00f3n de Elecciones se incluya tambi\u00e9n como integrante al regidor presidente de la Comisi\u00f3n de Participaci\u00f3n Ciudadana, al ser el v\u00ednculo que promueve e integra la participaci\u00f3n social en la soluci\u00f3n de demandas m\u00e1s sentidas de la comunidad, quien construye, adem\u00e1s, la democracia de la mano del gobernado y favorece el control de los gobernantes, quien transmite y suaviza los conflictos, favorecer\u00e9 los acuerdos, y hace menos costosa la toma de decisiones pol\u00edticas.<\/p>\n\n\n\n<p>\u201cEn nuestras manos est\u00e1 garantizar que los espacios de opini\u00f3n, acci\u00f3n y participaci\u00f3n comunitaria se encuentren institucionalizados y actualizados conforme a su reglamentaci\u00f3n, y as\u00ed continuar con el acercamiento que hasta el d\u00eda de hoy mantenemos con nuestra ciudad y sus habitantes\u201d, resalt\u00f3 Jes\u00fas Rosales.<\/p>\n\n\n\n<p>La iniciativa con proyecto de reforma al Reglamento de los Consejos de Participaci\u00f3n Social del Municipio recibi\u00f3 el respaldo y aceptaci\u00f3n de los integrantes del cuerpo edilicio; fue turnada a la Comisi\u00f3n de Gobernaci\u00f3n y Reglamentos para su an\u00e1lisis correspondiente y su posterior presentaci\u00f3n en el seno del Cabildo.<\/p>\n\n\n\n<figure class=\"wp-container-2 wp-block-gallery-1 wp-block-gallery has-nested-images columns-default is-cropped\">\n<figure class=\"wp-block-image size-large\"><img loading=\"lazy\" width=\"960\" height=\"635\" data-id=\"14888\"  src=\"https:\/\/cuernavaca.gob.mx\/wp-content\/uploads\/2022\/06\/Participacio\u0301n-social-01.jpg\" alt=\"\" class=\"wp-image-14888\" srcset=\"https:\/\/cuernavaca.gob.mx\/wp-content\/uploads\/2022\/06\/Participacio\u0301n-social-01.jpg 960w, https:\/\/cuernavaca.gob.mx\/wp-content\/uploads\/2022\/06\/Participacio\u0301n-social-01-300x198.jpg 300w, https:\/\/cuernavaca.gob.mx\/wp-content\/uploads\/2022\/06\/Participacio\u0301n-social-01-768x508.jpg 768w, https:\/\/cuernavaca.gob.mx\/wp-content\/uploads\/2022\/06\/Participacio\u0301n-social-01-600x397.jpg 600w, https:\/\/cuernavaca.gob.mx\/wp-content\/uploads\/2022\/06\/Participacio\u0301n-social-01-560x370.jpg 560w\" sizes=\"(max-width: 960px) 100vw, 960px\" \/><\/figure>\n\n\n\n<figure class=\"wp-block-image size-large\"><img loading=\"lazy\" width=\"1024\" height=\"682\" data-id=\"14891\"  src=\"https:\/\/cuernavaca.gob.mx\/wp-content\/uploads\/2022\/06\/Participacio\u0301n-social-02-1024x682.jpg\" alt=\"\" class=\"wp-image-14891\" srcset=\"https:\/\/cuernavaca.gob.mx\/wp-content\/uploads\/2022\/06\/Participacio\u0301n-social-02-1024x682.jpg 1024w, https:\/\/cuernavaca.gob.mx\/wp-content\/uploads\/2022\/06\/Participacio\u0301n-social-02-300x200.jpg 300w, https:\/\/cuernavaca.gob.mx\/wp-content\/uploads\/2022\/06\/Participacio\u0301n-social-02-768x512.jpg 768w, https:\/\/cuernavaca.gob.mx\/wp-content\/uploads\/2022\/06\/Participacio\u0301n-social-02-600x400.jpg 600w, https:\/\/cuernavaca.gob.mx\/wp-content\/uploads\/2022\/06\/Participacio\u0301n-social-02-560x373.jpg 560w, https:\/\/cuernavaca.gob.mx\/wp-content\/uploads\/2022\/06\/Participacio\u0301n-social-02.jpg 1280w\" sizes=\"(max-width: 1024px) 100vw, 1024px\" \/><\/figure>\n\n\n\n<figure class=\"wp-block-image size-large\"><img loading=\"lazy\" width=\"960\" height=\"640\" data-id=\"14890\"  src=\"https:\/\/cuernavaca.gob.mx\/wp-content\/uploads\/2022\/06\/Participacio\u0301n-social-03.jpg\" alt=\"\" class=\"wp-image-14890\" srcset=\"https:\/\/cuernavaca.gob.mx\/wp-content\/uploads\/2022\/06\/Participacio\u0301n-social-03.jpg 960w, https:\/\/cuernavaca.gob.mx\/wp-content\/uploads\/2022\/06\/Participacio\u0301n-social-03-300x200.jpg 300w, https:\/\/cuernavaca.gob.mx\/wp-content\/uploads\/2022\/06\/Participacio\u0301n-social-03-768x512.jpg 768w, https:\/\/cuernavaca.gob.mx\/wp-content\/uploads\/2022\/06\/Participacio\u0301n-social-03-600x400.jpg 600w, https:\/\/cuernavaca.gob.mx\/wp-content\/uploads\/2022\/06\/Participacio\u0301n-social-03-560x373.jpg 560w\" sizes=\"(max-width: 960px) 100vw, 960px\" \/><\/figure>\n\n\n\n<figure class=\"wp-block-image size-large\"><img loading=\"lazy\" width=\"960\" height=\"639\" data-id=\"14889\"  src=\"https:\/\/cuernavaca.gob.mx\/wp-content\/uploads\/2022\/06\/Participacio\u0301n-social-04.jpg\" alt=\"\" class=\"wp-image-14889\" srcset=\"https:\/\/cuernavaca.gob.mx\/wp-content\/uploads\/2022\/06\/Participacio\u0301n-social-04.jpg 960w, https:\/\/cuernavaca.gob.mx\/wp-content\/uploads\/2022\/06\/Participacio\u0301n-social-04-300x200.jpg 300w, https:\/\/cuernavaca.gob.mx\/wp-content\/uploads\/2022\/06\/Participacio\u0301n-social-04-768x511.jpg 768w, https:\/\/cuernavaca.gob.mx\/wp-content\/uploads\/2022\/06\/Participacio\u0301n-social-04-600x399.jpg 600w, https:\/\/cuernavaca.gob.mx\/wp-content\/uploads\/2022\/06\/Participacio\u0301n-social-04-560x373.jpg 560w\" sizes=\"(max-width: 960px) 100vw, 960px\" \/><\/figure>\n<\/figure>\n","protected":false},"excerpt":{"rendered":"<p>El regidor presidente de la Comisi\u00f3n de Participaci\u00f3n Ciudadana, Jes\u00fas Tlacaelel Rosales, present\u00f3 una iniciativa con proyecto de reforma para fortalecer su funci\u00f3n El Gobierno Municipal 2022-2024 se ha distinguido por propiciar la participaci\u00f3n democr\u00e1tica en la toma de decisiones Con la finalidad de darle mayor certeza y reconocimiento legal a los Consejos de Participaci\u00f3n [&hellip;]<\/p>\n","protected":false},"author":1,"featured_media":14889,"comment_status":"closed","ping_status":"closed","sticky":false,"template":"","format":"standard","meta":[],"categories":[20],"tags":[158,121,1100,120,1098,383],"aioseo_notices":[],"_links":{"self":[{"href":"https:\/\/cuernavaca.gob.mx\/index.php?rest_route=\/wp\/v2\/posts\/14887"}],"collection":[{"href":"https:\/\/cuernavaca.gob.mx\/index.php?rest_route=\/wp\/v2\/posts"}],"about":[{"href":"https:\/\/cuernavaca.gob.mx\/index.php?rest_route=\/wp\/v2\/types\/post"}],"author":[{"embeddable":true,"href":"https:\/\/cuernavaca.gob.mx\/index.php?rest_route=\/wp\/v2\/users\/1"}],"replies":[{"embeddable":true,"href":"https:\/\/cuernavaca.gob.mx\/index.php?rest_route=%2Fwp%2Fv2%2Fcomments&post=14887"}],"version-history":[{"count":1,"href":"https:\/\/cuernavaca.gob.mx\/index.php?rest_route=\/wp\/v2\/posts\/14887\/revisions"}],"predecessor-version":[{"id":14892,"href":"https:\/\/cuernavaca.gob.mx\/index.php?rest_route=\/wp\/v2\/posts\/14887\/revisions\/14892"}],"wp:featuredmedia":[{"embeddable":true,"href":"https:\/\/cuernavaca.gob.mx\/index.php?rest_route=\/wp\/v2\/media\/14889"}],"wp:attachment":[{"href":"https:\/\/cuernavaca.gob.mx\/index.php?rest_route=%2Fwp%2Fv2%2Fmedia&parent=14887"}],"wp:term":[{"taxonomy":"category","embeddable":true,"href":"https:\/\/cuernavaca.gob.mx\/index.php?rest_route=%2Fwp%2Fv2%2Fcategories&post=14887"},{"taxonomy":"post_tag","embeddable":true,"href":"https:\/\/cuernavaca.gob.mx\/index.php?rest_route=%2Fwp%2Fv2%2Ftags&post=14887"}],"curies":[{"name":"wp","href":"https:\/\/api.w.org\/{rel}","templated":true}]}}