{"id":14904,"date":"2022-06-19T11:00:00","date_gmt":"2022-06-19T16:00:00","guid":{"rendered":"https:\/\/cuernavaca.gob.mx\/?p=14904"},"modified":"2025-05-06T11:26:28","modified_gmt":"2025-05-06T17:26:28","slug":"f-19-06-22-promueve-ayuntamiento-de-cuernavaca-capacitacion-contra-discriminacion","status":"publish","type":"post","link":"https:\/\/cuernavaca.gob.mx\/?p=14904","title":{"rendered":"F 19\/06\/22 PROMUEVE AYUNTAMIENTO DE CUERNAVACA CAPACITACI\u00d3N CONTRA DISCRIMINACI\u00d3N"},"content":{"rendered":"\n<p>El Ayuntamiento de Cuernavaca a trav\u00e9s del Departamento de Diversidad Sexual, hizo entrega constancias de la&nbsp; capacitaci\u00f3n que se otorg\u00f3 al personal de la Comisi\u00f3n de Derecho Humanos del Estado de Morelos (CDHEM), sobre&nbsp; &#8220;Protocolo para el Acceso sin Discriminaci\u00f3n a la Prestaci\u00f3n de Servicios de Atenci\u00f3n M\u00e9dica de las personas LGBTTTIQ&#8221;.<\/p>\n\n\n\n<p>Con dicha capacitaci\u00f3n se busca prevenci\u00f3n de violaciones a los Derechos Humanos de la Diversidad Sexual, por lo que desde el Gobierno Municipal de Cuernavaca se promueve dentro y fuera de la instituci\u00f3n, el respeto a la dignidad humana de todas las personas sin distinci\u00f3n por orientaci\u00f3n sexual o identidad de g\u00e9nero.<\/p>\n\n\n\n<figure class=\"wp-container-2 wp-block-gallery-1 wp-block-gallery has-nested-images columns-default is-cropped\">\n<figure class=\"wp-block-image size-large\"><img loading=\"lazy\" width=\"1024\" height=\"682\" data-id=\"14905\"  src=\"https:\/\/cuernavaca.gob.mx\/wp-content\/uploads\/2022\/06\/Capacitacio\u0301n-contra-discriminacio\u0301n-01-1024x682.jpg\" alt=\"\" class=\"wp-image-14905\" srcset=\"https:\/\/cuernavaca.gob.mx\/wp-content\/uploads\/2022\/06\/Capacitacio\u0301n-contra-discriminacio\u0301n-01-1024x682.jpg 1024w, https:\/\/cuernavaca.gob.mx\/wp-content\/uploads\/2022\/06\/Capacitacio\u0301n-contra-discriminacio\u0301n-01-300x200.jpg 300w, https:\/\/cuernavaca.gob.mx\/wp-content\/uploads\/2022\/06\/Capacitacio\u0301n-contra-discriminacio\u0301n-01-768x512.jpg 768w, https:\/\/cuernavaca.gob.mx\/wp-content\/uploads\/2022\/06\/Capacitacio\u0301n-contra-discriminacio\u0301n-01-1536x1023.jpg 1536w, https:\/\/cuernavaca.gob.mx\/wp-content\/uploads\/2022\/06\/Capacitacio\u0301n-contra-discriminacio\u0301n-01-600x400.jpg 600w, https:\/\/cuernavaca.gob.mx\/wp-content\/uploads\/2022\/06\/Capacitacio\u0301n-contra-discriminacio\u0301n-01-560x373.jpg 560w, https:\/\/cuernavaca.gob.mx\/wp-content\/uploads\/2022\/06\/Capacitacio\u0301n-contra-discriminacio\u0301n-01.jpg 1600w\" sizes=\"(max-width: 1024px) 100vw, 1024px\" \/><\/figure>\n\n\n\n<figure class=\"wp-block-image size-large\"><img loading=\"lazy\" width=\"1024\" height=\"682\" data-id=\"14908\"  src=\"https:\/\/cuernavaca.gob.mx\/wp-content\/uploads\/2022\/06\/Capacitacio\u0301n-contra-discriminacio\u0301n-02-1024x682.jpg\" alt=\"\" class=\"wp-image-14908\" srcset=\"https:\/\/cuernavaca.gob.mx\/wp-content\/uploads\/2022\/06\/Capacitacio\u0301n-contra-discriminacio\u0301n-02-1024x682.jpg 1024w, https:\/\/cuernavaca.gob.mx\/wp-content\/uploads\/2022\/06\/Capacitacio\u0301n-contra-discriminacio\u0301n-02-300x200.jpg 300w, https:\/\/cuernavaca.gob.mx\/wp-content\/uploads\/2022\/06\/Capacitacio\u0301n-contra-discriminacio\u0301n-02-768x512.jpg 768w, https:\/\/cuernavaca.gob.mx\/wp-content\/uploads\/2022\/06\/Capacitacio\u0301n-contra-discriminacio\u0301n-02-1536x1023.jpg 1536w, https:\/\/cuernavaca.gob.mx\/wp-content\/uploads\/2022\/06\/Capacitacio\u0301n-contra-discriminacio\u0301n-02-600x400.jpg 600w, https:\/\/cuernavaca.gob.mx\/wp-content\/uploads\/2022\/06\/Capacitacio\u0301n-contra-discriminacio\u0301n-02-560x373.jpg 560w, https:\/\/cuernavaca.gob.mx\/wp-content\/uploads\/2022\/06\/Capacitacio\u0301n-contra-discriminacio\u0301n-02.jpg 1600w\" sizes=\"(max-width: 1024px) 100vw, 1024px\" \/><\/figure>\n\n\n\n<figure class=\"wp-block-image size-large\"><img loading=\"lazy\" width=\"1024\" height=\"682\" data-id=\"14910\"  src=\"https:\/\/cuernavaca.gob.mx\/wp-content\/uploads\/2022\/06\/Capacitacio\u0301n-contra-discriminacio\u0301n-03-1024x682.jpg\" alt=\"\" class=\"wp-image-14910\" srcset=\"https:\/\/cuernavaca.gob.mx\/wp-content\/uploads\/2022\/06\/Capacitacio\u0301n-contra-discriminacio\u0301n-03-1024x682.jpg 1024w, https:\/\/cuernavaca.gob.mx\/wp-content\/uploads\/2022\/06\/Capacitacio\u0301n-contra-discriminacio\u0301n-03-300x200.jpg 300w, https:\/\/cuernavaca.gob.mx\/wp-content\/uploads\/2022\/06\/Capacitacio\u0301n-contra-discriminacio\u0301n-03-768x512.jpg 768w, https:\/\/cuernavaca.gob.mx\/wp-content\/uploads\/2022\/06\/Capacitacio\u0301n-contra-discriminacio\u0301n-03-1536x1023.jpg 1536w, https:\/\/cuernavaca.gob.mx\/wp-content\/uploads\/2022\/06\/Capacitacio\u0301n-contra-discriminacio\u0301n-03-600x400.jpg 600w, https:\/\/cuernavaca.gob.mx\/wp-content\/uploads\/2022\/06\/Capacitacio\u0301n-contra-discriminacio\u0301n-03-560x373.jpg 560w, https:\/\/cuernavaca.gob.mx\/wp-content\/uploads\/2022\/06\/Capacitacio\u0301n-contra-discriminacio\u0301n-03.jpg 1600w\" sizes=\"(max-width: 1024px) 100vw, 1024px\" \/><\/figure>\n\n\n\n<figure class=\"wp-block-image size-large\"><img loading=\"lazy\" width=\"1024\" height=\"682\" data-id=\"14907\"  src=\"https:\/\/cuernavaca.gob.mx\/wp-content\/uploads\/2022\/06\/Capacitacio\u0301n-contra-discriminacio\u0301n-04-1024x682.jpg\" alt=\"\" class=\"wp-image-14907\" srcset=\"https:\/\/cuernavaca.gob.mx\/wp-content\/uploads\/2022\/06\/Capacitacio\u0301n-contra-discriminacio\u0301n-04-1024x682.jpg 1024w, https:\/\/cuernavaca.gob.mx\/wp-content\/uploads\/2022\/06\/Capacitacio\u0301n-contra-discriminacio\u0301n-04-300x200.jpg 300w, https:\/\/cuernavaca.gob.mx\/wp-content\/uploads\/2022\/06\/Capacitacio\u0301n-contra-discriminacio\u0301n-04-768x512.jpg 768w, https:\/\/cuernavaca.gob.mx\/wp-content\/uploads\/2022\/06\/Capacitacio\u0301n-contra-discriminacio\u0301n-04-1536x1023.jpg 1536w, https:\/\/cuernavaca.gob.mx\/wp-content\/uploads\/2022\/06\/Capacitacio\u0301n-contra-discriminacio\u0301n-04-600x400.jpg 600w, https:\/\/cuernavaca.gob.mx\/wp-content\/uploads\/2022\/06\/Capacitacio\u0301n-contra-discriminacio\u0301n-04-560x373.jpg 560w, https:\/\/cuernavaca.gob.mx\/wp-content\/uploads\/2022\/06\/Capacitacio\u0301n-contra-discriminacio\u0301n-04.jpg 1600w\" sizes=\"(max-width: 1024px) 100vw, 1024px\" \/><\/figure>\n\n\n\n<figure class=\"wp-block-image size-large\"><img loading=\"lazy\" width=\"1024\" height=\"682\" data-id=\"14909\"  src=\"https:\/\/cuernavaca.gob.mx\/wp-content\/uploads\/2022\/06\/Capacitacio\u0301n-contra-discriminacio\u0301n-05-1024x682.jpg\" alt=\"\" class=\"wp-image-14909\" srcset=\"https:\/\/cuernavaca.gob.mx\/wp-content\/uploads\/2022\/06\/Capacitacio\u0301n-contra-discriminacio\u0301n-05-1024x682.jpg 1024w, https:\/\/cuernavaca.gob.mx\/wp-content\/uploads\/2022\/06\/Capacitacio\u0301n-contra-discriminacio\u0301n-05-300x200.jpg 300w, https:\/\/cuernavaca.gob.mx\/wp-content\/uploads\/2022\/06\/Capacitacio\u0301n-contra-discriminacio\u0301n-05-768x512.jpg 768w, https:\/\/cuernavaca.gob.mx\/wp-content\/uploads\/2022\/06\/Capacitacio\u0301n-contra-discriminacio\u0301n-05-1536x1023.jpg 1536w, https:\/\/cuernavaca.gob.mx\/wp-content\/uploads\/2022\/06\/Capacitacio\u0301n-contra-discriminacio\u0301n-05-600x400.jpg 600w, https:\/\/cuernavaca.gob.mx\/wp-content\/uploads\/2022\/06\/Capacitacio\u0301n-contra-discriminacio\u0301n-05-560x373.jpg 560w, https:\/\/cuernavaca.gob.mx\/wp-content\/uploads\/2022\/06\/Capacitacio\u0301n-contra-discriminacio\u0301n-05.jpg 1600w\" sizes=\"(max-width: 1024px) 100vw, 1024px\" \/><\/figure>\n\n\n\n<figure class=\"wp-block-image size-large\"><img loading=\"lazy\" width=\"1024\" height=\"682\" data-id=\"14906\"  src=\"https:\/\/cuernavaca.gob.mx\/wp-content\/uploads\/2022\/06\/Capacitacio\u0301n-contra-discriminacio\u0301n-06-1024x682.jpg\" alt=\"\" class=\"wp-image-14906\" srcset=\"https:\/\/cuernavaca.gob.mx\/wp-content\/uploads\/2022\/06\/Capacitacio\u0301n-contra-discriminacio\u0301n-06-1024x682.jpg 1024w, https:\/\/cuernavaca.gob.mx\/wp-content\/uploads\/2022\/06\/Capacitacio\u0301n-contra-discriminacio\u0301n-06-300x200.jpg 300w, https:\/\/cuernavaca.gob.mx\/wp-content\/uploads\/2022\/06\/Capacitacio\u0301n-contra-discriminacio\u0301n-06-768x512.jpg 768w, https:\/\/cuernavaca.gob.mx\/wp-content\/uploads\/2022\/06\/Capacitacio\u0301n-contra-discriminacio\u0301n-06-1536x1023.jpg 1536w, https:\/\/cuernavaca.gob.mx\/wp-content\/uploads\/2022\/06\/Capacitacio\u0301n-contra-discriminacio\u0301n-06-600x400.jpg 600w, https:\/\/cuernavaca.gob.mx\/wp-content\/uploads\/2022\/06\/Capacitacio\u0301n-contra-discriminacio\u0301n-06-560x373.jpg 560w, https:\/\/cuernavaca.gob.mx\/wp-content\/uploads\/2022\/06\/Capacitacio\u0301n-contra-discriminacio\u0301n-06.jpg 1600w\" sizes=\"(max-width: 1024px) 100vw, 1024px\" \/><\/figure>\n\n\n\n<figure class=\"wp-block-image size-large\"><img loading=\"lazy\" width=\"1024\" height=\"682\" data-id=\"14911\"  src=\"https:\/\/cuernavaca.gob.mx\/wp-content\/uploads\/2022\/06\/Capacitacio\u0301n-contra-discriminacio\u0301n-07-1024x682.jpg\" alt=\"\" class=\"wp-image-14911\" srcset=\"https:\/\/cuernavaca.gob.mx\/wp-content\/uploads\/2022\/06\/Capacitacio\u0301n-contra-discriminacio\u0301n-07-1024x682.jpg 1024w, https:\/\/cuernavaca.gob.mx\/wp-content\/uploads\/2022\/06\/Capacitacio\u0301n-contra-discriminacio\u0301n-07-300x200.jpg 300w, https:\/\/cuernavaca.gob.mx\/wp-content\/uploads\/2022\/06\/Capacitacio\u0301n-contra-discriminacio\u0301n-07-768x512.jpg 768w, https:\/\/cuernavaca.gob.mx\/wp-content\/uploads\/2022\/06\/Capacitacio\u0301n-contra-discriminacio\u0301n-07-1536x1023.jpg 1536w, https:\/\/cuernavaca.gob.mx\/wp-content\/uploads\/2022\/06\/Capacitacio\u0301n-contra-discriminacio\u0301n-07-600x400.jpg 600w, https:\/\/cuernavaca.gob.mx\/wp-content\/uploads\/2022\/06\/Capacitacio\u0301n-contra-discriminacio\u0301n-07-560x373.jpg 560w, https:\/\/cuernavaca.gob.mx\/wp-content\/uploads\/2022\/06\/Capacitacio\u0301n-contra-discriminacio\u0301n-07.jpg 1600w\" sizes=\"(max-width: 1024px) 100vw, 1024px\" \/><\/figure>\n\n\n\n<figure class=\"wp-block-image size-large\"><img loading=\"lazy\" width=\"1024\" height=\"682\" data-id=\"14912\"  src=\"https:\/\/cuernavaca.gob.mx\/wp-content\/uploads\/2022\/06\/Capacitacio\u0301n-contra-discriminacio\u0301n-08-1024x682.jpg\" alt=\"\" class=\"wp-image-14912\" srcset=\"https:\/\/cuernavaca.gob.mx\/wp-content\/uploads\/2022\/06\/Capacitacio\u0301n-contra-discriminacio\u0301n-08-1024x682.jpg 1024w, https:\/\/cuernavaca.gob.mx\/wp-content\/uploads\/2022\/06\/Capacitacio\u0301n-contra-discriminacio\u0301n-08-300x200.jpg 300w, https:\/\/cuernavaca.gob.mx\/wp-content\/uploads\/2022\/06\/Capacitacio\u0301n-contra-discriminacio\u0301n-08-768x512.jpg 768w, https:\/\/cuernavaca.gob.mx\/wp-content\/uploads\/2022\/06\/Capacitacio\u0301n-contra-discriminacio\u0301n-08-1536x1023.jpg 1536w, https:\/\/cuernavaca.gob.mx\/wp-content\/uploads\/2022\/06\/Capacitacio\u0301n-contra-discriminacio\u0301n-08-600x400.jpg 600w, https:\/\/cuernavaca.gob.mx\/wp-content\/uploads\/2022\/06\/Capacitacio\u0301n-contra-discriminacio\u0301n-08-560x373.jpg 560w, https:\/\/cuernavaca.gob.mx\/wp-content\/uploads\/2022\/06\/Capacitacio\u0301n-contra-discriminacio\u0301n-08.jpg 1600w\" sizes=\"(max-width: 1024px) 100vw, 1024px\" \/><\/figure>\n<\/figure>\n","protected":false},"excerpt":{"rendered":"<p>El Ayuntamiento de Cuernavaca a trav\u00e9s del Departamento de Diversidad Sexual, hizo entrega constancias de la&nbsp; capacitaci\u00f3n que se otorg\u00f3 al personal de la Comisi\u00f3n de Derecho Humanos del Estado de Morelos (CDHEM), sobre&nbsp; &#8220;Protocolo para el Acceso sin Discriminaci\u00f3n a la Prestaci\u00f3n de Servicios de Atenci\u00f3n M\u00e9dica de las personas LGBTTTIQ&#8221;. Con dicha capacitaci\u00f3n [&hellip;]<\/p>\n","protected":false},"author":1,"featured_media":14909,"comment_status":"closed","ping_status":"closed","sticky":false,"template":"","format":"standard","meta":[],"categories":[862,20],"tags":[1260,121,684,678,120,631],"aioseo_notices":[],"_links":{"self":[{"href":"https:\/\/cuernavaca.gob.mx\/index.php?rest_route=\/wp\/v2\/posts\/14904"}],"collection":[{"href":"https:\/\/cuernavaca.gob.mx\/index.php?rest_route=\/wp\/v2\/posts"}],"about":[{"href":"https:\/\/cuernavaca.gob.mx\/index.php?rest_route=\/wp\/v2\/types\/post"}],"author":[{"embeddable":true,"href":"https:\/\/cuernavaca.gob.mx\/index.php?rest_route=\/wp\/v2\/users\/1"}],"replies":[{"embeddable":true,"href":"https:\/\/cuernavaca.gob.mx\/index.php?rest_route=%2Fwp%2Fv2%2Fcomments&post=14904"}],"version-history":[{"count":1,"href":"https:\/\/cuernavaca.gob.mx\/index.php?rest_route=\/wp\/v2\/posts\/14904\/revisions"}],"predecessor-version":[{"id":14913,"href":"https:\/\/cuernavaca.gob.mx\/index.php?rest_route=\/wp\/v2\/posts\/14904\/revisions\/14913"}],"wp:featuredmedia":[{"embeddable":true,"href":"https:\/\/cuernavaca.gob.mx\/index.php?rest_route=\/wp\/v2\/media\/14909"}],"wp:attachment":[{"href":"https:\/\/cuernavaca.gob.mx\/index.php?rest_route=%2Fwp%2Fv2%2Fmedia&parent=14904"}],"wp:term":[{"taxonomy":"category","embeddable":true,"href":"https:\/\/cuernavaca.gob.mx\/index.php?rest_route=%2Fwp%2Fv2%2Fcategories&post=14904"},{"taxonomy":"post_tag","embeddable":true,"href":"https:\/\/cuernavaca.gob.mx\/index.php?rest_route=%2Fwp%2Fv2%2Ftags&post=14904"}],"curies":[{"name":"wp","href":"https:\/\/api.w.org\/{rel}","templated":true}]}}